{"id":452814,"date":"2025-10-10T15:28:12","date_gmt":"2025-10-10T15:28:12","guid":{"rendered":"https:\/\/www.europesays.com\/fr\/452814\/"},"modified":"2025-10-10T15:28:12","modified_gmt":"2025-10-10T15:28:12","slug":"lentree-de-roger-federer-sur-le-court-central-de-shanghai","status":"publish","type":"post","link":"https:\/\/www.europesays.com\/fr\/452814\/","title":{"rendered":"L\u2019entr\u00e9e de Roger Federer sur le court central de Shanghai"},"content":{"rendered":"<p>                <img decoding=\"async\" src=\"https:\/\/www.europesays.com\/fr\/wp-content\/uploads\/2025\/10\/wzGV.jpg\" fetchpriority=\"high\" alt=\"Vid\u00e9o - L\u2019entr\u00e9e de Roger Federer sur le court central de Shanghai\"\/><\/p>\n<p>Vainqueur en 2014 et 2017, Roger Federer a fait son retour sur le sol chinois \u00e0 l\u2019occasion du Masters 1000 de Shanghai.<\/p>\n<p>Dans le cadre d&rsquo;un match opposant des c\u00e9l\u00e9brit\u00e9s, il est associ\u00e9 \u00e0 l\u2019acteur et r\u00e9alisateur Donnie Yen, et doit disputer un match de double contre la paire compos\u00e9e de Wu Lei (footballeur chinois) et de Zheng Jie (joueuse de tennis chinoise).<\/p>\n<p>Programm\u00e9 en derni\u00e8re rotation sur le court central, la l\u00e9gende a fait son entr\u00e9e sur le terrain : le tout sous les acclamations des fans pr\u00e9sents sur place.<\/p>\n<p><strong>Une vid\u00e9o \u00e0 d\u00e9couvrir ci-dessous.<\/strong><\/p>\n","protected":false},"excerpt":{"rendered":"Vainqueur en 2014 et 2017, Roger Federer a fait son retour sur le sol chinois \u00e0 l\u2019occasion du&hellip;\n","protected":false},"author":2,"featured_media":452815,"comment_status":"","ping_status":"","sticky":false,"template":"","format":"standard","meta":{"footnotes":""},"categories":[1415],"tags":[1011,27,60,1467],"class_list":{"0":"post-452814","1":"post","2":"type-post","3":"status-publish","4":"format-standard","5":"has-post-thumbnail","7":"category-tennis","8":"tag-fr","9":"tag-france","10":"tag-sports","11":"tag-tennis"},"share_on_mastodon":{"url":"https:\/\/pubeurope.com\/@fr\/115350583025302030","error":""},"_links":{"self":[{"href":"https:\/\/www.europesays.com\/fr\/wp-json\/wp\/v2\/posts\/452814","targetHints":{"allow":["GET"]}}],"collection":[{"href":"https:\/\/www.europesays.com\/fr\/wp-json\/wp\/v2\/posts"}],"about":[{"href":"https:\/\/www.europesays.com\/fr\/wp-json\/wp\/v2\/types\/post"}],"author":[{"embeddable":true,"href":"https:\/\/www.europesays.com\/fr\/wp-json\/wp\/v2\/users\/2"}],"replies":[{"embeddable":true,"href":"https:\/\/www.europesays.com\/fr\/wp-json\/wp\/v2\/comments?post=452814"}],"version-history":[{"count":0,"href":"https:\/\/www.europesays.com\/fr\/wp-json\/wp\/v2\/posts\/452814\/revisions"}],"wp:featuredmedia":[{"embeddable":true,"href":"https:\/\/www.europesays.com\/fr\/wp-json\/wp\/v2\/media\/452815"}],"wp:attachment":[{"href":"https:\/\/www.europesays.com\/fr\/wp-json\/wp\/v2\/media?parent=452814"}],"wp:term":[{"taxonomy":"category","embeddable":true,"href":"https:\/\/www.europesays.com\/fr\/wp-json\/wp\/v2\/categories?post=452814"},{"taxonomy":"post_tag","embeddable":true,"href":"https:\/\/www.europesays.com\/fr\/wp-json\/wp\/v2\/tags?post=452814"}],"curies":[{"name":"wp","href":"https:\/\/api.w.org\/{rel}","templated":true}]}}