{"id":452816,"date":"2025-10-10T15:30:18","date_gmt":"2025-10-10T15:30:18","guid":{"rendered":"https:\/\/www.europesays.com\/fr\/452816\/"},"modified":"2025-10-10T15:30:18","modified_gmt":"2025-10-10T15:30:18","slug":"laveu-inattendu-de-francesco-bagnaia-sur-marc-marquez","status":"publish","type":"post","link":"https:\/\/www.europesays.com\/fr\/452816\/","title":{"rendered":"l&rsquo;aveu inattendu de Francesco Bagnaia sur Marc M\u00e1rquez"},"content":{"rendered":"<p>La saison 2025 est loin d\u2019\u00eatre un conte de f\u00e9es pour Francesco Bagnaia. Accumulant les revers en MotoGP, comme le double abandon en Indon\u00e9sie, le pilote pi\u00e9montais peine \u00e0 dompter la Ducati GP25. Pourtant, dans cette temp\u00eate sportive, une lueur inattendue est apparue : sa relation avec Marc M\u00e1rquez, neuf fois champion du monde et nouvel alli\u00e9 ou rival au sein du team.<\/p>\n<p>Initialement inquiet de devoir partager son stand avec un pilote r\u00e9put\u00e9 difficile, Bagnaia admet avoir \u00e9t\u00e9 agr\u00e9ablement surpris. \u00ab Il m\u2019a surpris. \u00catre son co\u00e9quipier m\u2019a permis d\u2019apprendre \u00e9norm\u00e9ment \u00bb, a-t-il confi\u00e9 \u00e0 La Gazzetta dello Sport lors du Festival dello Sport de Trente.<\/p>\n<p>Une saison noire, mais des passions intactes<\/p>\n<p>Malgr\u00e9 les contre-performances, l\u2019Italien garde foi en Ducati, sa marque de c\u0153ur. \u00c9mu, il rappelle son r\u00eave d\u2019enfant. \u00ab Ducati, c\u2019est ma famille. \u00bb Pour garder le moral, il puise aussi son \u00e9nergie aupr\u00e8s de ses fans et de ses passions, comme la Formule 1 ou la Juventus.<\/p>\n<p>   Partagez cette info avec vos amis et vos proches en cliquant ici<br \/> Pour r\u00e9sumer<\/p>\n<p>En pleine crise en MotoGP 2025, Francesco Bagnaia surprend en louant Marc M\u00e1rquez, son co\u00e9quipier redout\u00e9 chez Ducati. D\u2019abord inquiet, il avoue avoir beaucoup appris de lui. Malgr\u00e9 les difficult\u00e9s, il reste fid\u00e8le \u00e0 Ducati et puise sa force dans ses passions et ses fans.<\/p>\n<p>R\u00e9dacteur<\/p>\n<p><img decoding=\"async\" width=\"76\" height=\"76\" loading=\"lazy\" src=\"https:\/\/www.europesays.com\/fr\/wp-content\/uploads\/2025\/09\/logo-juste-houngla.jpg\" alt=\"Juste Houngla\"\/><\/p>\n","protected":false},"excerpt":{"rendered":"La saison 2025 est loin d\u2019\u00eatre un conte de f\u00e9es pour Francesco Bagnaia. Accumulant les revers en MotoGP,&hellip;\n","protected":false},"author":2,"featured_media":452817,"comment_status":"","ping_status":"","sticky":false,"template":"","format":"standard","meta":{"footnotes":""},"categories":[1413],"tags":[1011,27,1457,1456,60],"class_list":{"0":"post-452816","1":"post","2":"type-post","3":"status-publish","4":"format-standard","5":"has-post-thumbnail","7":"category-moto","8":"tag-fr","9":"tag-france","10":"tag-moto","11":"tag-motocycle","12":"tag-sports"},"share_on_mastodon":{"url":"https:\/\/pubeurope.com\/@fr\/115350590933934537","error":""},"_links":{"self":[{"href":"https:\/\/www.europesays.com\/fr\/wp-json\/wp\/v2\/posts\/452816","targetHints":{"allow":["GET"]}}],"collection":[{"href":"https:\/\/www.europesays.com\/fr\/wp-json\/wp\/v2\/posts"}],"about":[{"href":"https:\/\/www.europesays.com\/fr\/wp-json\/wp\/v2\/types\/post"}],"author":[{"embeddable":true,"href":"https:\/\/www.europesays.com\/fr\/wp-json\/wp\/v2\/users\/2"}],"replies":[{"embeddable":true,"href":"https:\/\/www.europesays.com\/fr\/wp-json\/wp\/v2\/comments?post=452816"}],"version-history":[{"count":0,"href":"https:\/\/www.europesays.com\/fr\/wp-json\/wp\/v2\/posts\/452816\/revisions"}],"wp:featuredmedia":[{"embeddable":true,"href":"https:\/\/www.europesays.com\/fr\/wp-json\/wp\/v2\/media\/452817"}],"wp:attachment":[{"href":"https:\/\/www.europesays.com\/fr\/wp-json\/wp\/v2\/media?parent=452816"}],"wp:term":[{"taxonomy":"category","embeddable":true,"href":"https:\/\/www.europesays.com\/fr\/wp-json\/wp\/v2\/categories?post=452816"},{"taxonomy":"post_tag","embeddable":true,"href":"https:\/\/www.europesays.com\/fr\/wp-json\/wp\/v2\/tags?post=452816"}],"curies":[{"name":"wp","href":"https:\/\/api.w.org\/{rel}","templated":true}]}}