{"id":452821,"date":"2025-10-10T15:33:10","date_gmt":"2025-10-10T15:33:10","guid":{"rendered":"https:\/\/www.europesays.com\/fr\/452821\/"},"modified":"2025-10-10T15:33:10","modified_gmt":"2025-10-10T15:33:10","slug":"la-valeur-marchande-de-camavinga-a-chute","status":"publish","type":"post","link":"https:\/\/www.europesays.com\/fr\/452821\/","title":{"rendered":"la valeur marchande de Camavinga a chut\u00e9"},"content":{"rendered":"<p>La valeur marchande d\u2019Eduardo Camavinga est pass\u00e9e de 100 \u00e0 50 millions d\u2019euros en l\u2019espace de quelques mois, soit une baisse de 50 % selon le site sp\u00e9cialis\u00e9 Transfermarkt. Le milieu de terrain du <a href=\"https:\/\/www.footmercato.net\/club\/real-madrid\/\" rel=\"nofollow noopener\" target=\"_blank\">Real Madrid<\/a> peine \u00e0 retrouver son meilleur niveau apr\u00e8s une saison <a href=\"https:\/\/www.footmercato.net\/a4142220492656314377-real-madrid-fin-de-saison-pour-eduardo-camavinga\" rel=\"nofollow noopener\" target=\"_blank\">marqu\u00e9e par les blessures<\/a>. Depuis son retour, il n\u2019a disput\u00e9 que 76 minutes en 19 jours, loin de son r\u00f4le central d\u2019autrefois. Cette situation pousse Xabi Alonso, arriv\u00e9 sur le banc merengue, \u00e0 r\u00e9fl\u00e9chir \u00e0 la meilleure mani\u00e8re de le relancer dans un effectif o\u00f9 la concurrence s\u2019intensifie.<\/p>\n<p>            La suite apr\u00e8s cette publicit\u00e9<\/p>\n<p>Cette chute de valeur semble logique au vu de sa saison derni\u00e8re, marqu\u00e9e par quatre blessures et plus de 35 matchs manqu\u00e9s. Victime d\u2019une d\u00e9chirure musculaire en avril, puis d\u2019une entorse \u00e0 la cheville en d\u00e9but de saison, Camavinga peine \u00e0 encha\u00eener. Malgr\u00e9 tout, Xabi Alonso garde confiance : \u00ab il a un potentiel \u00e9norme, il est dynamique, capable de casser les lignes \u00bb, a-t-il d\u00e9clar\u00e9 apr\u00e8s la victoire 4-1 \u00e0 Levante. Fra\u00eechement convoqu\u00e9 en \u00e9quipe de France malgr\u00e9 son manque de rythme, le joueur de 22 ans esp\u00e8re <a href=\"https:\/\/www.footmercato.net\/a1988135898382602108-equipe-de-france-eduardo-camavinga-va-jouer-tres-gros\" rel=\"nofollow noopener\" target=\"_blank\">profiter de cette tr\u00eave internationale<\/a> pour retrouver du temps de jeu et enfin relancer sa jeune carri\u00e8re.<\/p>\n<p>\n    Pub. le 10\/10\/2025 16:11<br \/>\n            &#8211; MAJ le 10\/10\/2025 17:22\n    <\/p>\n","protected":false},"excerpt":{"rendered":"La valeur marchande d\u2019Eduardo Camavinga est pass\u00e9e de 100 \u00e0 50 millions d\u2019euros en l\u2019espace de quelques mois,&hellip;\n","protected":false},"author":2,"featured_media":48951,"comment_status":"","ping_status":"","sticky":false,"template":"","format":"standard","meta":{"footnotes":""},"categories":[1410],"tags":[63,1011,27,60],"class_list":{"0":"post-452821","1":"post","2":"type-post","3":"status-publish","4":"format-standard","5":"has-post-thumbnail","7":"category-football","8":"tag-football","9":"tag-fr","10":"tag-france","11":"tag-sports"},"share_on_mastodon":{"url":"https:\/\/pubeurope.com\/@fr\/115350602225883859","error":""},"_links":{"self":[{"href":"https:\/\/www.europesays.com\/fr\/wp-json\/wp\/v2\/posts\/452821","targetHints":{"allow":["GET"]}}],"collection":[{"href":"https:\/\/www.europesays.com\/fr\/wp-json\/wp\/v2\/posts"}],"about":[{"href":"https:\/\/www.europesays.com\/fr\/wp-json\/wp\/v2\/types\/post"}],"author":[{"embeddable":true,"href":"https:\/\/www.europesays.com\/fr\/wp-json\/wp\/v2\/users\/2"}],"replies":[{"embeddable":true,"href":"https:\/\/www.europesays.com\/fr\/wp-json\/wp\/v2\/comments?post=452821"}],"version-history":[{"count":0,"href":"https:\/\/www.europesays.com\/fr\/wp-json\/wp\/v2\/posts\/452821\/revisions"}],"wp:featuredmedia":[{"embeddable":true,"href":"https:\/\/www.europesays.com\/fr\/wp-json\/wp\/v2\/media\/48951"}],"wp:attachment":[{"href":"https:\/\/www.europesays.com\/fr\/wp-json\/wp\/v2\/media?parent=452821"}],"wp:term":[{"taxonomy":"category","embeddable":true,"href":"https:\/\/www.europesays.com\/fr\/wp-json\/wp\/v2\/categories?post=452821"},{"taxonomy":"post_tag","embeddable":true,"href":"https:\/\/www.europesays.com\/fr\/wp-json\/wp\/v2\/tags?post=452821"}],"curies":[{"name":"wp","href":"https:\/\/api.w.org\/{rel}","templated":true}]}}