{"id":452824,"date":"2025-10-10T15:35:21","date_gmt":"2025-10-10T15:35:21","guid":{"rendered":"https:\/\/www.europesays.com\/fr\/452824\/"},"modified":"2025-10-10T15:35:21","modified_gmt":"2025-10-10T15:35:21","slug":"une-grande-exposition-pour-un-grand-domaine-medialot","status":"publish","type":"post","link":"https:\/\/www.europesays.com\/fr\/452824\/","title":{"rendered":"Une grande exposition pour un \u00ab Grand Domaine \u00bb \u2013 Medialot"},"content":{"rendered":"<p>\n                          <a href=\"https:\/\/concessions.peugeot.fr\/cahors\" rel=\"nofollow noopener\" target=\"_blank\"><img loading=\"lazy\" decoding=\"async\" alt=\"\" width=\"300\" height=\"38\" src=\"https:\/\/www.europesays.com\/fr\/wp-content\/uploads\/2025\/04\/pub_GGB_s.gif\" class=\"size-full wp-image-128909 aligncenter lazyload\"\/><\/a><br \/>\nElle est \u00e0 voir dans le hall des locaux du D\u00e9partement \u00e0 la Cit\u00e9 Bessi\u00e8res.\u00a0<br \/>\n<a href=\"https:\/\/www.ecoutervoir.fr\" rel=\"nofollow noopener\" target=\"_blank\"><img loading=\"lazy\" decoding=\"async\" alt=\"\" width=\"300\" height=\"37\"  src=\"https:\/\/www.europesays.com\/fr\/wp-content\/uploads\/2025\/04\/ecouter-v-300x37.jpeg\" data- class=\"size-medium wp-image-163875 aligncenter lazyload\"\/><\/a><br \/>\n<a href=\"https:\/\/lot.fr\/actualites\/et-si-vieillir-devenait-une-aventure\" rel=\"nofollow noopener\" target=\"_blank\"><img loading=\"lazy\" decoding=\"async\" alt=\"\" width=\"300\" height=\"38\" src=\"https:\/\/www.europesays.com\/fr\/wp-content\/uploads\/2025\/09\/GIF-medialot-300-x-38_Assises-du-social-2025.gif\" class=\"size-full wp-image-174242 aligncenter lazyload\"\/><\/a><\/p>\n<p>Jusqu\u2019au 10 novembre 2025, le hall des locaux du D\u00e9partement \u00e0 la Cit\u00e9 Bessi\u00e8res \u00e0 Cahors (\u00e0 deux pas du cin\u00e9ma Le Grand Palais) accueille l\u2019exposition \u00ab Grand Domaine \u00bb.<\/p>\n<p><a href=\"https:\/\/www.assureur-cahors.fr\" rel=\"nofollow noopener\" target=\"_blank\"><img loading=\"lazy\" decoding=\"async\" alt=\"\" width=\"300\" height=\"38\" src=\"https:\/\/www.europesays.com\/fr\/wp-content\/uploads\/2025\/04\/300x38.gif\" class=\"size-full wp-image-141871 aligncenter lazyload\"\/><\/a><\/p>\n<p>Le Grand Domaine, c\u2019est Boissor \u00e0 Luzech. L\u2019exposition retrace la r\u00e9sidence artistique conduite, entre novembre 2024 et juin 2025, par le photographe toulousain Ga\u00ebl Bonnefon au sein de ce complexe m\u00e9dico-social qui accompagne des personnes en situation de handicap. \u00c0 raison de trois jours toutes les deux semaines, Ga\u00ebl Bonnefon a partag\u00e9 le quotidien des personnes accueillies dans cette structure, suite \u00e0 un appel \u00e0 projets initi\u00e9 par le D\u00e9partement et l\u2019Association mutualiste agricole de Boissor.<\/p>\n<p><a href=\"https:\/\/chambert.com\/fr\/index.html\" rel=\"nofollow noopener\" target=\"_blank\"><img loading=\"lazy\" decoding=\"async\" alt=\"\" width=\"300\" height=\"38\" src=\"https:\/\/www.europesays.com\/fr\/wp-content\/uploads\/2025\/04\/chambert-2024-300x38-1.gif\" class=\"size-full wp-image-160827 aligncenter lazyload\"\/><\/a><\/p>\n<p>Le photographe a ainsi rencontr\u00e9 les travailleurs de l\u2019ESAT, les jeunes de l\u2019IME et les r\u00e9sidents des diff\u00e9rents foyers de vie. Au fil de ses immersions, l\u2019artiste a anim\u00e9 des ateliers photographiques (cyanotype, st\u00e9nop\u00e9, argentique, num\u00e9rique), tout en nouant une v\u00e9ritable relation de confiance avec les participants. Il en r\u00e9sulte une s\u00e9rie de portraits et de paysages qui se m\u00ealent aux archives du site, ouvert depuis 1967, dans lesquelles Ga\u00ebl Bonnefon s\u2019est plong\u00e9. \u00ab A tous les r\u00e9sidents de Boissor, c\u2019est un honneur de vous conna\u00eetre \u00bb, t\u00e9moigne aujourd\u2019hui le photographe.<\/p>\n<p><a href=\"https:\/\/piscinesservices46.fr\" rel=\"nofollow noopener\" target=\"_blank\"><img loading=\"lazy\" decoding=\"async\" alt=\"\" width=\"300\" height=\"38\" src=\"https:\/\/www.europesays.com\/fr\/wp-content\/uploads\/2025\/04\/ps46-bandeau.gif\" class=\"size-full wp-image-146807 aligncenter lazyload\"\/><\/a><\/p>\n<p>Le vernissage a rassembl\u00e9 un public nombreux, en pr\u00e9sence de Catherine Prunet, vice-pr\u00e9sidente du D\u00e9partement du Lot en charge de l\u2019\u00e9ducation, de la culture et de la jeunesse. Plusieurs r\u00e9sidents de Boissor ont d\u2019ailleurs immortalis\u00e9 l\u2019\u00e9v\u00e9nement avec leurs appareils, mettant en pratique les comp\u00e9tences photographiques acquises lors des ateliers.<\/p>\n<p><a href=\"https:\/\/www.facebook.com\/intermarcheBastieCahors?locale=fr_FR\" target=\"_blank\" rel=\"noopener noreferrer nofollow\"><img loading=\"lazy\" decoding=\"async\" alt=\"\" width=\"300\" height=\"38\" src=\"https:\/\/www.europesays.com\/fr\/wp-content\/uploads\/2025\/04\/intermarche-V2.gif\" class=\"aligncenter wp-image-111517 size-full lazyload\"\/><\/a><\/p>\n<p>\u00ab A travers cette r\u00e9sidence artistique, le D\u00e9partement du Lot r\u00e9affirme son engagement en faveur de l\u2019acc\u00e8s \u00e0 l\u2019art et \u00e0 la culture pour tous, notamment pour les personnes en situation de handicap \u00bb, a soulign\u00e9 Catherine Prunet. \u00ab Durant les six mois de son passage au sein de Boissor au fil de ses ateliers et des rencontres avec les r\u00e9sidents, Ga\u00ebl Bonnefon a su capter la lumi\u00e8re de chacun. Le r\u00e9sultat est l\u00e0. Celui d\u2019un travail sensible, p\u00e9tri de moments rares et suspendus, \u00e9mouvants au-del\u00e0 de la beaut\u00e9 des \u0153uvres. J\u2019invite les Lotois \u00e0 venir nombreux d\u00e9couvrir cette exposition qui illustre parfaitement notre volont\u00e9 de faire de la culture un vecteur d\u2019inclusion et de dignit\u00e9 pour tous, c\u2019est-\u00e0-dire, pour r\u00e9sumer les objectifs de notre projet de mandat \u00ab Lot A Venir \u00bb, faire vivre les droits culturels de chacun. \u00bb<\/p>\n<p><a href=\"https:\/\/www.lfccourtage.com\/\" rel=\"nofollow noopener\" target=\"_blank\"><img loading=\"lazy\" decoding=\"async\" alt=\"\" width=\"300\" height=\"38\" src=\"https:\/\/www.europesays.com\/fr\/wp-content\/uploads\/2025\/04\/lfc-courtage-bandeau-2.gif\" class=\"size-full wp-image-78799 aligncenter lazyload\"\/><\/a><\/p>\n<p>Un livre sera bient\u00f4t disponible pour conserver la m\u00e9moire de cette r\u00e9sidence. Afin de poursuivre cette belle collaboration, il sera r\u00e9alis\u00e9 comme il se doit par l\u2019imprimerie de Boissor.<\/p>\n<p><a href=\"https:\/\/www.europesays.com\/fr\/wp-content\/uploads\/2025\/04\/medialot-300x38-5.jpg\"><img loading=\"lazy\" decoding=\"async\" alt=\"\" width=\"300\" height=\"38\" src=\"https:\/\/www.europesays.com\/fr\/wp-content\/uploads\/2025\/04\/medialot-300x38-5.jpg\" class=\"size-full wp-image-150487 aligncenter lazyload\"\/><\/a><\/p>\n<p>L\u2019ensemble du projet a \u00e9t\u00e9 rendu possible gr\u00e2ce au soutien de la CFPPA du Lot et de l\u2019ARS Occitanie.<\/p>\n<p><a href=\"https:\/\/mtechalu46.com\" rel=\"nofollow noopener\" target=\"_blank\"><img loading=\"lazy\" decoding=\"async\" alt=\"\" width=\"300\" height=\"38\" src=\"https:\/\/www.europesays.com\/fr\/wp-content\/uploads\/2025\/04\/GIF-MTECH.gif\" class=\"size-full wp-image-163888 aligncenter lazyload\"\/><\/a><\/p>\n<p>&gt; Exposition en acc\u00e8s libre, du lundi au vendredi, de 8 h 30 \u00e0 12 h et de 13 h 30 \u00e0 16 h 30.<\/p>\n<p>Photo Jean-Baptiste Dos Ramos \/ D\u00e9partement du Lot<\/p>\n","protected":false},"excerpt":{"rendered":"Elle est \u00e0 voir dans le hall des locaux du D\u00e9partement \u00e0 la Cit\u00e9 Bessi\u00e8res.\u00a0 Jusqu\u2019au 10 novembre&hellip;\n","protected":false},"author":2,"featured_media":452825,"comment_status":"","ping_status":"","sticky":false,"template":"","format":"standard","meta":{"footnotes":""},"categories":[1358],"tags":[1348,1384,1385,1386,58,59,1011,27],"class_list":{"0":"post-452824","1":"post","2":"type-post","3":"status-publish","4":"format-standard","5":"has-post-thumbnail","7":"category-arts-et-design","8":"tag-arts","9":"tag-arts-and-design","10":"tag-arts-et-design","11":"tag-design","12":"tag-divertissement","13":"tag-entertainment","14":"tag-fr","15":"tag-france"},"share_on_mastodon":{"url":"https:\/\/pubeurope.com\/@fr\/115350610717700850","error":""},"_links":{"self":[{"href":"https:\/\/www.europesays.com\/fr\/wp-json\/wp\/v2\/posts\/452824","targetHints":{"allow":["GET"]}}],"collection":[{"href":"https:\/\/www.europesays.com\/fr\/wp-json\/wp\/v2\/posts"}],"about":[{"href":"https:\/\/www.europesays.com\/fr\/wp-json\/wp\/v2\/types\/post"}],"author":[{"embeddable":true,"href":"https:\/\/www.europesays.com\/fr\/wp-json\/wp\/v2\/users\/2"}],"replies":[{"embeddable":true,"href":"https:\/\/www.europesays.com\/fr\/wp-json\/wp\/v2\/comments?post=452824"}],"version-history":[{"count":0,"href":"https:\/\/www.europesays.com\/fr\/wp-json\/wp\/v2\/posts\/452824\/revisions"}],"wp:featuredmedia":[{"embeddable":true,"href":"https:\/\/www.europesays.com\/fr\/wp-json\/wp\/v2\/media\/452825"}],"wp:attachment":[{"href":"https:\/\/www.europesays.com\/fr\/wp-json\/wp\/v2\/media?parent=452824"}],"wp:term":[{"taxonomy":"category","embeddable":true,"href":"https:\/\/www.europesays.com\/fr\/wp-json\/wp\/v2\/categories?post=452824"},{"taxonomy":"post_tag","embeddable":true,"href":"https:\/\/www.europesays.com\/fr\/wp-json\/wp\/v2\/tags?post=452824"}],"curies":[{"name":"wp","href":"https:\/\/api.w.org\/{rel}","templated":true}]}}