{"id":452826,"date":"2025-10-10T15:36:12","date_gmt":"2025-10-10T15:36:12","guid":{"rendered":"https:\/\/www.europesays.com\/fr\/452826\/"},"modified":"2025-10-10T15:36:12","modified_gmt":"2025-10-10T15:36:12","slug":"une-nouvelle-vie-pour-les-ouvrages","status":"publish","type":"post","link":"https:\/\/www.europesays.com\/fr\/452826\/","title":{"rendered":"une nouvelle vie pour les ouvrages"},"content":{"rendered":"<p>Ce contenu est bloqu\u00e9 car vous n&rsquo;avez pas accept\u00e9 les cookies et autres traceurs.<\/p>\n<p>En cliquant sur \u00ab J\u2019accepte \u00bb, les cookies et autres traceurs seront d\u00e9pos\u00e9s et vous pourrez visualiser les contenus  (<a href=\"\" class=\"consentModule_policy\" target=\"_blank\" title=\"Consulter la politique de protection des donn\u00e9es du fournisseur\">plus d&rsquo;informations<\/a>).<\/p>\n<p>En cliquant sur \u00ab J\u2019accepte tous les cookies \u00bb, vous autorisez des d\u00e9p\u00f4ts de cookies et autres traceurs pour le stockage de vos donn\u00e9es sur nos sites et applications \u00e0 des fins de personnalisation et de ciblage publicitaire.<\/p>\n<p class=\"consentModule_secondaryText\">Vous gardez la possibilit\u00e9 de retirer votre consentement \u00e0 tout moment en consultant notre <a href=\"https:\/\/www.vosgesmatin.fr\/protection-des-donnees\" target=\"_blank\" title=\"Consulter notre politique de protection des donn\u00e9es\" rel=\"noopener\">politique de protection des donn\u00e9es<\/a>. <br \/>&#13;<br \/>\n            <a href=\"https:\/\/www.vosgesmatin.fr\/culture-loisirs\/2025\/10\/10\/javascript:Didomi.notice.show()\" class=\"consentModule_cmp\" target=\"_blank\" rel=\"noopener\">G\u00e9rer mes choix<\/a>&#13;\n        <\/p>\n<p>&#13;<br \/>\n                        J&rsquo;accepte&#13;<br \/>\n            J&rsquo;accepte tous les cookies&#13;\n        <\/p>\n<p>Ce salon s\u2019adresse aux personnes souhaitant se s\u00e9parer de leurs livres en les revendant \u00e0 des prix modiques, mais aussi \u00e0 celles d\u00e9sireuses d\u2019en acqu\u00e9rir d\u2019occasion \u00e0 des tarifs int\u00e9ressants. Une manifestation qui permet aux livres d\u2019avoir une seconde vie, tout en favorisant la lecture.<\/p>\n<p>Cette r\u00e9utilisation d\u2019ouvrages s\u2019inscrit pleinement dans l\u2019air du temps, celui du recyclage et des \u00e9conomies.<\/p>\n<p>  Des \u00e9crivains pr\u00e9sents<\/p>\n<p>L\u2019invit\u00e9 d\u2019honneur du salon, l\u2019\u00e9crivain local Alain No\u00ebl, d\u00e9dicacera ses ouvrages. La diversit\u00e9 de ses \u00e9crits t\u00e9moigne de nombreux centres d\u2019int\u00e9r\u00eat, avec toutefois un fil conducteur\u00a0: une inspiration nourrie par l\u2019abondance de notre actualit\u00e9, des r\u00e9flexions sur les sujets de soci\u00e9t\u00e9 et des interrogations sur la nature humaine.<\/p>\n<p>Ce contenu est bloqu\u00e9 car vous n&rsquo;avez pas accept\u00e9 les cookies et autres traceurs.<\/p>\n<p>En cliquant sur \u00ab J\u2019accepte \u00bb, les cookies et autres traceurs seront d\u00e9pos\u00e9s et vous pourrez visualiser les contenus  (<a href=\"\" class=\"consentModule_policy\" target=\"_blank\" title=\"Consulter la politique de protection des donn\u00e9es du fournisseur\">plus d&rsquo;informations<\/a>).<\/p>\n<p>En cliquant sur \u00ab J\u2019accepte tous les cookies \u00bb, vous autorisez des d\u00e9p\u00f4ts de cookies et autres traceurs pour le stockage de vos donn\u00e9es sur nos sites et applications \u00e0 des fins de personnalisation et de ciblage publicitaire.<\/p>\n<p class=\"consentModule_secondaryText\">Vous gardez la possibilit\u00e9 de retirer votre consentement \u00e0 tout moment en consultant notre <a href=\"https:\/\/www.vosgesmatin.fr\/protection-des-donnees\" target=\"_blank\" title=\"Consulter notre politique de protection des donn\u00e9es\" rel=\"noopener\">politique de protection des donn\u00e9es<\/a>. <br \/>&#13;<br \/>\n            <a href=\"https:\/\/www.vosgesmatin.fr\/culture-loisirs\/2025\/10\/10\/javascript:Didomi.notice.show()\" class=\"consentModule_cmp\" target=\"_blank\" rel=\"noopener\">G\u00e9rer mes choix<\/a>&#13;\n        <\/p>\n<p>&#13;<br \/>\n                        J&rsquo;accepte&#13;<br \/>\n            J&rsquo;accepte tous les cookies&#13;\n        <\/p>\n<p>Deux autres \u00e9crivains, Ondeline Chevalley et Daniel Casanova, seront \u00e9galement pr\u00e9sents.<\/p>\n<p>Les dessins des \u00e9l\u00e8ves de la classe de CE1, r\u00e9alis\u00e9s dans le cadre du concours de dessin sur le th\u00e8me \u00ab\u00a0Le lac des R\u00e9collets\u00a0\u00bb, seront expos\u00e9s, et chaque participant recevra un cadeau.<\/p>\n<p class=\"note\">Entr\u00e9e gratuite. Renseignements au 06\u00a078\u00a004\u00a065\u00a036.<\/p>\n","protected":false},"excerpt":{"rendered":"Ce contenu est bloqu\u00e9 car vous n&rsquo;avez pas accept\u00e9 les cookies et autres traceurs. En cliquant sur \u00ab&hellip;\n","protected":false},"author":2,"featured_media":452827,"comment_status":"","ping_status":"","sticky":false,"template":"","format":"standard","meta":{"footnotes":""},"categories":[1357],"tags":[1379,57848,35156,1687,58,1797,59,1011,27,1380],"class_list":{"0":"post-452826","1":"post","2":"type-post","3":"status-publish","4":"format-standard","5":"has-post-thumbnail","7":"category-livres","8":"tag-books","9":"tag-bulgneville","10":"tag-cc-terre-deau-88a","11":"tag-culture-loisirs","12":"tag-divertissement","13":"tag-edition-la-plaine","14":"tag-entertainment","15":"tag-fr","16":"tag-france","17":"tag-livres"},"share_on_mastodon":{"url":"https:\/\/pubeurope.com\/@fr\/115350613768832482","error":""},"_links":{"self":[{"href":"https:\/\/www.europesays.com\/fr\/wp-json\/wp\/v2\/posts\/452826","targetHints":{"allow":["GET"]}}],"collection":[{"href":"https:\/\/www.europesays.com\/fr\/wp-json\/wp\/v2\/posts"}],"about":[{"href":"https:\/\/www.europesays.com\/fr\/wp-json\/wp\/v2\/types\/post"}],"author":[{"embeddable":true,"href":"https:\/\/www.europesays.com\/fr\/wp-json\/wp\/v2\/users\/2"}],"replies":[{"embeddable":true,"href":"https:\/\/www.europesays.com\/fr\/wp-json\/wp\/v2\/comments?post=452826"}],"version-history":[{"count":0,"href":"https:\/\/www.europesays.com\/fr\/wp-json\/wp\/v2\/posts\/452826\/revisions"}],"wp:featuredmedia":[{"embeddable":true,"href":"https:\/\/www.europesays.com\/fr\/wp-json\/wp\/v2\/media\/452827"}],"wp:attachment":[{"href":"https:\/\/www.europesays.com\/fr\/wp-json\/wp\/v2\/media?parent=452826"}],"wp:term":[{"taxonomy":"category","embeddable":true,"href":"https:\/\/www.europesays.com\/fr\/wp-json\/wp\/v2\/categories?post=452826"},{"taxonomy":"post_tag","embeddable":true,"href":"https:\/\/www.europesays.com\/fr\/wp-json\/wp\/v2\/tags?post=452826"}],"curies":[{"name":"wp","href":"https:\/\/api.w.org\/{rel}","templated":true}]}}