{"id":452838,"date":"2025-10-10T15:43:08","date_gmt":"2025-10-10T15:43:08","guid":{"rendered":"https:\/\/www.europesays.com\/fr\/452838\/"},"modified":"2025-10-10T15:43:08","modified_gmt":"2025-10-10T15:43:08","slug":"je-nirai-jamais-chez-lui-laurent-ruquier-revele-quune-celebre-chanteuse-francaise-na-jamais-voulu-participer-aux-grosses-tetes-sur-rtl-ozap-com","status":"publish","type":"post","link":"https:\/\/www.europesays.com\/fr\/452838\/","title":{"rendered":"&quot;Je n&#039;irai jamais chez lui&quot; : Laurent Ruquier r\u00e9v\u00e8le qu&#039;une c\u00e9l\u00e8bre chanteuse fran\u00e7aise n&#039;a jamais voulu participer aux &quot;Grosses T\u00eates&quot; sur RTL &#8211; ozap.com"},"content":{"rendered":"<ol>\n<li><a href=\"https:\/\/news.google.com\/rss\/articles\/CBMi-wFBVV95cUxQdU9TNF9vSGFzQVk2dzNnY3ZmUEdUdmQ0OWhaaWEyX0JaX0RHMmxySldUaXBsS2NCUWRlVmJFMlAxZk5ra0k2ZmhDdlJvNjF5NV9zQVBnUTFBNVZmOURhR0ZzOGdBSzVlSlVZU2ZiNWN4OWV4YnJlc1ZscE4wWVphMkVVVmZQQmR5bXlNcWlTc1hINWNPdm4tUnUxUU1FdEkyWVVvVWZFS0paVWplczJEa2RKU05GTFBKNUtMd0xFa0lFQ2Vmbl9ibmllQVh3NS02NnpXZ3F6aXBSdi1HZnNjQWhWb1ZHTzBWdHRZeGVGaEk5SXlabUdqQlkzOA?oc=5\" target=\"_blank\" rel=\"nofollow noopener\">\u00ab\u00a0Je n&rsquo;irai jamais chez lui\u00a0\u00bb : Laurent Ruquier r\u00e9v\u00e8le qu&rsquo;une c\u00e9l\u00e8bre chanteuse fran\u00e7aise n&rsquo;a jamais voulu participer aux \u00ab\u00a0Grosses T\u00eates\u00a0\u00bb sur RTL<\/a>&nbsp;&nbsp;ozap.com<\/li>\n<li><a href=\"https:\/\/news.google.com\/rss\/articles\/CBMigwFBVV95cUxPaUpjZGVXa1hpZUExOGxTQ0tLSjY3LTVySXBtcjdMUlhRTVRmVTQwNDVMamFjcVVQbHlUSV8waWd1a2RYYzJWX1FhVUtsbWNKZjdidk9leHdjTTNXdHhuYllOSGhSeHZJUGd6Sl9nRWp0VHo5SlhZS2dnc25zNzJSNDlpRQ?oc=5\" target=\"_blank\" rel=\"nofollow noopener\">\u00ab\u00a0Je n&rsquo;irai jamais chez lui\u00a0\u00bb : Les Grosses t\u00eates, une grande chanteuse boycotte l&rsquo;\u00e9mission de Laurent Ruquier et il sait tr\u00e8s bien pourquoi<\/a>&nbsp;&nbsp;Yahoo Actualit\u00e9s<\/li>\n<li><a href=\"https:\/\/news.google.com\/rss\/articles\/CBMimwJBVV95cUxPLTJOQ01sWTVaaTg4ZnB1aFNMZERDU1FlM2pVa3ZlS2ZyVmN3Nl9qS3dNazlaSC10ZWdSd0dkNzVUdzdOWEVkSWF5Q09kRWhsREhuUHVoYVBUV01MbkI4ckI3U3FGZTdYNUJ3b0ZJaEttR0F4R2dEc2xraHlDZUFneklRYjl1d0ItMHRadzZLaE9rd1VJVFRIdmFWM0M4UVFBSmZaZndFMWxGdTNOMnp0YmRMVzNqMDRXSG5nQWIyOWZzRVZqQy1tWHdFUEw4VFYzdnAwNzFYWEIxaTlMb0ljbHFaaUFwdjhwVFcyNy11ZVRSWmRHMEpCTjRjRS1FVEJMWjJMZG9iNWNJT0J2c3pEcGg5VldLMm1hVUdz?oc=5\" target=\"_blank\" rel=\"nofollow noopener\">\u00ab\u00a0Je me suis fait \u00e0 l&rsquo;id\u00e9e de ne plus la recevoir\u00a0\u00bb : Laurent Ruquier explique pourquoi une c\u00e9l\u00e8bre chanteuse refuse de venir dans Les Grosses T\u00eates<\/a>&nbsp;&nbsp;programme-tv.net<\/li>\n<li><a href=\"https:\/\/news.google.com\/rss\/articles\/CBMi8wFBVV95cUxQT19VRDdscnhHRm13T2dEb2Q1OGFZMGMtWklSN21HMW5iTGhicWg2bVRmYmlsMjJVdnMzTEpHOXZSdEdJTUlobU5Ob29TdWhrN2tDdlgtVFVFT2lseDZnbUZETGs5c1ZhcjRIcGF5TDdmRzJlcnJEcEVkeWdNUzVDLUJXT0Zwdmt4WkROYkNFajlpaWl1cW43NkZyYWo5U0hLNXU0MjFDdjhWVm52Z01uMFhmSENQeXUxNVczX1BKYmtsTDdiMjY4MFJpUHR5UXBPOUZraVFkOGdjUVI1dHdYbEZrNWxSYkloN1pTem5BRmM3RzA?oc=5\" target=\"_blank\" rel=\"nofollow noopener\">Laurent Ruquier : cette chanteuse qui refuse de venir dans Les Grosses T\u00eates \u00e0 cause de lui<\/a>&nbsp;&nbsp;journaldesfemmes.fr<\/li>\n<li><a href=\"https:\/\/news.google.com\/rss\/articles\/CBMinAJBVV95cUxObm1qa0pzQnhrZUpMc00wdDc1cXdIUF9DQzlsNDdyN0wzYV9HdG9jR0VwRFZyZGloMmJqUGp5SDBiRHJ3MzZpS2V6N0FPV0VVSDZnRi1hcUtaUDJMc0dHRFFiTEdrdjcyWDhHTWdLWFBJUTVtUFd4QUFRMHZGbkhhTWlQWlpZRVNFS25POWwzXzhraGUtNUtXbVJiUy04dGladHdFY3pDS2NzYWlmakx1NDV5a3UwSlRFRG1BTl9OUWRLT05EcENQNTZIY1dxR0kwd0Q2WnNKcTBDNExlWDIwOGZVYlF5bmdGWWhUSTJVVU82NVVrTmJ3QndiUHZqSy10WTRmeVFfM0ZNX0RKVjdCdlU5dVMwWnB0bDNGQg?oc=5\" target=\"_blank\" rel=\"nofollow noopener\">\u00ab Les Grosses T\u00eates \u00bb : pourquoi Mireille Mathieu n\u2019ira jamais dans l\u2019\u00e9mission de Laurent Ruquier<\/a>&nbsp;&nbsp;Programme TV Ouest-France<\/li>\n<\/ol>\n","protected":false},"excerpt":{"rendered":"\u00ab\u00a0Je n&rsquo;irai jamais chez lui\u00a0\u00bb : Laurent Ruquier r\u00e9v\u00e8le qu&rsquo;une c\u00e9l\u00e8bre chanteuse fran\u00e7aise n&rsquo;a jamais voulu participer aux&hellip;\n","protected":false},"author":2,"featured_media":395849,"comment_status":"","ping_status":"","sticky":false,"template":"","format":"standard","meta":{"footnotes":""},"categories":[8],"tags":[58,59,1011,27],"class_list":{"0":"post-452838","1":"post","2":"type-post","3":"status-publish","4":"format-standard","5":"has-post-thumbnail","7":"category-divertissement","8":"tag-divertissement","9":"tag-entertainment","10":"tag-fr","11":"tag-france"},"share_on_mastodon":{"url":"https:\/\/pubeurope.com\/@fr\/115350641515556954","error":""},"_links":{"self":[{"href":"https:\/\/www.europesays.com\/fr\/wp-json\/wp\/v2\/posts\/452838","targetHints":{"allow":["GET"]}}],"collection":[{"href":"https:\/\/www.europesays.com\/fr\/wp-json\/wp\/v2\/posts"}],"about":[{"href":"https:\/\/www.europesays.com\/fr\/wp-json\/wp\/v2\/types\/post"}],"author":[{"embeddable":true,"href":"https:\/\/www.europesays.com\/fr\/wp-json\/wp\/v2\/users\/2"}],"replies":[{"embeddable":true,"href":"https:\/\/www.europesays.com\/fr\/wp-json\/wp\/v2\/comments?post=452838"}],"version-history":[{"count":0,"href":"https:\/\/www.europesays.com\/fr\/wp-json\/wp\/v2\/posts\/452838\/revisions"}],"wp:featuredmedia":[{"embeddable":true,"href":"https:\/\/www.europesays.com\/fr\/wp-json\/wp\/v2\/media\/395849"}],"wp:attachment":[{"href":"https:\/\/www.europesays.com\/fr\/wp-json\/wp\/v2\/media?parent=452838"}],"wp:term":[{"taxonomy":"category","embeddable":true,"href":"https:\/\/www.europesays.com\/fr\/wp-json\/wp\/v2\/categories?post=452838"},{"taxonomy":"post_tag","embeddable":true,"href":"https:\/\/www.europesays.com\/fr\/wp-json\/wp\/v2\/tags?post=452838"}],"curies":[{"name":"wp","href":"https:\/\/api.w.org\/{rel}","templated":true}]}}