{"id":452854,"date":"2025-10-10T15:52:43","date_gmt":"2025-10-10T15:52:43","guid":{"rendered":"https:\/\/www.europesays.com\/fr\/452854\/"},"modified":"2025-10-10T15:52:43","modified_gmt":"2025-10-10T15:52:43","slug":"nancy-exposition-au-temps-de-lart-deco-jusquau-dimanche-12-octobre","status":"publish","type":"post","link":"https:\/\/www.europesays.com\/fr\/452854\/","title":{"rendered":"Nancy. Exposition \u00ab\u00a0Au temps de l\u2019Art d\u00e9co\u00a0\u00bb jusqu\u2019au dimanche 12\u00a0octobre"},"content":{"rendered":"<p>Depuis ce jeudi, l\u2019association Ginkgo, en partenariat avec l\u2019association Garen et le cercle g\u00e9n\u00e9alogique de Nancy, propose une exposition \u00ab\u00a0Au temps de l\u2019Art d\u00e9co\u00a0\u00bb dans la salle paroissiale Saint-Joseph, 34, rue Victor-Prouv\u00e9 \u00e0 Nancy.<\/p>\n<p>\u00c0 cette occasion, il sera possible d\u2019admirer des photos, des panneaux sur les b\u00e2timents <a href=\"https:\/\/www.estrepublicain.fr\/culture-loisirs\/2025\/04\/06\/style-lieux-monument-tout-ce-qu-il-y-a-a-savoir-sur-l-art-deco-a-nancy\" target=\"_blank\" rel=\"noopener\">Art d\u00e9co<\/a> de la ville de Nancy, des jeux anciens, des postes de radio d\u2019\u00e9poque, des ouvrages \u00e0 regarder, de la vaisselle, des bijoux ou encore une superbe collection de vases Art d\u00e9co.<\/p>\n<p>Cette exposition est ouverte tous les jours de 11\u00a0h \u00e0 18\u00a0h. L\u2019entr\u00e9e est libre.<\/p>\n","protected":false},"excerpt":{"rendered":"Depuis ce jeudi, l\u2019association Ginkgo, en partenariat avec l\u2019association Garen et le cercle g\u00e9n\u00e9alogique de Nancy, propose une&hellip;\n","protected":false},"author":2,"featured_media":452855,"comment_status":"","ping_status":"","sticky":false,"template":"","format":"standard","meta":{"footnotes":""},"categories":[9635],"tags":[1111,11,1687,1704,1777,674,1011,27,775,1702,1703,12,2661,25],"class_list":{"0":"post-452854","1":"post","2":"type-post","3":"status-publish","4":"format-standard","5":"has-post-thumbnail","7":"category-nancy","8":"tag-actu","9":"tag-actualites","10":"tag-culture-loisirs","11":"tag-edition-nancy-et-agglomeration","12":"tag-eu","13":"tag-europe","14":"tag-fr","15":"tag-france","16":"tag-grand-est","17":"tag-nancy","18":"tag-nancy-ville-54b","19":"tag-news","20":"tag-patrimoine-culturel","21":"tag-republique-francaise"},"share_on_mastodon":{"url":"https:\/\/pubeurope.com\/@fr\/115350676702461501","error":""},"_links":{"self":[{"href":"https:\/\/www.europesays.com\/fr\/wp-json\/wp\/v2\/posts\/452854","targetHints":{"allow":["GET"]}}],"collection":[{"href":"https:\/\/www.europesays.com\/fr\/wp-json\/wp\/v2\/posts"}],"about":[{"href":"https:\/\/www.europesays.com\/fr\/wp-json\/wp\/v2\/types\/post"}],"author":[{"embeddable":true,"href":"https:\/\/www.europesays.com\/fr\/wp-json\/wp\/v2\/users\/2"}],"replies":[{"embeddable":true,"href":"https:\/\/www.europesays.com\/fr\/wp-json\/wp\/v2\/comments?post=452854"}],"version-history":[{"count":0,"href":"https:\/\/www.europesays.com\/fr\/wp-json\/wp\/v2\/posts\/452854\/revisions"}],"wp:featuredmedia":[{"embeddable":true,"href":"https:\/\/www.europesays.com\/fr\/wp-json\/wp\/v2\/media\/452855"}],"wp:attachment":[{"href":"https:\/\/www.europesays.com\/fr\/wp-json\/wp\/v2\/media?parent=452854"}],"wp:term":[{"taxonomy":"category","embeddable":true,"href":"https:\/\/www.europesays.com\/fr\/wp-json\/wp\/v2\/categories?post=452854"},{"taxonomy":"post_tag","embeddable":true,"href":"https:\/\/www.europesays.com\/fr\/wp-json\/wp\/v2\/tags?post=452854"}],"curies":[{"name":"wp","href":"https:\/\/api.w.org\/{rel}","templated":true}]}}