{"id":452866,"date":"2025-10-10T15:59:11","date_gmt":"2025-10-10T15:59:11","guid":{"rendered":"https:\/\/www.europesays.com\/fr\/452866\/"},"modified":"2025-10-10T15:59:11","modified_gmt":"2025-10-10T15:59:11","slug":"ils-ont-envie-detre-utiles","status":"publish","type":"post","link":"https:\/\/www.europesays.com\/fr\/452866\/","title":{"rendered":"Ils ont envie d&rsquo;\u00eatre utiles"},"content":{"rendered":"<p>            Par<br \/>\n        <strong><br \/>\n            <a href=\"https:\/\/actu.fr\/auteur\/lisa-rodrigues\" title=\"Consulter tous les articles de Lisa Rodrigues\" target=\"_blank\" rel=\"noopener\">Lisa Rodrigues<\/a><br \/>\n        <\/strong><\/p>\n<p>        Publi\u00e9 le<\/p>\n<p>            10 oct. 2025 \u00e0 16h56        <\/p>\n<p>On le sait et on le r\u00e9p\u00e8te, <a href=\"https:\/\/actu.fr\/auvergne-rhone-alpes\/grenoble_38185\/grenoble-ce-centre-medical-propose-un-rendez-vous-avec-un-medecin-dans-les-48h_62120917.html\" target=\"_blank\" rel=\"noopener\">l\u2019acc\u00e8s aux soins et \u00e0 un m\u00e9decin<\/a> peut relever du parcours du combattant. La ville de <a href=\"https:\/\/actu.fr\/auvergne-rhone-alpes\/grenoble_38185\" target=\"_blank\" rel=\"noopener\">Grenoble<\/a> n\u2019est pas \u00e9pargn\u00e9e par le probl\u00e8me. C\u2019est pour r\u00e9pondre \u00e0 cette demande qu\u2019un <strong>centre de sp\u00e9cialit\u00e9s m\u00e9dicales Odon-Vallet<\/strong> (CSMOV) est en projet \u00e0 Grenoble, port\u00e9e par l\u2019association du m\u00eame nom. Sa particularit\u00e9, outre de proposer des consultations de sp\u00e9cialistes, c\u2019est que les <strong>m\u00e9decins sont tous retrait\u00e9s<\/strong>. <br \/>Le Pr Herv\u00e9 Pelloux (PU-PH honoraire), jeune retrait\u00e9 du <a href=\"https:\/\/actu.fr\/tag\/chu-grenoble-alpes\" target=\"_blank\" rel=\"noopener\">CHU Grenoble-Alpes<\/a> o\u00f9 il \u00e9tait chef du service parasitologie-mycologie, fait partie de l\u2019\u00e9quipe en charge de monter le projet \u00e0 Grenoble.<\/p>\n<p>Une dizaine de m\u00e9decins int\u00e9ress\u00e9s<\/p>\n<p class=\" wall-content\">\u00ab\u00a0Ce centre permettra \u00e0 des m\u00e9decins retrait\u00e9s de tout le sillon alpin (Valence, Chamb\u00e9ry, Annecy) de continuer \u00e0 exercer pour offrir des consultations \u00e0 ce m\u00eame bassin d\u2019habitation\u00a0\u00bb, indique l\u2019association dans un communiqu\u00e9. Mais pour ouvrir ce centre, encore faut-il des m\u00e9decins.<\/p>\n<p class=\" wall-content\">S\u2019il ne compte pas lui-m\u00eame exercer dans ce futur lieu \u2013 la parasitologie n\u2019\u00e9tant pas la sp\u00e9cialit\u00e9 la plus demand\u00e9e -, le Pr Herv\u00e9 Pelloux se concentre sur son r\u00f4le de \u00ab\u00a0recruteur\u00a0\u00bb. <strong>Et ses confr\u00e8res sont plut\u00f4t r\u00e9ceptifs<\/strong>. \u00ab\u00a0J\u2019ai contact\u00e9 plusieurs de mes coll\u00e8gues. Une dizaine sont tr\u00e8s int\u00e9ress\u00e9s\u00a0\u00bb par le projet, assure le m\u00e9decin grenoblois.\u00a0<\/p>\n<blockquote class=\"ac-article-quote wall-content\">\n<p>Ce sont des gens avec une tr\u00e8s grosse exp\u00e9rience, qui sont \u00e0 la limite d&rsquo;\u00e2ge pour exercer sous leur statut actuel, ou des m\u00e9decins fatigu\u00e9s par la lourdeur administrative.<\/p>\n<p>    <strong>Pr Herv\u00e9 Pelloux<\/strong>\n            <\/p><\/blockquote>\n<p class=\" wall-content\">Dans l\u2019id\u00e9al, pour faire tourner correctement le centre, une petite trentaine de m\u00e9decins est n\u00e9cessaire.<\/p>\n<p><img decoding=\"async\" src=\"https:\/\/www.europesays.com\/fr\/wp-content\/uploads\/2025\/10\/centre-sante-specialistes-grenoble-640x427.jpg\" alt=\"\" width=\"640\" height=\"427\" loading=\"lazy\"\/>Deux centres \u00e0 Paris<\/p>\n<p>Le projet de CSMOV de Grenoble s&rsquo;inspire des deux centres fondateurs de l&rsquo;association, ouverts \u00e0 Paris d\u00e9but 2025. Une cinquantaine de m\u00e9decins retrait\u00e9s, dont 35 professeurs de renom, \u00e2g\u00e9s en moyenne de 71 ans y proposent des consultations dans 15 sp\u00e9cialit\u00e9s, dont la dermatologie, la gyn\u00e9cologie, la neurologie, la psychiatrie ou l&rsquo;ORL.<\/p>\n<p>\u00ab\u00a0Ils sont dans l\u2019excellence\u00a0\u00bb<\/p>\n<p class=\" wall-content\">Et le Pr Herv\u00e9 Pelloux l\u2019assure, ce n\u2019est pas parce que ces m\u00e9decins sont \u00e0 la retraite ou sur le point de l\u2019\u00eatre qu\u2019ils ne sont plus capables d\u2019exercer. \u00ab\u00a0Ils sont dans l\u2019excellence dans leur domaine respectifs et ils ont envie de continuer, d\u2019\u00eatre utiles !\u00a0\u00bb<\/p>\n<p>Votre r\u00e9gion, votre actu !<\/p>\n<p>Recevez chaque jour les infos qui comptent pour vous.<\/p>\n<p>\t<a href=\"https:\/\/actu.fr\/newsletter\" class=\"ac-btn ac-btn--corner ac-btn--medium ac-btn--blue800\" target=\"_blank\" rel=\"noopener\">S&rsquo;incrire<\/a><\/p>\n<p class=\" wall-content\">L\u2019avantage pour les praticiens exer\u00e7ant dans le centre, outre un \u00ab\u00a0petit compl\u00e9ment de retraite\u00a0\u00bb, c\u2019est la souplesse d\u2019activit\u00e9 : tous seront <strong>salari\u00e9s vacataires<\/strong>. Concr\u00e8tement, ils pourront exercer d\u2019une demi-journ\u00e9e \u00e0 deux jours par semaine en moyenne, selon leurs envies et leurs possibilit\u00e9s.<\/p>\n<p class=\" wall-content\">De plus, le centre permet de <strong>ne pas \u00ab\u00a0perdre leurs comp\u00e9tences\u00a0\u00bb<\/strong> et, pourquoi pas, d\u2019envisager leur transmission \u00e0 des internes ou m\u00e9decins stagiaires au sein du centre.<\/p>\n<p>Ouverture pr\u00e9vue fin 2026<\/p>\n<p class=\" wall-content\">En pratique, les consultations vont se faire en secteur 1, c\u2019est-\u00e0-dire <strong>sans d\u00e9passements d\u2019honoraires pour les patients<\/strong>. Si le projet de base concerne des m\u00e9decins sp\u00e9cialis\u00e9s, \u00ab\u00a0on aura <a href=\"https:\/\/actu.fr\/societe\/sante-pourquoi-est-il-aussi-difficile-de-trouver-un-medecin-traitant_57219424.html\" target=\"_blank\" rel=\"noopener\">probablement des g\u00e9n\u00e9ralistes<\/a> aussi, mais on n\u2019est qu\u2019en phase de prospection\u00a0\u00bb, glisse le Pr Herv\u00e9 Pelloux.<\/p>\n<p class=\" wall-content\">L\u2019association compte aussi s\u2019appuyer sur les collectivit\u00e9s locales, organismes de sant\u00e9, CHU, praticiens lib\u00e9raux et <a href=\"https:\/\/actu.fr\/auvergne-rhone-alpes\/grenoble_38185\/grenoble-en-tete-des-villes-les-plus-attractives-pour-les-start-up-en-france-hors-paris_44727975.html\" target=\"_blank\" rel=\"noopener\">nombreuses start-ups<\/a> dans la sant\u00e9 du bassin grenoblois pour lancer son projet et se mettre en lien avec des m\u00e9decins int\u00e9ress\u00e9s.<\/p>\n<p class=\" wall-content\">Reste d\u00e9sormais \u00e0 <strong>trouver un local<\/strong> d\u2019environ 350 m\u00b2, proche de la gare pour une meilleure accessibilit\u00e9. \u00ab\u00a0On a des pistes, assure le m\u00e9decin grenoblois. On vise une ouverture dans un an, sur le 2e ou 3e trimestre 2026.\u00a0\u00bb<\/p>\n<p class=\" wall-content\">Personnalisez votre actualit\u00e9 en ajoutant vos villes et m\u00e9dias en favori avec <a href=\"https:\/\/moncompte.actu.fr\" title=\"D\u00e9couvez Mon Actu\" rel=\"nofollow noopener\" data-trk=\"{&quot;cta&quot;:{&quot;action&quot;:&quot;https:\\\/\\\/moncompte.actu.fr&quot;,&quot;category&quot;:&quot;mon compte&quot;,&quot;from&quot;:&quot;article footer&quot;,&quot;name&quot;:&quot;Mon actu&quot;,&quot;type&quot;:&quot;cta&quot;}}\" target=\"_blank\">Mon Actu<\/a>.<\/p>\n","protected":false},"excerpt":{"rendered":"Par Lisa Rodrigues Publi\u00e9 le 10 oct. 2025 \u00e0 16h56 On le sait et on le r\u00e9p\u00e8te, l\u2019acc\u00e8s&hellip;\n","protected":false},"author":2,"featured_media":452867,"comment_status":"","ping_status":"","sticky":false,"template":"","format":"standard","meta":{"footnotes":""},"categories":[9566],"tags":[1111,11,2430,26052,1777,674,1011,27,2731,2673,12,25,71,104],"class_list":{"0":"post-452866","1":"post","2":"type-post","3":"status-publish","4":"format-standard","5":"has-post-thumbnail","7":"category-grenoble","8":"tag-actu","9":"tag-actualites","10":"tag-auvergne-rhone-alpes","11":"tag-chu-grenoble-alpes","12":"tag-eu","13":"tag-europe","14":"tag-fr","15":"tag-france","16":"tag-grenoble","17":"tag-medecins","18":"tag-news","19":"tag-republique-francaise","20":"tag-sante","21":"tag-societe"},"share_on_mastodon":{"url":"https:\/\/pubeurope.com\/@fr\/115350704995296820","error":""},"_links":{"self":[{"href":"https:\/\/www.europesays.com\/fr\/wp-json\/wp\/v2\/posts\/452866","targetHints":{"allow":["GET"]}}],"collection":[{"href":"https:\/\/www.europesays.com\/fr\/wp-json\/wp\/v2\/posts"}],"about":[{"href":"https:\/\/www.europesays.com\/fr\/wp-json\/wp\/v2\/types\/post"}],"author":[{"embeddable":true,"href":"https:\/\/www.europesays.com\/fr\/wp-json\/wp\/v2\/users\/2"}],"replies":[{"embeddable":true,"href":"https:\/\/www.europesays.com\/fr\/wp-json\/wp\/v2\/comments?post=452866"}],"version-history":[{"count":0,"href":"https:\/\/www.europesays.com\/fr\/wp-json\/wp\/v2\/posts\/452866\/revisions"}],"wp:featuredmedia":[{"embeddable":true,"href":"https:\/\/www.europesays.com\/fr\/wp-json\/wp\/v2\/media\/452867"}],"wp:attachment":[{"href":"https:\/\/www.europesays.com\/fr\/wp-json\/wp\/v2\/media?parent=452866"}],"wp:term":[{"taxonomy":"category","embeddable":true,"href":"https:\/\/www.europesays.com\/fr\/wp-json\/wp\/v2\/categories?post=452866"},{"taxonomy":"post_tag","embeddable":true,"href":"https:\/\/www.europesays.com\/fr\/wp-json\/wp\/v2\/tags?post=452866"}],"curies":[{"name":"wp","href":"https:\/\/api.w.org\/{rel}","templated":true}]}}