{"id":452868,"date":"2025-10-10T16:00:14","date_gmt":"2025-10-10T16:00:14","guid":{"rendered":"https:\/\/www.europesays.com\/fr\/452868\/"},"modified":"2025-10-10T16:00:14","modified_gmt":"2025-10-10T16:00:14","slug":"a-paris-comme-a-grenoble-des-medecins-retraites-pour-lutter-contre-les-deserts-medicaux","status":"publish","type":"post","link":"https:\/\/www.europesays.com\/fr\/452868\/","title":{"rendered":"\u00c0\u00a0Paris comme \u00e0 Grenoble, des m\u00e9decins retrait\u00e9s pour lutter contre les d\u00e9serts m\u00e9dicaux"},"content":{"rendered":"<p><strong>Moins d&rsquo;un an apr\u00e8s la cr\u00e9ation de deux premi\u00e8res antennes dans le 13e arrondissement de Paris, le Centre de sp\u00e9cialit\u00e9s m\u00e9dicales Odon Vallet (CSMOV) annonce l&rsquo;ouverture d&rsquo;un centre de sant\u00e9 \u00e0 Grenoble pour 2026. L&rsquo;id\u00e9e : lutter contre les d\u00e9serts m\u00e9dicaux en s&rsquo;appuyant sur des m\u00e9decins retrait\u00e9s. Il plaide \u00e9galement pour la cr\u00e9ation d&rsquo;un statut sp\u00e9cifique.<\/strong><\/p>\n<p>Face \u00e0 l&rsquo;\u00e9pineuse question des d\u00e9serts m\u00e9dicaux fran\u00e7ais, <a href=\"https:\/\/www.latribune.fr\/economie\/france\/deserts-medicaux-le-remede-prescrit-par-nicolas-revel-patron-de-l-ap-hp-1025954.html\" target=\"_blank\" rel=\"noopener\">qui promettent de grimper encore au cours des prochaines ann\u00e9es<strong> <\/strong><\/a>face \u00e0 la courbe des d\u00e9parts \u00e0 la retraite des m\u00e9decins, un nouveau projet r\u00eave de changer la donne. Et cela, sous une forme in\u00e9dite : le Centre de Sp\u00e9cialit\u00e9s M\u00e9dicales Odon Vallet (CSMOV), d\u00e9pos\u00e9 sous le statut d&rsquo;une association de loi 1901 (soutenue par la fondation Odon Vallet), se propose de r\u00e9employer des m\u00e9decins retrait\u00e9s afin qu&rsquo;ils viennent pr\u00eater main forte aux territoires qui ont en besoin.<\/p>\n","protected":false},"excerpt":{"rendered":"Moins d&rsquo;un an apr\u00e8s la cr\u00e9ation de deux premi\u00e8res antennes dans le 13e arrondissement de Paris, le Centre&hellip;\n","protected":false},"author":2,"featured_media":452869,"comment_status":"","ping_status":"","sticky":false,"template":"","format":"standard","meta":{"footnotes":""},"categories":[9566],"tags":[17,57854,1111,11,2430,1993,154,57853,1777,674,1011,27,2731,2673,12,471,25,9910],"class_list":{"0":"post-452868","1":"post","2":"type-post","3":"status-publish","4":"format-standard","5":"has-post-thumbnail","7":"category-grenoble","8":"tag-17","9":"tag-a-paris","10":"tag-actu","11":"tag-actualites","12":"tag-auvergne-rhone-alpes","13":"tag-comme","14":"tag-des","15":"tag-energie-et-industrie","16":"tag-eu","17":"tag-europe","18":"tag-fr","19":"tag-france","20":"tag-grenoble","21":"tag-medecins","22":"tag-news","23":"tag-pour","24":"tag-republique-francaise","25":"tag-retraites"},"share_on_mastodon":{"url":"https:\/\/pubeurope.com\/@fr\/115350708182404735","error":""},"_links":{"self":[{"href":"https:\/\/www.europesays.com\/fr\/wp-json\/wp\/v2\/posts\/452868","targetHints":{"allow":["GET"]}}],"collection":[{"href":"https:\/\/www.europesays.com\/fr\/wp-json\/wp\/v2\/posts"}],"about":[{"href":"https:\/\/www.europesays.com\/fr\/wp-json\/wp\/v2\/types\/post"}],"author":[{"embeddable":true,"href":"https:\/\/www.europesays.com\/fr\/wp-json\/wp\/v2\/users\/2"}],"replies":[{"embeddable":true,"href":"https:\/\/www.europesays.com\/fr\/wp-json\/wp\/v2\/comments?post=452868"}],"version-history":[{"count":0,"href":"https:\/\/www.europesays.com\/fr\/wp-json\/wp\/v2\/posts\/452868\/revisions"}],"wp:featuredmedia":[{"embeddable":true,"href":"https:\/\/www.europesays.com\/fr\/wp-json\/wp\/v2\/media\/452869"}],"wp:attachment":[{"href":"https:\/\/www.europesays.com\/fr\/wp-json\/wp\/v2\/media?parent=452868"}],"wp:term":[{"taxonomy":"category","embeddable":true,"href":"https:\/\/www.europesays.com\/fr\/wp-json\/wp\/v2\/categories?post=452868"},{"taxonomy":"post_tag","embeddable":true,"href":"https:\/\/www.europesays.com\/fr\/wp-json\/wp\/v2\/tags?post=452868"}],"curies":[{"name":"wp","href":"https:\/\/api.w.org\/{rel}","templated":true}]}}