{"id":452870,"date":"2025-10-10T16:01:10","date_gmt":"2025-10-10T16:01:10","guid":{"rendered":"https:\/\/www.europesays.com\/fr\/452870\/"},"modified":"2025-10-10T16:01:10","modified_gmt":"2025-10-10T16:01:10","slug":"la-deputee-marie-mesmeur-raconte-les-violences-en-geoles-israeliennes","status":"publish","type":"post","link":"https:\/\/www.europesays.com\/fr\/452870\/","title":{"rendered":"la d\u00e9put\u00e9e Marie Mesmeur raconte les violences en ge\u00f4les isra\u00e9liennes"},"content":{"rendered":"<p>            Par<br \/>\n        <strong><br \/>\n            <a href=\"https:\/\/actu.fr\/auteur\/laurene-fertin\" title=\"Consulter tous les articles de Laur\u00e8ne Fertin\" target=\"_blank\" rel=\"noopener\">Laur\u00e8ne Fertin<\/a><br \/>\n        <\/strong><\/p>\n<p>        Publi\u00e9 le<\/p>\n<p>            10 oct. 2025 \u00e0 15h50        <\/p>\n<p>\u00ab\u00a0Il \u00e9tait impossible de trouver autre chose dans leur regard que de la violence.\u00a0\u00bb<strong> Marie Mesmeur, d\u00e9put\u00e9e LFI<\/strong> de la 1\u02b3\u1d49 circonscription d\u2019Ille-et-Vilaine, a \u00e9t\u00e9 <strong>emprisonn\u00e9e<\/strong> dans <strong>les ge\u00f4les isra\u00e9liennes<\/strong> durant cinq jours, apr\u00e8s que <strong>le navire Sirius,<\/strong> sur lequel <a href=\"https:\/\/actu.fr\/bretagne\/rennes_35238\/je-pars-pour-gaza-la-deputee-lfi-marie-mesmeur-va-rejoindre-une-flottille-humanitaire-des-jeudi_63100306.html\" target=\"_blank\" rel=\"noopener\">elle voguait avec d\u2019autres humanitaires de la Global Sumud Flotilla<\/a>, a \u00e9t\u00e9 <strong>arraisonn\u00e9<\/strong> au large de Gaza, \u00ab\u2009\u00e0 seulement 63\u00a0km des c\u00f4tes palestiniennes\u2009\u00bb. Cinq jours au cours desquels elle dit avoir subi <a href=\"https:\/\/actu.fr\/bretagne\/rennes_35238\/sevices-humiliations-de-retour-en-france-la-deputee-marie-mesmeur-denonce-des-violences-par-israel_63268689.html\" target=\"_blank\" rel=\"noopener\"><strong>\u00ab\u2009violences\u2009\u00bb<\/strong> et <strong>\u00ab\u2009s\u00e9vices\u2009\u00bb<\/strong> de la part d\u2019Isra\u00ebl<\/a>. <a href=\"https:\/\/actu.fr\/bretagne\/rennes_35238\/flottille-pour-gaza-la-deputee-de-rennes-marie-mesmeur-est-libre-elle-va-bien_63264392.html\" target=\"_blank\" rel=\"noopener\">D\u00e9barqu\u00e9e en <\/a><strong><a href=\"https:\/\/actu.fr\/bretagne\/rennes_35238\/flottille-pour-gaza-la-deputee-de-rennes-marie-mesmeur-est-libre-elle-va-bien_63264392.html\" target=\"_blank\" rel=\"noopener\">Gr\u00e8ce<\/a>,<\/strong> puis arriv\u00e9e sur <strong>le tarmac de l\u2019a\u00e9roport de Paris-Orly,<\/strong> lundi 6 octobre, l\u2019\u00e9lue tenait une conf\u00e9rence de presse \u00e0 Rennes, jeudi 9 octobre.<\/p>\n<p class=\"ac-article-content__question wall-content\"><strong class=\"color-primary\">Actu : <\/strong>Vous avez \u00e9t\u00e9 intercept\u00e9e par l&rsquo;arm\u00e9e isra\u00e9lienne mercredi 1er octobre 2025. Comment cela s&rsquo;est-il pass\u00e9 exactement ?<\/p>\n<p class=\" wall-content\"><strong class=\"color-primary\">Marie Mesmeur : <\/strong>Nous avons \u00e9t\u00e9 interpell\u00e9s \u00e0 20h30, heure fran\u00e7aise. \u00c0 15h30, le lendemain, nous sommes enfin arriv\u00e9s au quai du port de Ashdod [l&rsquo;un des trois plus grands ports d&rsquo;Isra\u00ebl, N.D.L.R]. L&rsquo;arm\u00e9e a d&rsquo;abord fait descendre la moiti\u00e9 de mon \u00e9quipe. Moi, je suis sortie du bateau vers 21h- soit 24h\u00a0sans manger et sans boire. Ensuite, nous avons \u00e9t\u00e9 mis \u00e0 genoux devant un hangar durant deux heures.<\/p>\n<blockquote class=\"ac-article-quote wall-content\">\n<p>Alors que nous \u00e9tions \u00e0 genoux, Ben-Gvir, [Itamar Ben-Gvir, ministre de la S\u00e9curit\u00e9 nationale et dirigeant du parti d&rsquo;extr\u00eame droite Force juive, N.D.L.R] \u00e9tait pr\u00e9sent, avec des cam\u00e9ras : nous \u00e9tions insult\u00e9s, humili\u00e9s. Il y a eu un \u00e9lan de solidarit\u00e9, on a chant\u00e9 \u00ab\u00a0free Gaza\u00a0\u00bb et on a \u00e9t\u00e9 menott\u00e9 avec des Serflex, mains \u00e0 l&rsquo;arri\u00e8re du dos. Le sang ne passait plus.\u00a0<\/p>\n<p>    <strong>Marie Mesmeur<\/strong>\n            <\/p><\/blockquote>\n<p class=\" wall-content\"><strong class=\"color-primary\">M.M : <\/strong>J&rsquo;ai aussi \u00e9t\u00e9 balanc\u00e9e au sol. Un Fran\u00e7ais a eu la t\u00eate cogn\u00e9e contre le mur et a perdu un bout de dent. Une fois relev\u00e9s, nous sommes pass\u00e9s devant un hangar, compos\u00e9 de huit stands diff\u00e9rents. Nos affaires ont \u00e9t\u00e9 mises sur le c\u00f4t\u00e9. Nos sacs ont \u00e9t\u00e9 balanc\u00e9s. Nous avons \u00e9t\u00e9 enti\u00e8rement fouill\u00e9s dans une cabine. Tous nos effets personnels se rapportant \u00e0 Gaza et \u00e0 la Palestine ont \u00e9t\u00e9 vid\u00e9s.<\/p>\n<p>    <a href=\"https:\/\/www.google.com\/maps\/embed?pb=!1m18!1m12!1m3!1d306873.9322877978!2d34.538658897037635!3d31.81106986023975!2m3!1f0!2f0!3f0!3m2!1i1024!2i768!4f13.1!3m3!1m2!1s0x1502a37925d0974b%3A0x956d0fe8d3a5d1c6!2sPort%20of%20Ashdod!5e0!3m2!1sfr!2sfr!4v1760101755556!5m2!1sfr!2sfr\" title=\"Ouvrie le lien\" target=\"_blank\" rel=\"noopener\">Cliquez ici pour visualiser le contenu<\/a><\/p>\n<p class=\"ac-article-content__question wall-content\">Vous avez \u00e9t\u00e9 emprisonn\u00e9e pendant cinq jours. Quelles ont \u00e9t\u00e9 vos conditions de d\u00e9tention ?<\/p>\n<p class=\" wall-content\"><strong class=\"color-primary\">M.M : <\/strong>Nous \u00e9tions 14 femmes dans une cellule qui accueille cinq personnes. La nourriture est donn\u00e9e \u00e0 des heures totalement al\u00e9atoires pour nous perdre et on ne peut pas appeler cela de la nourriture &#8211; je tiens \u00e0 rappeler toutefois que le peuple palestinien, lui, n&rsquo;a rien et est affam\u00e9.<\/p>\n<p>Nous sommes r\u00e9veill\u00e9es toutes les trois heures. On nous change de cellule volontairement pour nous d\u00e9sorienter. Lors des transferts, certaines personnes avaient les yeux band\u00e9s. Nous avons gard\u00e9 les m\u00eames v\u00eatements durant six jours. Nous n&rsquo;avons pu prendre qu&rsquo;une seule douche. <\/p>\n<blockquote class=\"ac-article-quote wall-content\">\n<p>Nous avons hurl\u00e9 pour demander des m\u00e9dicaments. Dans ma cellule, il y avait une femme qui avait un cancer. Une autre faisait de l\u2019arythmie cardiaque. On n\u2019a jamais eu d\u2019eau potable ; l\u2019eau changeait de couleur trois fois par jour. Il y a eu des infections urinaires longues. <\/p>\n<p>    <strong>Marie Mesmeur<\/strong>\n            <\/p><\/blockquote>\n<p>Votre r\u00e9gion, votre actu !<\/p>\n<p>Recevez chaque jour les infos qui comptent pour vous.<\/p>\n<p>\t<a href=\"https:\/\/actu.fr\/newsletter\" class=\"ac-btn ac-btn--corner ac-btn--medium ac-btn--blue800\" target=\"_blank\" rel=\"noopener\">S&rsquo;incrire<\/a><\/p>\n<p class=\"ac-article-content__question wall-content\">\u00cates-vous pass\u00e9e devant un juge ?\n<\/p>\n<p class=\" wall-content\"><strong class=\"color-primary\">M.M : <\/strong>Je suis pass\u00e9e devant un juge en pr\u00e9sence de deux autres femmes, cela a dur\u00e9 cinq minutes. Ce dernier parlait en h\u00e9breu. Une femme faisait la traduction \u00e0 distance sur WhatsApp. Je n&rsquo;avais pas d&rsquo;avocat. On nous demande de nous taire lorsque nous posons des questions. Le juge nous a dit que nous \u00e9tions officiellement en garde \u00e0 vue pour avoir franchi ill\u00e9galement le territoire isra\u00e9lien &#8211; chose qui est totalement fausse car nous \u00e9tions encore dans les eaux internationales. J&rsquo;ai d\u00e9cid\u00e9 de garder le silence.\u00a0<\/p>\n<p class=\"ac-article-content__question wall-content\">Vous dites avoir subi des violences dans les ge\u00f4les. De(s) quelle(s) nature(s) \u00e9taient-elles ?<\/p>\n<p class=\" wall-content\"><strong class=\"color-primary\">M.M : <\/strong>Nous avons v\u00e9cu des violences physiques. Le dernier soir de notre incarc\u00e9ration, j&rsquo;ai \u00e9t\u00e9 battue car j&rsquo;ai tent\u00e9 de d\u00e9fendre deux de mes co-d\u00e9tenues qui \u00e9taient mises \u00e0 terre et violent\u00e9es par huit soldats. Celles-ci souhaitaient prendre des matelas pour dormir, alors qu&rsquo;encore une fois, nous avions \u00e9t\u00e9 chang\u00e9es de cellule, pour la troisi\u00e8me fois en cinq jours. <\/p>\n<blockquote class=\"ac-article-quote wall-content\">\n<p>Je me suis interpos\u00e9e et j&rsquo;ai pris plusieurs coups, dont je porte les traces encore aujourd&rsquo;hui. Apr\u00e8s cette sc\u00e8ne, ils nous ont fait rentrer dans notre cellule en nous nassant dans le fond de celle-ci [&#8230;]. Ils ont braqu\u00e9 des armes charg\u00e9es sur nous, nous ont mis en joue. Il y avait un chien. Ils ont emport\u00e9 deux femmes, dont l&rsquo;une, Reyes Rigo Cervilla, qui est toujours d\u00e9tenue dans les ge\u00f4les.<\/p>\n<p>    <strong>Marie Mesmeur<\/strong>\n            <\/p><\/blockquote>\n<p class=\" wall-content\"><strong class=\"color-primary\">M.M : <\/strong>Il faut rappeler que je suis d\u00e9put\u00e9e, blanche, europ\u00e9enne, j&rsquo;ai un capital culturel, social, je peux parler et communiquer. J&rsquo;ai \u00e9t\u00e9 d&rsquo;une certaine mani\u00e8re prot\u00e9g\u00e9e malgr\u00e9 ces violences. Imaginez, \u00e0 l&rsquo;inverse, ce qu&rsquo;ils sont capables de faire aux Palestiniens et Palestiniennes dans ces prisons.<\/p>\n<p class=\"ac-article-content__question wall-content\">Vous \u00e9voquez \u00e9galement des violences psychologiques ?<\/p>\n<p class=\" wall-content\"><strong class=\"color-primary\">M.M : <\/strong>En arrivant dans notre cellule, nous avons \u00e9t\u00e9 s\u00e9par\u00e9s des hommes avec qui nous \u00e9tions sur le bateau. Nous n&rsquo;avions le droit \u00e0 aucun contact. Dans notre cellule \u00e9galement, il y avait une grande banderole o\u00f9 il \u00e9tait \u00e9crit, en arabe \u00ab\u00a0new Gaza\u00a0\u00bb.\u00a0<\/p>\n<p>Deux t\u00e9l\u00e9visions ont par ailleurs \u00e9t\u00e9 install\u00e9es et diffusaient en continu les images du 7 octobre [de l&rsquo;attaque du Hamas sur Isra\u00ebl, le 7 octobre 2023, N.D.L.R], avec une musique incessante.<\/p>\n<p class=\"ac-article-content__question wall-content\">Vous avez retrouv\u00e9 des impacts de balles dans vos cellules, mais aussi des messages inscrits par les Palestiniens. <\/p>\n<p class=\" wall-content\"><strong class=\"color-primary\">M.M : <\/strong>Il y avait en effet des messages cach\u00e9s pour certains mais aussi d&rsquo;autres, \u00e9crits au mur. Beaucoup de cellules pour hommes ont \u00e9t\u00e9 repeintes avant que l&rsquo;on n\u2019arrive. Les cellules des femmes n&rsquo;ont sans doute pas eu le temps d&rsquo;\u00eatre effac\u00e9es. Les messages, \u00e9crits par les Palestiniens, rapportaient les dates d\u2019arrestation et de d\u00e9portations dans plusieurs prisons diff\u00e9rentes.<\/p>\n<blockquote class=\"ac-article-quote wall-content\">\n<p>Dans les cellules dans lesquelles j&rsquo;ai \u00e9t\u00e9 transf\u00e9r\u00e9e, il y avait \u00e9galement des impacts de balle au plafond mais aussi sur les murs. Il y avait un coin de la cour o\u00f9 se trouvait un amas de sang s\u00e9ch\u00e9. <\/p>\n<p>    <strong>Marie Mesmeur<\/strong>\n            <\/p><\/blockquote>\n<p class=\"ac-article-content__question wall-content\">Comment s&rsquo;est d\u00e9roul\u00e9e votre extradition ?\n<\/p>\n<p class=\" wall-content\"><strong class=\"color-primary\">M.M : <\/strong>Le dernier jour, nous avons \u00e9t\u00e9 enferm\u00e9s de 6h \u00e0 14h dans un bus sans aucune visibilit\u00e9 avec l&rsquo;ext\u00e9rieur : pas d&rsquo;heure, pas de nourriture, pas d&rsquo;eau, pas de possibilit\u00e9 de voir un m\u00e9decin alors que des personnes ont fait des malaises. Nous \u00e9tions 26 femmes et nous ne pouvions pas bouger. Nous avons d\u00fb faire nos besoins dans ce bus, et sous des cam\u00e9ras. <\/p>\n<p>Nous avons appris une demi-heure avant de rentrer \u00e0 l&rsquo;a\u00e9roport que nous allions en Gr\u00e8ce.  Nous sommes arriv\u00e9s \u00e0 Paris-Orly le 7 octobre \u00e0 14h, avec un tr\u00e8s bel accueil &#8211; mais qui n&rsquo;\u00e9tait pas aussi puissant qu&rsquo;en Gr\u00e8ce. Car en Gr\u00e8ce, le gouvernement a accompagn\u00e9 l&rsquo;arriv\u00e9e des participants alors que nous, notre consulat a \u00e9t\u00e9 plus bas que terre et n&rsquo;a pas prot\u00e9g\u00e9 les ressortissants fran\u00e7ais. <\/p>\n<p>Il ne s&rsquo;est pas assur\u00e9 de leur h\u00e9bergement, de leur retour. On se demande s&rsquo;il n&rsquo;y avait pas une intention de s\u00e9parer les participants fran\u00e7ais pour qu&rsquo;ils arrivent \u00e0 diff\u00e9rentes heures et \u00e9viter ainsi une mobilisation et un soutien \u00e0 Paris.\u00a0<\/p>\n<p class=\"ac-article-content__question wall-content\">Vous estimez, \u00e0 ce titre, que l&rsquo;\u00c9tat fran\u00e7ais n&rsquo;a pas \u00e9t\u00e9 la hauteur ?\n<\/p>\n<p class=\" wall-content\"><strong class=\"color-primary\">M.M : <\/strong>Nous avons \u00e9t\u00e9 livr\u00e9s \u00e0 nous-m\u00eames ; il y a des Fran\u00e7ais qui ont d\u00fb passer par Barcelone pour pouvoir rentrer en France. C&rsquo;\u00e9tait vraiment inadmissible. Macron n&rsquo;a pas eu un seul mot. Jean-No\u00ebl Barrot [ministre de l\u2019Europe et des Affaires \u00e9trang\u00e8res, N.D.L.R] a parl\u00e9 des passagers de la flottille comme des \u00ab\u00a0voyageurs\u00a0\u00bb. Nous savions que nous nous rendions dans un territoire o\u00f9 un g\u00e9nocide avait lieu, o\u00f9 l&rsquo;on savait que nous allions \u00eatre intercept\u00e9s par des criminels de guerre. Et Jean-No\u00ebl Barrot ose nous comparer \u00e0 des voyageurs.\u00a0<\/p>\n<p class=\"ac-article-content__question wall-content\">Qu&rsquo;allez vous faire prochainement ?\n<\/p>\n<p class=\" wall-content\"><strong class=\"color-primary\">M.M : <\/strong>Il faut continuer \u00e0 lutter. \u00c0 Rennes, ce soir \u00e0 18h30 [jeudi 9 octobre, N.D.L.R], il y a un rassemblement. Ce qui est certain, c&rsquo;est que nous retournerons \u00e0 Gaza. Une flottille, quelle qu&rsquo;elle soit, brisera le blocus \u00e0 l&rsquo;aide humanitaire et permettra d&rsquo;installer un corridor p\u00e9renne pour acheminer de l&rsquo;aide. Nous avons d\u00e9pos\u00e9 une proposition de r\u00e9solution \u00e0 l&rsquo;Assembl\u00e9e nationale qui porte 21 mesures imm\u00e9diates afin de mettre fin au g\u00e9nocide. <\/p>\n<p class=\" wall-content\">Personnalisez votre actualit\u00e9 en ajoutant vos villes et m\u00e9dias en favori avec <a href=\"https:\/\/moncompte.actu.fr\" title=\"D\u00e9couvez Mon Actu\" rel=\"nofollow noopener\" data-trk=\"{&quot;cta&quot;:{&quot;action&quot;:&quot;https:\\\/\\\/moncompte.actu.fr&quot;,&quot;category&quot;:&quot;mon compte&quot;,&quot;from&quot;:&quot;article footer&quot;,&quot;name&quot;:&quot;Mon actu&quot;,&quot;type&quot;:&quot;cta&quot;}}\" target=\"_blank\">Mon Actu<\/a>.<\/p>\n","protected":false},"excerpt":{"rendered":"Par Laur\u00e8ne Fertin Publi\u00e9 le 10 oct. 2025 \u00e0 15h50 \u00ab\u00a0Il \u00e9tait impossible de trouver autre chose dans&hellip;\n","protected":false},"author":2,"featured_media":452871,"comment_status":"","ping_status":"","sticky":false,"template":"","format":"standard","meta":{"footnotes":""},"categories":[2821],"tags":[1111,11,829,1777,674,1011,27,5643,12,584,25,104,240],"class_list":{"0":"post-452870","1":"post","2":"type-post","3":"status-publish","4":"format-standard","5":"has-post-thumbnail","7":"category-rennes","8":"tag-actu","9":"tag-actualites","10":"tag-bretagne","11":"tag-eu","12":"tag-europe","13":"tag-fr","14":"tag-france","15":"tag-guerre-israel-hamas","16":"tag-news","17":"tag-rennes","18":"tag-republique-francaise","19":"tag-societe","20":"tag-temoignage"},"share_on_mastodon":{"url":"https:\/\/pubeurope.com\/@fr\/115350712139968703","error":""},"_links":{"self":[{"href":"https:\/\/www.europesays.com\/fr\/wp-json\/wp\/v2\/posts\/452870","targetHints":{"allow":["GET"]}}],"collection":[{"href":"https:\/\/www.europesays.com\/fr\/wp-json\/wp\/v2\/posts"}],"about":[{"href":"https:\/\/www.europesays.com\/fr\/wp-json\/wp\/v2\/types\/post"}],"author":[{"embeddable":true,"href":"https:\/\/www.europesays.com\/fr\/wp-json\/wp\/v2\/users\/2"}],"replies":[{"embeddable":true,"href":"https:\/\/www.europesays.com\/fr\/wp-json\/wp\/v2\/comments?post=452870"}],"version-history":[{"count":0,"href":"https:\/\/www.europesays.com\/fr\/wp-json\/wp\/v2\/posts\/452870\/revisions"}],"wp:featuredmedia":[{"embeddable":true,"href":"https:\/\/www.europesays.com\/fr\/wp-json\/wp\/v2\/media\/452871"}],"wp:attachment":[{"href":"https:\/\/www.europesays.com\/fr\/wp-json\/wp\/v2\/media?parent=452870"}],"wp:term":[{"taxonomy":"category","embeddable":true,"href":"https:\/\/www.europesays.com\/fr\/wp-json\/wp\/v2\/categories?post=452870"},{"taxonomy":"post_tag","embeddable":true,"href":"https:\/\/www.europesays.com\/fr\/wp-json\/wp\/v2\/tags?post=452870"}],"curies":[{"name":"wp","href":"https:\/\/api.w.org\/{rel}","templated":true}]}}