{"id":452878,"date":"2025-10-10T16:05:10","date_gmt":"2025-10-10T16:05:10","guid":{"rendered":"https:\/\/www.europesays.com\/fr\/452878\/"},"modified":"2025-10-10T16:05:10","modified_gmt":"2025-10-10T16:05:10","slug":"nice-crise-des-bateaux-de-croisiere-sur-la-cote-dazur-des-mesures-fortes-annoncees","status":"publish","type":"post","link":"https:\/\/www.europesays.com\/fr\/452878\/","title":{"rendered":"Nice. Crise des bateaux de croisi\u00e8re sur la C\u00f4te d&rsquo;Azur : des mesures fortes annonc\u00e9es"},"content":{"rendered":"<p>            Par<br \/>\n        <strong><br \/>\n            <a href=\"https:\/\/actu.fr\/auteur\/ugo-maillard\" title=\"Consulter tous les articles de Ugo Maillard\" target=\"_blank\" rel=\"noopener\">Ugo Maillard<\/a><br \/>\n        <\/strong><\/p>\n<p>        Publi\u00e9 le<\/p>\n<p>            10 oct. 2025 \u00e0 17h56        <\/p>\n<p>Vers la fin d\u2019un feuilleton ouvert en janvier\u2009? Depuis<a href=\"https:\/\/actu.fr\/provence-alpes-cote-d-azur\/nice_06088\/nice-contre-les-bateaux-de-croisiere-christian-estrosi-prend-une-decision-radicale_62144948.html\" target=\"_blank\" rel=\"noopener\"> l\u2019annonce de Christian Estrosi<\/a> \u00e9voquant sa volont\u00e9 d\u2019<strong>interdire les bateaux de croisi\u00e8re<\/strong> de plus de 2\u2009500 passagers, tous les acteurs du secteur y sont all\u00e9s de leurs commentaires. Des <a href=\"https:\/\/actu.fr\/provence-alpes-cote-d-azur\/villefranche-sur-mer_06159\/nice-les-bateaux-de-croisiere-interdits-cette-commune-resiste-et-va-les-accueillir_62192955.html\" target=\"_blank\" rel=\"noopener\">maires de Villefranche-sur-Mer<\/a> et Cannes, <a href=\"https:\/\/actu.fr\/provence-alpes-cote-d-azur\/nice_06088\/interdiction-des-croisieres-a-nice-ce-que-la-mesure-drastique-pourrait-couter-aux-commerces_62457065.html\" target=\"_blank\" rel=\"noopener\">aux commer\u00e7ants<\/a> de la C\u00f4te d\u2019Azur, en passant par les croisi\u00e9ristes, chacun a avanc\u00e9 ses positions.<\/p>\n<p class=\" wall-content\">En juillet\u00a02025, l\u2019arr\u00eat\u00e9 pris par la mairie de Nice a \u00e9t\u00e9 <a href=\"https:\/\/actu.fr\/provence-alpes-cote-d-azur\/nice_06088\/mega-croisieres-a-nice-pas-competent-la-justice-donne-tort-a-christian-estrosi_62893638.html\" target=\"_blank\" rel=\"noopener\">jug\u00e9 ill\u00e9gal<\/a> par le tribunal administratif. Consciente de la demande \u00e9manant des pouvoirs publics, de Nice <a href=\"https:\/\/actu.fr\/provence-alpes-cote-d-azur\/cannes_06029\/croisieres-securite-travaux-de-la-croisette-le-maire-de-cannes-david-lisnard-repond_62999807.html\" target=\"_blank\" rel=\"noopener\">\u00e0 Cannes<\/a>, la pr\u00e9fecture des Alpes-Maritimes, autorit\u00e9 comp\u00e9tente en la mati\u00e8re, a repris la main sur le dossier des bateaux de croisi\u00e8re.<\/p>\n<p class=\" wall-content\">Comme <a href=\"https:\/\/actu.fr\/provence-alpes-cote-d-azur\/nice_06088\/nice-interdiction-des-bateaux-de-croisiere-sur-la-cote-d-azur-ou-en-est-on_63046532.html\" target=\"_blank\" rel=\"noopener\">nous l\u2019indiquions sur actu Nice<\/a>, d\u00e8s le mois d\u2019ao\u00fbt et \u00e0 l\u2019initiative des services de la pr\u00e9fecture des Alpes-Maritimes, <strong>un groupe de travail s\u2019est form\u00e9<\/strong> afin d\u2019\u00e9laborer une charte d\u00e9partementale consensuelle d\u2019accueil des navires de croisi\u00e8res dans les ports et sur le littoral de d\u00e9partement.<\/p>\n<p class=\" wall-content\">Voici ce qui en ressort.<\/p>\n<p>\u00ab\u2009Des mesures concr\u00e8tes et harmonis\u00e9es\u2009\u00bb<\/p>\n<p class=\" wall-content\">Ce vendredi 10\u00a0octobre 2025, le pr\u00e9fet des <a href=\"https:\/\/actu.fr\/provence-alpes-cote-d-azur\/alpes-maritimes_06\" target=\"_blank\" rel=\"noopener\">Alpes-Maritimes<\/a>, Laurent Hottiaux et le pr\u00e9fet maritime de la M\u00e9diterran\u00e9e, Christophe Lucas ont pr\u00e9sent\u00e9 des \u00ab\u2009mesures concr\u00e8tes et harmonis\u00e9es\u2009\u00bb aux collectivit\u00e9s et acteurs locaux.<\/p>\n<p class=\" wall-content\">La pr\u00e9fecture va mettre en place plusieurs mesures qui seront inscrites dans un arr\u00eat\u00e9 pr\u00e9fectoral, puis <strong>appliqu\u00e9es<\/strong>. Voici la liste.<\/p>\n<ul class=\" wall-content\">\n<li>Volume de d\u00e9barquement de passagers par port\u2009:<br \/>\u2014 Limit\u00e9 \u00e0 une moyenne annuelle de 2000 passagers d\u00e9barqu\u00e9s par escale et par port\u2009;<br \/>\u2014 Limit\u00e9 \u00e0 3000 passagers maximum d\u00e9barqu\u00e9s par escale et par port.<\/li>\n<li>Nombre d\u2019escales (les escales \u00e0 quai ne sont pas concern\u00e9es) par port\u2009:<br \/>\u2014 Limit\u00e9e \u00e0 1 par jour pour les navires de plus de 1300 passagers\u2009;<br \/>\u2014 Limitation plus forte en haute saison, en juillet et en ao\u00fbt, avec 15 navires par mois maxi<\/li>\n<li>En cas de pic de pollution (d\u00e9clar\u00e9e par l\u2019autorit\u00e9 pr\u00e9fectorale)\u2009:<br \/>\u2014 Niveau 1\u2009: r\u00e9duction des \u00e9missions \u00e0 partir de 3 milles nautiques des c\u00f4tes\u2009;<br \/>\u2014 Niveau 2\u2009: escale supprim\u00e9e.<\/li>\n<li>Obligation de signalement (capitainerie) \u00e0 la Dir Med de tout d\u00e9gagement de fum\u00e9e inhabituel. La capitainerie exigera au navire de prendre les mesures de r\u00e9duction des \u00e9missions pr\u00e9vue par la charte croisi\u00e8re durable.<\/li>\n<\/ul>\n<p>Votre r\u00e9gion, votre actu !<\/p>\n<p>Recevez chaque jour les infos qui comptent pour vous.<\/p>\n<p>\t<a href=\"https:\/\/actu.fr\/newsletter\" class=\"ac-btn ac-btn--corner ac-btn--medium ac-btn--blue800\" target=\"_blank\" rel=\"noopener\">S&rsquo;incrire<\/a><\/p>\n<blockquote class=\"ac-article-quote wall-content\">\n<p>Nous remercions tous les maires et acteurs \u00e9conomiques pour l&rsquo;esprit de responsabilit\u00e9 dont ils ont fait preuve dans l&rsquo;int\u00e9r\u00eat collectif de tous et partageons avec eux le souci de concilier la qualit\u00e9 de vie et un d\u00e9veloppement \u00e9conomique respectueux des enjeux d&rsquo;adaptation aux changements climatiques.<\/p>\n<p>    <strong>Laurent Hottiaux<\/strong><br \/>\n        Pr\u00e9fet des Alpes-Maritimes    <\/p><\/blockquote>\n<p class=\" wall-content\">\u00c0 noter que les navires des compagnies de croisi\u00e8re adh\u00e9rant \u00e0 la charte \u00ab\u2009Croisi\u00e8re durable en M\u00e9diterran\u00e9e\u2009\u00bb (version 2025) sont prioritaires pour les autorisations d\u2019escale.<\/p>\n<p class=\" wall-content\">Personnalisez votre actualit\u00e9 en ajoutant vos villes et m\u00e9dias en favori avec <a href=\"https:\/\/moncompte.actu.fr\" title=\"D\u00e9couvez Mon Actu\" rel=\"nofollow noopener\" data-trk=\"{&quot;cta&quot;:{&quot;action&quot;:&quot;https:\\\/\\\/moncompte.actu.fr&quot;,&quot;category&quot;:&quot;mon compte&quot;,&quot;from&quot;:&quot;article footer&quot;,&quot;name&quot;:&quot;Mon actu&quot;,&quot;type&quot;:&quot;cta&quot;}}\" target=\"_blank\">Mon Actu<\/a>.<\/p>\n","protected":false},"excerpt":{"rendered":"Par Ugo Maillard Publi\u00e9 le 10 oct. 2025 \u00e0 17h56 Vers la fin d\u2019un feuilleton ouvert en janvier\u2009?&hellip;\n","protected":false},"author":2,"featured_media":452879,"comment_status":"","ping_status":"","sticky":false,"template":"","format":"standard","meta":{"footnotes":""},"categories":[2819],"tags":[1111,11,2397,2380,1777,674,1011,27,12,2401,52,882,25],"class_list":{"0":"post-452878","1":"post","2":"type-post","3":"status-publish","4":"format-standard","5":"has-post-thumbnail","7":"category-nice","8":"tag-actu","9":"tag-actualites","10":"tag-christian-estrosi","11":"tag-croisiere","12":"tag-eu","13":"tag-europe","14":"tag-fr","15":"tag-france","16":"tag-news","17":"tag-nice","18":"tag-planete","19":"tag-provence-alpes-cote-dazur","20":"tag-republique-francaise"},"share_on_mastodon":{"url":"https:\/\/pubeurope.com\/@fr\/115350727955018194","error":""},"_links":{"self":[{"href":"https:\/\/www.europesays.com\/fr\/wp-json\/wp\/v2\/posts\/452878","targetHints":{"allow":["GET"]}}],"collection":[{"href":"https:\/\/www.europesays.com\/fr\/wp-json\/wp\/v2\/posts"}],"about":[{"href":"https:\/\/www.europesays.com\/fr\/wp-json\/wp\/v2\/types\/post"}],"author":[{"embeddable":true,"href":"https:\/\/www.europesays.com\/fr\/wp-json\/wp\/v2\/users\/2"}],"replies":[{"embeddable":true,"href":"https:\/\/www.europesays.com\/fr\/wp-json\/wp\/v2\/comments?post=452878"}],"version-history":[{"count":0,"href":"https:\/\/www.europesays.com\/fr\/wp-json\/wp\/v2\/posts\/452878\/revisions"}],"wp:featuredmedia":[{"embeddable":true,"href":"https:\/\/www.europesays.com\/fr\/wp-json\/wp\/v2\/media\/452879"}],"wp:attachment":[{"href":"https:\/\/www.europesays.com\/fr\/wp-json\/wp\/v2\/media?parent=452878"}],"wp:term":[{"taxonomy":"category","embeddable":true,"href":"https:\/\/www.europesays.com\/fr\/wp-json\/wp\/v2\/categories?post=452878"},{"taxonomy":"post_tag","embeddable":true,"href":"https:\/\/www.europesays.com\/fr\/wp-json\/wp\/v2\/tags?post=452878"}],"curies":[{"name":"wp","href":"https:\/\/api.w.org\/{rel}","templated":true}]}}