{"id":452888,"date":"2025-10-10T16:10:17","date_gmt":"2025-10-10T16:10:17","guid":{"rendered":"https:\/\/www.europesays.com\/fr\/452888\/"},"modified":"2025-10-10T16:10:17","modified_gmt":"2025-10-10T16:10:17","slug":"girondins-a-bordeaux-les-matchs-a-domicile-sont-tout-sauf-une-formalite-previent-jonathan-dagostino","status":"publish","type":"post","link":"https:\/\/www.europesays.com\/fr\/452888\/","title":{"rendered":"Girondins : \u201c\u00c0 Bordeaux, les matchs \u00e0 domicile sont tout sauf une formalit\u00e9\u201d pr\u00e9vient Jonathan d\u2019Agostino"},"content":{"rendered":"<p><img decoding=\"async\" src=\"https:\/\/www.europesays.com\/fr\/wp-content\/uploads\/2025\/10\/671_76fa1ee7d5dfff4e01d9ce16fb5480ec.jpg\" alt=\"Girondins : \u201c\u00c0 Bordeaux, les matchs \u00e0 domicile sont tout sauf une formalit\u00e9\u201d pr\u00e9vient Jonathan d\u2019Agostino\" class=\"img-responsive mt-3\"\/><\/p>\n<p class=\"text-center mb-3\" style=\"font-size: 14px\">\u00a9 Iconsport<\/p>\n<p>      <strong>Le Stade Atlantique, un d\u00e9fi mental pour les joueurs des Girondins de Bordeaux<\/strong><\/p>\n<p style=\"text-align: justify;\">\u00c9coutez ses propos ou lisez-les :<\/p>\n<p style=\"text-align: justify;\">\u00a0<\/p>\n<p>\u00a0<\/p>\n<p><strong>\u00ab\u00a0Tu es dans un club qui n&rsquo;est pas normal en N2\u00a0\u00bb<\/strong><\/p>\n<p style=\"text-align: justify;\">Jonathan d&rsquo;Agostino dans le <a href=\"https:\/\/www.youtube.com\/watch?v=aKfrZpcOt4s&amp;t=1350s\" target=\"_blank\" rel=\"noopener\">Talk sur WebGirondins<\/a> : \u00ab\u00a0Il va falloir que cette \u00e9quipe des Girondins de Bordeaux puisse confirmer et reproduire le m\u00eame type de match \u00e0 domicile, en particulier farce \u00e0 un gros : Avranches, Angoul\u00eame, Saint-Malo.<\/p>\n<p style=\"text-align: justify;\">Surtout, reproduire ces performances \u00e0 domicile. J&rsquo;ai \u00e9t\u00e9 assez surpris dans le D\u00e9brief \u00e0 Chaud qu&rsquo;on banalise un petit peu les matchs \u00e0 domicile. Alors que c&rsquo;est un club amateur et qu&rsquo;il y a un stade de 42 000 places dans le Stade Atlantique.<\/p>\n<p style=\"text-align: justify;\">Pour les adversaires c&rsquo;est un match qui est ultra motivant. Pour nos joueurs, je pense que la gestion mentale n&rsquo;est pas si \u00e9vidente que \u00e7a. Le public \u00e0 Bordeaux est tr\u00e8s difficile, \u00e7a r\u00e2le beaucoup parce qu&rsquo;on est habitu\u00e9 au haut niveau. On voit que les joueurs des Girondins n&rsquo;ont pas encore les codes et l&rsquo;appr\u00e9hension du contexte. D\u00e8s qu&rsquo;il y a une passe rat\u00e9e, tu l&rsquo;entends dans le stade, les joueurs aussi l&rsquo;entendent. Tu es dans un club qui n&rsquo;est pas normal en N2. Surtout, tu as des dirigeants qui ne font pas front avec les joueurs et le coach, quand tu es dans la gal\u00e8re, bien au contraire, ils se cachent tout le temps. Donc, tu es seul \u00e0 affronter plusieurs choses \u00e0 Bordeaux et je pense qu&rsquo;il ne faut pas le n\u00e9gliger ou le banaliser. \u00c7a fait plusieurs ann\u00e9es ou \u00e0 domicile ce n\u2019est pas une forteresse du tout pour les Girondins de Bordeaux.\u00a0\u00bb<\/p>\n<p style=\"text-align: justify;\">Le Stade Atlantique, un d\u00e9fi mental pour les joueurs des Girondins de Bordeaux. \u00c7a commence dans 8 jours avec la r\u00e9ception de la Roche Vend\u00e9e Football.<\/p>\n<p style=\"text-align: justify;\">\u00c0 lire &gt;&gt; <strong><a href=\"https:\/\/www.webgirondins.com\/actualite-girondins-girondins-le-poids-du-maillot-l-excuse-facile-pour-justifier-les-mauvais-resultats-130747\" target=\"_blank\" rel=\"noopener\">Girondins : \u00ab\u00a0Le poids du maillot\u00a0\u00bb, l&rsquo;excuse facile pour justifier les mauvais r\u00e9sultats<\/a><\/strong><\/p>\n","protected":false},"excerpt":{"rendered":"\u00a9 Iconsport Le Stade Atlantique, un d\u00e9fi mental pour les joueurs des Girondins de Bordeaux \u00c9coutez ses propos&hellip;\n","protected":false},"author":2,"featured_media":438454,"comment_status":"","ping_status":"","sticky":false,"template":"","format":"standard","meta":{"footnotes":""},"categories":[2817],"tags":[6253,1111,11,14172,18235,150,1997,3721,57857,57856,15335,1777,674,57855,1011,27,1987,14171,3388,12,2219,1653,47904,25,3333,6006,5234,3585,5238],"class_list":{"0":"post-452888","1":"post","2":"type-post","3":"status-publish","4":"format-standard","5":"has-post-thumbnail","7":"category-bordeaux","8":"tag-sauf","9":"tag-actu","10":"tag-actualites","11":"tag-agostino","12":"tag-appelle","13":"tag-apres","14":"tag-bordeaux","15":"tag-chroniqueur","16":"tag-confirmation","17":"tag-convaincant","18":"tag-domicile","19":"tag-eu","20":"tag-europe","21":"tag-formalite","22":"tag-fr","23":"tag-france","24":"tag-girondins","25":"tag-jonathan","26":"tag-matchs","27":"tag-news","28":"tag-nouvelle-aquitaine","29":"tag-poitiers","30":"tag-previent","31":"tag-republique-francaise","32":"tag-sont","33":"tag-succes","34":"tag-talk","35":"tag-tout","36":"tag-webgirondins"},"share_on_mastodon":{"url":"https:\/\/pubeurope.com\/@fr\/115350747979887574","error":""},"_links":{"self":[{"href":"https:\/\/www.europesays.com\/fr\/wp-json\/wp\/v2\/posts\/452888","targetHints":{"allow":["GET"]}}],"collection":[{"href":"https:\/\/www.europesays.com\/fr\/wp-json\/wp\/v2\/posts"}],"about":[{"href":"https:\/\/www.europesays.com\/fr\/wp-json\/wp\/v2\/types\/post"}],"author":[{"embeddable":true,"href":"https:\/\/www.europesays.com\/fr\/wp-json\/wp\/v2\/users\/2"}],"replies":[{"embeddable":true,"href":"https:\/\/www.europesays.com\/fr\/wp-json\/wp\/v2\/comments?post=452888"}],"version-history":[{"count":0,"href":"https:\/\/www.europesays.com\/fr\/wp-json\/wp\/v2\/posts\/452888\/revisions"}],"wp:featuredmedia":[{"embeddable":true,"href":"https:\/\/www.europesays.com\/fr\/wp-json\/wp\/v2\/media\/438454"}],"wp:attachment":[{"href":"https:\/\/www.europesays.com\/fr\/wp-json\/wp\/v2\/media?parent=452888"}],"wp:term":[{"taxonomy":"category","embeddable":true,"href":"https:\/\/www.europesays.com\/fr\/wp-json\/wp\/v2\/categories?post=452888"},{"taxonomy":"post_tag","embeddable":true,"href":"https:\/\/www.europesays.com\/fr\/wp-json\/wp\/v2\/tags?post=452888"}],"curies":[{"name":"wp","href":"https:\/\/api.w.org\/{rel}","templated":true}]}}