{"id":452893,"date":"2025-10-10T16:13:31","date_gmt":"2025-10-10T16:13:31","guid":{"rendered":"https:\/\/www.europesays.com\/fr\/452893\/"},"modified":"2025-10-10T16:13:31","modified_gmt":"2025-10-10T16:13:31","slug":"un-bouchon-monstre-a-la-sortie-de-lille-apres-un-accident-entre-trois-vehicules","status":"publish","type":"post","link":"https:\/\/www.europesays.com\/fr\/452893\/","title":{"rendered":"un bouchon monstre \u00e0 la sortie de Lille apr\u00e8s un accident entre trois v\u00e9hicules"},"content":{"rendered":"<p>            Par<br \/>\n        <strong><br \/>\n            <a href=\"https:\/\/actu.fr\/auteur\/nicolas-demollien\" title=\"Consulter tous les articles de Nicolas Demollien\" target=\"_blank\" rel=\"noopener\">Nicolas Demollien<\/a><br \/>\n        <\/strong><\/p>\n<p>        Publi\u00e9 le<\/p>\n<p>            10 oct. 2025 \u00e0 15h47<br \/>\n        ; mis \u00e0 jour le 10 oct. 2025 \u00e0 16h43    <\/p>\n<p>Il a fallu prendre son mal en patience ou, si possible, trouver un autre itin\u00e9raire. Ce vendredi 10 octobre 2025, un tr\u00e8s <b>important bouchon<\/b> s\u2019est form\u00e9 sur l\u2019<a href=\"https:\/\/actu.fr\/tag\/autoroute-1-a1\" target=\"_blank\" rel=\"noopener\">autoroute A1<\/a> \u00e0 la sortie de <a href=\"https:\/\/actu.fr\/hauts-de-france\/lille_59350\" target=\"_blank\" rel=\"noopener\">Lille<\/a> (Nord), apr\u00e8s un <a href=\"https:\/\/actu.fr\/tag\/accident\" target=\"_blank\" rel=\"noopener\">accident<\/a> <b>impliquant trois v\u00e9hicules<\/b>.<\/p>\n<p>Plusieurs kilom\u00e8tres de bouchon sur l\u2019A1, \u00e0 la sortie de Lille<\/p>\n<p class=\" wall-content\">Plus pr\u00e9cis\u00e9ment, la collision s\u2019est produite \u00e0 hauteur de <a href=\"https:\/\/actu.fr\/hauts-de-france\/seclin_59560\" target=\"_blank\" rel=\"noopener\">Seclin<\/a>, <b>500 m\u00e8tres avant l\u2019\u00e9changeur 19<\/b>, dans le <b>sens Lille-Paris<\/b>. Nous ignorons si des bless\u00e9s sont \u00e0 d\u00e9plorer.<\/p>\n<p class=\" wall-content\">\u00ab\u00a0La <b>voie de gauche est neutralis\u00e9e<\/b>. Un <b>bouchon de 8 kilom\u00e8tres, en augmentation<\/b>, s\u2019est form\u00e9 en amont de cet accident\u00a0\u00bb, confirmait-on du c\u00f4t\u00e9 de la pr\u00e9fecture aux alentours de 15h30. Et cette derni\u00e8re de recommander \u00ab\u00a0d\u2019\u00e9viter le secteur\u00a0\u00bb.<\/p>\n<p class=\" wall-content\">L\u2019accident s\u2019est finalement termin\u00e9 aux alentours de 16h20, permettant au bouchon de se r\u00e9sorber.<\/p>\n<p class=\" wall-content\">Personnalisez votre actualit\u00e9 en ajoutant vos villes et m\u00e9dias en favori avec <a href=\"https:\/\/moncompte.actu.fr\" title=\"D\u00e9couvez Mon Actu\" rel=\"nofollow noopener\" data-trk=\"{&quot;cta&quot;:{&quot;action&quot;:&quot;https:\\\/\\\/moncompte.actu.fr&quot;,&quot;category&quot;:&quot;mon compte&quot;,&quot;from&quot;:&quot;article footer&quot;,&quot;name&quot;:&quot;Mon actu&quot;,&quot;type&quot;:&quot;cta&quot;}}\" target=\"_blank\">Mon Actu<\/a>.<\/p>\n","protected":false},"excerpt":{"rendered":"Par Nicolas Demollien Publi\u00e9 le 10 oct. 2025 \u00e0 15h47 ; mis \u00e0 jour le 10 oct. 2025&hellip;\n","protected":false},"author":2,"featured_media":452894,"comment_status":"","ping_status":"","sticky":false,"template":"","format":"standard","meta":{"footnotes":""},"categories":[2815],"tags":[119,1111,11,9904,3542,1777,674,1011,27,811,1307,12,25,104],"class_list":{"0":"post-452893","1":"post","2":"type-post","3":"status-publish","4":"format-standard","5":"has-post-thumbnail","7":"category-lille","8":"tag-accident","9":"tag-actu","10":"tag-actualites","11":"tag-autoroute-1-a1","12":"tag-circulation","13":"tag-eu","14":"tag-europe","15":"tag-fr","16":"tag-france","17":"tag-hauts-de-france","18":"tag-lille","19":"tag-news","20":"tag-republique-francaise","21":"tag-societe"},"share_on_mastodon":{"url":"https:\/\/pubeurope.com\/@fr\/115350759362370081","error":""},"_links":{"self":[{"href":"https:\/\/www.europesays.com\/fr\/wp-json\/wp\/v2\/posts\/452893","targetHints":{"allow":["GET"]}}],"collection":[{"href":"https:\/\/www.europesays.com\/fr\/wp-json\/wp\/v2\/posts"}],"about":[{"href":"https:\/\/www.europesays.com\/fr\/wp-json\/wp\/v2\/types\/post"}],"author":[{"embeddable":true,"href":"https:\/\/www.europesays.com\/fr\/wp-json\/wp\/v2\/users\/2"}],"replies":[{"embeddable":true,"href":"https:\/\/www.europesays.com\/fr\/wp-json\/wp\/v2\/comments?post=452893"}],"version-history":[{"count":0,"href":"https:\/\/www.europesays.com\/fr\/wp-json\/wp\/v2\/posts\/452893\/revisions"}],"wp:featuredmedia":[{"embeddable":true,"href":"https:\/\/www.europesays.com\/fr\/wp-json\/wp\/v2\/media\/452894"}],"wp:attachment":[{"href":"https:\/\/www.europesays.com\/fr\/wp-json\/wp\/v2\/media?parent=452893"}],"wp:term":[{"taxonomy":"category","embeddable":true,"href":"https:\/\/www.europesays.com\/fr\/wp-json\/wp\/v2\/categories?post=452893"},{"taxonomy":"post_tag","embeddable":true,"href":"https:\/\/www.europesays.com\/fr\/wp-json\/wp\/v2\/tags?post=452893"}],"curies":[{"name":"wp","href":"https:\/\/api.w.org\/{rel}","templated":true}]}}