{"id":452903,"date":"2025-10-10T16:18:13","date_gmt":"2025-10-10T16:18:13","guid":{"rendered":"https:\/\/www.europesays.com\/fr\/452903\/"},"modified":"2025-10-10T16:18:13","modified_gmt":"2025-10-10T16:18:13","slug":"la-vogue-des-marrons-crispe-les-riverains-qui-reclament-la-fin-des-maneges-a-hurlements","status":"publish","type":"post","link":"https:\/\/www.europesays.com\/fr\/452903\/","title":{"rendered":"la Vogue des marrons crispe les riverains qui\u00a0r\u00e9clament la fin des \u00ab\u00a0man\u00e8ges \u00e0 hurlements\u00a0\u00bb"},"content":{"rendered":"<p>Depuis quelques jours, la Vogue des marrons est de retour sur le plateau croix-roussien. Si pour les uns, cette f\u00eate populaire, vieille de plus de 150 ans, fleure bon l\u2019automne, la barbe \u00e0 papa et les marrons chauds, pour d\u2019autres, elle repr\u00e9sente un calvaire long d\u2019un mois et demi.<\/p>\n<p>C\u2019est le cas de Brigitte, membre du collectif du 17-Octobre, un groupe de riverains cr\u00e9\u00e9 en 2023 pour r\u00e9clamer une Vogue \u00ab\u00a0apais\u00e9e\u00a0\u00bb, plus courte et moins bruyante. \u00ab\u00a0Chaque ann\u00e9e, quand je vois les camions de forains arriver, j\u2019ai mal au ventre\u00a0\u00bb, confie la jeune retrait\u00e9e.<\/p>\n<p>Pas un collectif de r\u00e2leurs \u201canti-Vogue\u201d<\/p>\n<p>\u00ab\u00a0Je n\u2019ai qu\u2019une envie, poursuit-elle, c\u2019est de me barrer. Mais ma vie est \u00e0 la Croix Rousse. On a fait le choix d\u2019habiter ce quartier parce que c\u2019est calme, on a une vie de village. C\u2019est&#8230;<\/p>\n","protected":false},"excerpt":{"rendered":"Depuis quelques jours, la Vogue des marrons est de retour sur le plateau croix-roussien. Si pour les uns,&hellip;\n","protected":false},"author":2,"featured_media":452904,"comment_status":"","ping_status":"","sticky":false,"template":"","format":"standard","meta":{"footnotes":""},"categories":[1889],"tags":[1111,11,2430,1687,2757,1777,674,3326,107,1011,27,2428,2756,12,25,2429,104],"class_list":{"0":"post-452903","1":"post","2":"type-post","3":"status-publish","4":"format-standard","5":"has-post-thumbnail","7":"category-lyon","8":"tag-actu","9":"tag-actualites","10":"tag-auvergne-rhone-alpes","11":"tag-culture-loisirs","12":"tag-edition-lyon-villeurbanne","13":"tag-eu","14":"tag-europe","15":"tag-fete-locale","16":"tag-fil-info","17":"tag-fr","18":"tag-france","19":"tag-lyon","20":"tag-lyon-bassin","21":"tag-news","22":"tag-republique-francaise","23":"tag-rhone","24":"tag-societe"},"share_on_mastodon":{"url":"https:\/\/pubeurope.com\/@fr\/115350778887322225","error":""},"_links":{"self":[{"href":"https:\/\/www.europesays.com\/fr\/wp-json\/wp\/v2\/posts\/452903","targetHints":{"allow":["GET"]}}],"collection":[{"href":"https:\/\/www.europesays.com\/fr\/wp-json\/wp\/v2\/posts"}],"about":[{"href":"https:\/\/www.europesays.com\/fr\/wp-json\/wp\/v2\/types\/post"}],"author":[{"embeddable":true,"href":"https:\/\/www.europesays.com\/fr\/wp-json\/wp\/v2\/users\/2"}],"replies":[{"embeddable":true,"href":"https:\/\/www.europesays.com\/fr\/wp-json\/wp\/v2\/comments?post=452903"}],"version-history":[{"count":0,"href":"https:\/\/www.europesays.com\/fr\/wp-json\/wp\/v2\/posts\/452903\/revisions"}],"wp:featuredmedia":[{"embeddable":true,"href":"https:\/\/www.europesays.com\/fr\/wp-json\/wp\/v2\/media\/452904"}],"wp:attachment":[{"href":"https:\/\/www.europesays.com\/fr\/wp-json\/wp\/v2\/media?parent=452903"}],"wp:term":[{"taxonomy":"category","embeddable":true,"href":"https:\/\/www.europesays.com\/fr\/wp-json\/wp\/v2\/categories?post=452903"},{"taxonomy":"post_tag","embeddable":true,"href":"https:\/\/www.europesays.com\/fr\/wp-json\/wp\/v2\/tags?post=452903"}],"curies":[{"name":"wp","href":"https:\/\/api.w.org\/{rel}","templated":true}]}}