{"id":452907,"date":"2025-10-10T16:21:13","date_gmt":"2025-10-10T16:21:13","guid":{"rendered":"https:\/\/www.europesays.com\/fr\/452907\/"},"modified":"2025-10-10T16:21:13","modified_gmt":"2025-10-10T16:21:13","slug":"linsolite-trouvaille-des-douanes-dans-des-chaussettes-cachait-un-trafic-a-20-milliards-de-dollars","status":"publish","type":"post","link":"https:\/\/www.europesays.com\/fr\/452907\/","title":{"rendered":"l&rsquo;insolite trouvaille des douanes dans des chaussettes cachait un trafic \u00e0 20 milliards de dollars"},"content":{"rendered":"<p>            Par<br \/>\n        <strong><br \/>\n            <a href=\"https:\/\/actu.fr\/auteur\/antoine-blanchet\" title=\"Consulter tous les articles de Antoine Blanchet\" rel=\"nofollow noopener\" target=\"_blank\">Antoine Blanchet<\/a><br \/>\n        <\/strong><\/p>\n<p>        Publi\u00e9 le<\/p>\n<p>            10 oct. 2025 \u00e0 18h06        <\/p>\n<p>Les douaniers le savent mieux que quiconque\u2009: les valises des voyageurs peuvent cacher des surprises. Ricardo B. est une confirmation de cette r\u00e8gle. Contr\u00f4l\u00e9 \u00e0 la <a href=\"https:\/\/actu.fr\/tag\/gare-de-l-est\" rel=\"nofollow noopener\" target=\"_blank\">gare de l\u2019Est<\/a> (<a href=\"https:\/\/actu.fr\/paris\/\" rel=\"nofollow noopener\" target=\"_blank\">Paris<\/a>) en f\u00e9vrier\u00a02024, ce ressortissant mexicain <a href=\"https:\/\/actu.fr\/ile-de-france\/paris_75056\/des-reptiles-retrouves-dans-des-chaussettes-gare-de-l-est-a-paris_60711938.html\" rel=\"nofollow noopener\" target=\"_blank\">transportait en toute ill\u00e9galit\u00e9<\/a><strong> des esp\u00e8ces de reptiles prot\u00e9g\u00e9es par la l\u00e9gislation<\/strong>. Les l\u00e9zards, convoit\u00e9s des trafiquants, \u00e9taient dissimul\u00e9s dans des chaussettes. Ce vendredi 10 octobre 2025, le tribunal correctionnel a condamn\u00e9 l\u2019individu, absent, \u00e0 10 mois de prison avec sursis. Il devra aussi s\u2019acquitter d\u2019une amende de 10 000 euros.\u00a0<\/p>\n<p>Un vivarium dans la valise<\/p>\n<p class=\" wall-content\">C\u2019est en revenant d\u2019un voyage \u00e0 Stuttgart que ce commer\u00e7ant Mexicain s\u2019est fait prendre le pied dans les \u00e9cailles par les douanes. Dans ses chaussettes, des bo\u00eetes et des sacs de toiles se cachaient un vrai vivarium\u2009: <strong>21 esp\u00e8ces dont quatre iguanes<\/strong> et six l\u00e9zards crocodiles de Chine. Tous sont reconnus comme esp\u00e8ces prot\u00e9g\u00e9es. En plus des bestioles, un pactole. Une<strong> somme de 15\u2009000\u00a0euros<\/strong> est saisie par les agents.<\/p>\n<p class=\" wall-content\">Auditionn\u00e9, le propri\u00e9taire des reptiles ne perd pas son sang-froid. Il explique \u00eatre venu du Mexique pour acheter ces animaux. L\u2019obtention de ces l\u00e9zards est une envie personnelle. C\u2019est via un forum que Ricardo B. a fait la connaissance d\u2019un vendeur. Un rendez-vous est fix\u00e9 dans un parking souterrain pr\u00e8s de la gare de Stuttgart. L\u2019argent retrouv\u00e9 sur lui aurait servi \u00e0 acheter les animaux. Le prix \u00e9tait de<strong> 1\u2009500\u00a0euros par iguane, et 400\u00a0euros par l\u00e9zard<\/strong>.<\/p>\n<p>Dix mois de prison avec sursis<\/p>\n<p class=\" wall-content\">Valise avec de l\u2019espace, Sopalin pour les d\u00e9jections\u2026 Aux enqu\u00eateurs, le suspect assure avoir voulu transporter les reptiles avec pr\u00e9caution. L\u2019avenir ne sera pas d\u2019accord avec cette affirmation. Plac\u00e9s au sein <a href=\"https:\/\/actu.fr\/normandie\/beauvoir_50042\/carnet-rose-au-parc-animalier-alligator-bay-en-baie-du-mont-saint-michel_62190942.html\" rel=\"nofollow noopener\" target=\"_blank\">du parc zoologique Alligator Bay<\/a> en Normandie, les reptiles amaigris et d\u00e9shydrat\u00e9s vont \u00eatre frapp\u00e9s d\u2019h\u00e9catombe. Neuf l\u00e9zards vont mourir. Selon les expertises, le stress occasionn\u00e9 par le changement de temp\u00e9ratures et le transport seraient les causes des d\u00e9c\u00e8s.<\/p>\n<p class=\" wall-content\">Pour la procureure, il ne faut pas s\u2019y tromper, cette insolite trouvaille cache une industrie de la d\u00e9linquance. \u00ab\u2009Ce trafic, c\u2019est <strong>20\u00a0milliards d\u2019euros g\u00e9n\u00e9r\u00e9s chaque ann\u00e9e<\/strong>. C\u2019est l\u2019un des plus lucratifs dans le monde. Pour s\u2019en convaincre, il suffit d\u2019aller dans les <a href=\"https:\/\/actu.fr\/tag\/aeroport-roissy-charles-de-gaulle\" rel=\"nofollow noopener\" target=\"_blank\">a\u00e9roports de Roissy<\/a> ou <a href=\"https:\/\/actu.fr\/tag\/aeroport-dorly\" rel=\"nofollow noopener\" target=\"_blank\">d\u2019Orly<\/a>. Le pr\u00e9venu, il avait l\u2019intention de revendre les l\u00e9zards tr\u00e8s chers\u2009\u00bb, d\u00e9nonce la magistrate. Elle demande <strong>dix mois de prison avec sursis ainsi que 9\u2009000 euros d\u2019amende douani\u00e8re.<\/strong><\/p>\n<p class=\" wall-content\">Finalement, le tribunal suit les r\u00e9quisitions du parquet et condamne Ricardo B. \u00e0 10 mois de prison avec sursis. Il devra payer l\u2019amende r\u00e9clam\u00e9e par les douanes et s\u2019acquitter aussi de 800 euros pour deux autres contraventions.\u00a0<\/p>\n<p class=\" wall-content\">Personnalisez votre actualit\u00e9 en ajoutant vos villes et m\u00e9dias en favori avec <a href=\"https:\/\/moncompte.actu.fr\" title=\"D\u00e9couvez Mon Actu\" rel=\"nofollow noopener\" data-trk=\"{&quot;cta&quot;:{&quot;action&quot;:&quot;https:\\\/\\\/moncompte.actu.fr&quot;,&quot;category&quot;:&quot;mon compte&quot;,&quot;from&quot;:&quot;article footer&quot;,&quot;name&quot;:&quot;Mon actu&quot;,&quot;type&quot;:&quot;cta&quot;}}\" target=\"_blank\">Mon Actu<\/a>.<\/p>\n","protected":false},"excerpt":{"rendered":"Par Antoine Blanchet Publi\u00e9 le 10 oct. 2025 \u00e0 18h06 Les douaniers le savent mieux que quiconque\u2009: les&hellip;\n","protected":false},"author":2,"featured_media":452908,"comment_status":"","ping_status":"","sticky":false,"template":"","format":"standard","meta":{"footnotes":""},"categories":[1888],"tags":[1111,1928,11,1927,1777,674,118,1011,27,10412,303,12,1926,626,1925,2694,25],"class_list":{"0":"post-452907","1":"post","2":"type-post","3":"status-publish","4":"format-standard","5":"has-post-thumbnail","7":"category-paris","8":"tag-actu","9":"tag-actu-paris","10":"tag-actualites","11":"tag-actualites-paris","12":"tag-eu","13":"tag-europe","14":"tag-faits-divers","15":"tag-fr","16":"tag-france","17":"tag-gare-de-lest","18":"tag-justice","19":"tag-news","20":"tag-news-paris","21":"tag-paris","22":"tag-paris-news","23":"tag-proces","24":"tag-republique-francaise"},"share_on_mastodon":{"url":"https:\/\/pubeurope.com\/@fr\/115350790833804541","error":""},"_links":{"self":[{"href":"https:\/\/www.europesays.com\/fr\/wp-json\/wp\/v2\/posts\/452907","targetHints":{"allow":["GET"]}}],"collection":[{"href":"https:\/\/www.europesays.com\/fr\/wp-json\/wp\/v2\/posts"}],"about":[{"href":"https:\/\/www.europesays.com\/fr\/wp-json\/wp\/v2\/types\/post"}],"author":[{"embeddable":true,"href":"https:\/\/www.europesays.com\/fr\/wp-json\/wp\/v2\/users\/2"}],"replies":[{"embeddable":true,"href":"https:\/\/www.europesays.com\/fr\/wp-json\/wp\/v2\/comments?post=452907"}],"version-history":[{"count":0,"href":"https:\/\/www.europesays.com\/fr\/wp-json\/wp\/v2\/posts\/452907\/revisions"}],"wp:featuredmedia":[{"embeddable":true,"href":"https:\/\/www.europesays.com\/fr\/wp-json\/wp\/v2\/media\/452908"}],"wp:attachment":[{"href":"https:\/\/www.europesays.com\/fr\/wp-json\/wp\/v2\/media?parent=452907"}],"wp:term":[{"taxonomy":"category","embeddable":true,"href":"https:\/\/www.europesays.com\/fr\/wp-json\/wp\/v2\/categories?post=452907"},{"taxonomy":"post_tag","embeddable":true,"href":"https:\/\/www.europesays.com\/fr\/wp-json\/wp\/v2\/tags?post=452907"}],"curies":[{"name":"wp","href":"https:\/\/api.w.org\/{rel}","templated":true}]}}