{"id":452914,"date":"2025-10-10T16:25:16","date_gmt":"2025-10-10T16:25:16","guid":{"rendered":"https:\/\/www.europesays.com\/fr\/452914\/"},"modified":"2025-10-10T16:25:16","modified_gmt":"2025-10-10T16:25:16","slug":"joseph-figueira-martin-est-devenu-un-pion-dans-un-bras-de-fer-geopolitique-entre-la-russie-et-loccident","status":"publish","type":"post","link":"https:\/\/www.europesays.com\/fr\/452914\/","title":{"rendered":"\u00ab\u00a0Joseph Figueira Martin est devenu un pion dans un bras de fer g\u00e9opolitique entre la Russie et l\u2019Occident\u00a0\u00bb"},"content":{"rendered":"<p>                         <img loading=\"lazy\" decoding=\"async\" src=\"https:\/\/www.europesays.com\/fr\/wp-content\/uploads\/2025\/10\/6e38bc9_upload-1-l3zyzbdb98em-ithijc3w3rotbzhdznzxpwntckkaazcl9wcxmo6q.jpg\" alt=\"L\u2019humanitaire et chercheur belgo-portugais Joseph Figueira Martin, en mai 2022.\"   width=\"664\" height=\"443\"\/>    L\u2019humanitaire et chercheur belgo-portugais Joseph Figueira Martin, en mai 2022.  DR                 <\/p>\n<p class=\"article__paragraph  \">Personne ne devrait passer un seul jour derri\u00e8re les barreaux pour avoir voulu aider son prochain. Pourtant, mercredi 8\u00a0octobre, Joseph Figueira Martin, humanitaire et chercheur belgo-portugais, a pass\u00e9 son 500\u1d49\u00a0jour de d\u00e9tention arbitraire en Centrafrique.<\/p>\n<p>   Lire plus tard  <\/p>\n<p class=\"article__paragraph  \">Le 26\u00a0mai\u00a02024, alors qu\u2019il travaillait comme consultant pour l\u2019ONG am\u00e9ricaine Family Health International 360\u00a0dans le cadre d\u2019un \u00ab\u00a0projet ax\u00e9 sur la r\u00e9duction de la pauvret\u00e9, l\u2019augmentation des opportunit\u00e9s \u00e9conomiques et la pr\u00e9vention de la violence fond\u00e9e sur le genre\u00a0\u00bb, Joseph a \u00e9t\u00e9 enlev\u00e9 dans la ville de Zemio (sud-est) par le groupe paramilitaire Wagner, et tortur\u00e9. Remis aux autorit\u00e9s centrafricaines, il a \u00e9t\u00e9 transf\u00e9r\u00e9 en juillet dans la prison militaire du Camp de Roux, \u00e0 Bangui, o\u00f9 il est depuis maintenu \u00e0 l\u2019isolement, sans inculpation ni proc\u00e8s.<\/p>\n<p class=\"article__paragraph  \">Depuis, Joseph survit dans des conditions effroyables. Il a subi des menaces de mort et des traitements inhumains. Son \u00e9tat de sant\u00e9 s\u2019est d\u00e9t\u00e9rior\u00e9 et n\u00e9cessite d\u00e9sormais une \u00e9vacuation m\u00e9dicale. Mais toutes les demandes de lib\u00e9ration conditionnelle ont \u00e9t\u00e9 rejet\u00e9es. A ces souffrances s\u2019est ajout\u00e9e une campagne de diffamation sur le r\u00e9seau social X. Des comptes anonymes, aliment\u00e9s par les r\u00e9seaux de d\u00e9sinformation russe, l\u2019ont accus\u00e9 d\u2019espionnage et de sabotage. Joseph est ainsi devenu un pion dans un bras de fer g\u00e9opolitique entre la Russie et l\u2019Occident, au p\u00e9ril<strong> <\/strong>de sa vie et de son int\u00e9grit\u00e9.<\/p>\n<p class=\"reading-mode-only \"><strong>Il vous reste 75.26% de cet article \u00e0 lire. La suite est r\u00e9serv\u00e9e aux abonn\u00e9s.<\/strong><\/p>\n","protected":false},"excerpt":{"rendered":"L\u2019humanitaire et chercheur belgo-portugais Joseph Figueira Martin, en mai 2022. DR Personne ne devrait passer un seul jour&hellip;\n","protected":false},"author":2,"featured_media":452915,"comment_status":"","ping_status":"","sticky":false,"template":"","format":"standard","meta":{"footnotes":""},"categories":[1591],"tags":[11,1887,12,1885,1886,132],"class_list":{"0":"post-452914","1":"post","2":"type-post","3":"status-publish","4":"format-standard","5":"has-post-thumbnail","7":"category-russie","8":"tag-actualites","9":"tag-federation-de-russie","10":"tag-news","11":"tag-russia","12":"tag-russian-federation","13":"tag-russie"},"share_on_mastodon":{"url":"https:\/\/pubeurope.com\/@fr\/115350806952052369","error":""},"_links":{"self":[{"href":"https:\/\/www.europesays.com\/fr\/wp-json\/wp\/v2\/posts\/452914","targetHints":{"allow":["GET"]}}],"collection":[{"href":"https:\/\/www.europesays.com\/fr\/wp-json\/wp\/v2\/posts"}],"about":[{"href":"https:\/\/www.europesays.com\/fr\/wp-json\/wp\/v2\/types\/post"}],"author":[{"embeddable":true,"href":"https:\/\/www.europesays.com\/fr\/wp-json\/wp\/v2\/users\/2"}],"replies":[{"embeddable":true,"href":"https:\/\/www.europesays.com\/fr\/wp-json\/wp\/v2\/comments?post=452914"}],"version-history":[{"count":0,"href":"https:\/\/www.europesays.com\/fr\/wp-json\/wp\/v2\/posts\/452914\/revisions"}],"wp:featuredmedia":[{"embeddable":true,"href":"https:\/\/www.europesays.com\/fr\/wp-json\/wp\/v2\/media\/452915"}],"wp:attachment":[{"href":"https:\/\/www.europesays.com\/fr\/wp-json\/wp\/v2\/media?parent=452914"}],"wp:term":[{"taxonomy":"category","embeddable":true,"href":"https:\/\/www.europesays.com\/fr\/wp-json\/wp\/v2\/categories?post=452914"},{"taxonomy":"post_tag","embeddable":true,"href":"https:\/\/www.europesays.com\/fr\/wp-json\/wp\/v2\/tags?post=452914"}],"curies":[{"name":"wp","href":"https:\/\/api.w.org\/{rel}","templated":true}]}}