{"id":452921,"date":"2025-10-10T16:29:12","date_gmt":"2025-10-10T16:29:12","guid":{"rendered":"https:\/\/www.europesays.com\/fr\/452921\/"},"modified":"2025-10-10T16:29:12","modified_gmt":"2025-10-10T16:29:12","slug":"au-sein-du-parlement-francais-letonnante-culture-partisane","status":"publish","type":"post","link":"https:\/\/www.europesays.com\/fr\/452921\/","title":{"rendered":"au sein du Parlement fran\u00e7ais, l\u2019\u00e9tonnante culture partisane"},"content":{"rendered":"\n<p>Sur le papier, la situation est simple. 577 d\u00e9put\u00e9s si\u00e8gent \u00e0 l\u2019Assembl\u00e9e nationale. Parmi eux, 123 du <a href=\"https:\/\/www.courrierinternational.com\/article\/vu-de-l-etranger-la-chute-de-francois-bayrou-le-meilleur-tremplin-possible-pour-le-rn_234730\" target=\"_blank\" rel=\"noopener\">Rassemblement national <\/a>(extr\u00eame droite), et 71 issus du mouvement de gauche de <a href=\"https:\/\/www.courrierinternational.com\/article\/vu-de-l-etranger-jean-luc-melenchon-a-emmene-la-gauche-francaise-dans-une-mauvaise-direction\" target=\"_blank\" rel=\"noopener\">Jean-Luc M\u00e9lenchon<\/a>, deux partis antisyst\u00e8mes qui cr\u00e9ent davantage de probl\u00e8mes qu\u2019ils n\u2019offrent de solutions \u2013 et agacent la majeure partie des Fran\u00e7ais. Il reste ensuite 383 d\u00e9put\u00e9s susceptibles de composer et de soutenir un gouvernement mod\u00e9r\u00e9 et europhile. Leur mission ne serait que temporaire, car, d\u00e8s la fin du second mandat d\u2019<a href=\"https:\/\/www.courrierinternational.com\/article\/vu-de-l-etranger-macron-dans-l-impasse-les-fideles-s-en-vont-et-se-preparent-au-monde-d-apres_235963\" target=\"_blank\" rel=\"noopener\">Emmanuel Macron<\/a>, au printemps 2027, les cartes seront rebattues, l\u2019\u00e9lection pr\u00e9sidentielle \u00e9tant traditionnellement suivie de l\u00e9gislatives.<\/p>\n<p>Mais aucune majorit\u00e9 ne se d\u00e9gage depuis des mois, et la classe politique fran\u00e7aise, qui compte pourtant bon nombre d\u2019hommes et de femmes comp\u00e9tents et \u00e9rudits, se livre \u00e0 un spectacle parfaitement incompr\u00e9hensible. L\u2019Allemagne, l\u2019Italie, la Belgique, l\u2019Autriche et tant d\u2019autres ont fait depuis longtemps d\u00e9j\u00e0 l\u2019exp\u00e9rience de la grande coalition, notamment face \u00e0 la mont\u00e9e des extr\u00eames. Alors pourquoi diable, \u00e0 Paris, socialistes et gaullistes ne parviennent-ils pas \u00e0 s\u2019entendre\u00a0?<\/p>\n<p> Les \u201cmacronistes\u201d, secte de gu\u00e9rilleros dans la jungle <\/p>\n<p>Si ces derniers jours nous ont appris quelque chose, c\u2019est bien la puissance de l\u2019ordre \u00e9tabli dans la <\/p>\n<p>  Offres sp\u00e9ciales  Pour lire la suite de cet article, abonnez-vous <\/p>\n<p class=\"paywall-text\"><strong>Abonnez-vous et\u00a0acc\u00e9dez \u00e0\u00a0:<\/strong><br \/>l\u2019hebdo, tous les contenus, l\u2019application, <br \/>le\u00a0R\u00e9veil Courrier, les newsletters abonn\u00e9s. <\/p>\n<p class=\"price\"><strong>3,99\u00a0\u20ac<\/strong>\/mois<\/p>\n<p> Sans engagement \u2022 R\u00e9siliable \u00e0\u00a0tout moment                <\/p>\n<p class=\"article-authors\">                         <a href=\"https:\/\/www.courrierinternational.com\/auteur\/nils-minkmar\" target=\"_blank\" rel=\"noopener\">Nils Minkmar<\/a>    <\/p>\n<p class=\"article-vo\"><a href=\"https:\/\/www.sueddeutsche.de\/kultur\/marcon-frankreich-personalisierung-grosse-koalition-li.3322764\" rel=\"noopener\" target=\"_blank\">Lire l\u2019article original<\/a><\/p>\n<p>Nos lecteurs ont lu\u00a0aussi<\/p>\n<p>Source de l\u2019article<\/p>\n<p>   <img decoding=\"async\" class=\"source-logo\" src=\"https:\/\/www.europesays.com\/fr\/wp-content\/uploads\/2025\/06\/a6c29c9_1667920341442-sueddeutsche-zeitung-ligatur-rgb.png\"  alt=\"Logo\" loading=\"lazy\" width=\"32\" height=\"32\"\/>  S\u00fcddeutsche Zeitung  (Munich)       <\/p>\n<p>Cr\u00e9\u00e9 en 1945, le \u201cJournal du sud de l\u2019Allemagne\u201d compte parmi les quotidiens suprar\u00e9gionaux de r\u00e9f\u00e9rence du pays. De tendance lib\u00e9rale, il est un grand d\u00e9fenseur des valeurs d\u00e9mocratiques et de l\u2019\u00c9tat de droit. Il emploie ou a employ\u00e9 les meilleures plumes du pays. Sa page 3, qui publie grands reportages et articles de fond, est une institution. Le quotidien se distingue aussi par l\u2019importance qu\u2019il accorde \u00e0 la culture, trait\u00e9e dans ses pages imm\u00e9diatement apr\u00e8s l\u2019actualit\u00e9\u00a0politique.<\/p>\n<p>      <a href=\"https:\/\/www.courrierinternational.com\/notule-source\/sueddeutsche-zeitung\" class=\"source-link\" target=\"_blank\" rel=\"noopener\">Lire la suite<\/a>                 <\/p>\n<p>Nos services<\/p>\n","protected":false},"excerpt":{"rendered":"Sur le papier, la situation est simple. 577 d\u00e9put\u00e9s si\u00e8gent \u00e0 l\u2019Assembl\u00e9e nationale. Parmi eux, 123 du Rassemblement&hellip;\n","protected":false},"author":2,"featured_media":452922,"comment_status":"","ping_status":"","sticky":false,"template":"","format":"standard","meta":{"footnotes":""},"categories":[1587],"tags":[11,672,1804,1805,1803,1073,1777,674,27,1801,3821,12,316,1802],"class_list":{"0":"post-452921","1":"post","2":"type-post","3":"status-publish","4":"format-standard","5":"has-post-thumbnail","7":"category-allemagne","8":"tag-actualites","9":"tag-allemagne","10":"tag-bundesrepublik-deutschland","11":"tag-de","12":"tag-deutschland","13":"tag-emmanuel-macron","14":"tag-eu","15":"tag-europe","16":"tag-france","17":"tag-germany","18":"tag-la-france-vue-de-lu2019u00e9tranger","19":"tag-news","20":"tag-politique","21":"tag-republique-federale-dallemagne"},"share_on_mastodon":{"url":"https:\/\/pubeurope.com\/@fr\/115350822298734172","error":""},"_links":{"self":[{"href":"https:\/\/www.europesays.com\/fr\/wp-json\/wp\/v2\/posts\/452921","targetHints":{"allow":["GET"]}}],"collection":[{"href":"https:\/\/www.europesays.com\/fr\/wp-json\/wp\/v2\/posts"}],"about":[{"href":"https:\/\/www.europesays.com\/fr\/wp-json\/wp\/v2\/types\/post"}],"author":[{"embeddable":true,"href":"https:\/\/www.europesays.com\/fr\/wp-json\/wp\/v2\/users\/2"}],"replies":[{"embeddable":true,"href":"https:\/\/www.europesays.com\/fr\/wp-json\/wp\/v2\/comments?post=452921"}],"version-history":[{"count":0,"href":"https:\/\/www.europesays.com\/fr\/wp-json\/wp\/v2\/posts\/452921\/revisions"}],"wp:featuredmedia":[{"embeddable":true,"href":"https:\/\/www.europesays.com\/fr\/wp-json\/wp\/v2\/media\/452922"}],"wp:attachment":[{"href":"https:\/\/www.europesays.com\/fr\/wp-json\/wp\/v2\/media?parent=452921"}],"wp:term":[{"taxonomy":"category","embeddable":true,"href":"https:\/\/www.europesays.com\/fr\/wp-json\/wp\/v2\/categories?post=452921"},{"taxonomy":"post_tag","embeddable":true,"href":"https:\/\/www.europesays.com\/fr\/wp-json\/wp\/v2\/tags?post=452921"}],"curies":[{"name":"wp","href":"https:\/\/api.w.org\/{rel}","templated":true}]}}