{"id":452925,"date":"2025-10-10T16:31:22","date_gmt":"2025-10-10T16:31:22","guid":{"rendered":"https:\/\/www.europesays.com\/fr\/452925\/"},"modified":"2025-10-10T16:31:22","modified_gmt":"2025-10-10T16:31:22","slug":"la-france-se-rallie-a-lopposition-croissante-contre-le-projet-de-taxe-europeenne-sur-les-societes","status":"publish","type":"post","link":"https:\/\/www.europesays.com\/fr\/452925\/","title":{"rendered":"La France se rallie \u00e0 l\u2019opposition croissante contre le projet de taxe europ\u00e9enne sur les soci\u00e9t\u00e9s"},"content":{"rendered":"<p style=\"text-align: left\">Les ministres des Finances de l\u2019UE ont critiqu\u00e9 le projet de taxe sur les soci\u00e9t\u00e9s \u00e0 l\u2019\u00e9chelle europ\u00e9enne, le qualifiant de menace pour la comp\u00e9titivit\u00e9 et remettant en question le financement du plan budg\u00e9taire \u00e0 long terme de 2\u2009000\u00a0milliards d\u2019euros de la Commission europ\u00e9enne.<\/p>\n<p style=\"text-align: left\">Cette taxe, connue sous le nom de <a href=\"https:\/\/commission.europa.eu\/strategy-and-policy\/eu-budget\/long-term-eu-budget\/eu-budget-2028-2034_en\" target=\"_blank\" rel=\"noopener nofollow\">CORE<\/a> (ressource pour l\u2019Europe provenant des entreprises), permettrait de collecter environ 6,8 milliards d\u2019euros par an aupr\u00e8s des entreprises op\u00e9rant dans l\u2019UE et dont le chiffre d\u2019affaires net annuel d\u00e9passe 100 millions d\u2019euros.<\/p>\n<p style=\"text-align: left\">\u00ab\u2009Nous sommes pr\u00e9occup\u00e9s par l\u2019impact que [cette taxe] pourrait avoir sur la comp\u00e9titivit\u00e9\u2009\u00bb, a d\u00e9clar\u00e9 le ministre fran\u00e7ais de l\u2019\u00c9conomie, Roland Lescure, lors de la <a href=\"https:\/\/video.consilium.europa.eu\/event\/en\/28150\" target=\"_blank\" rel=\"noopener nofollow\">r\u00e9union des ministres<\/a> vendredi 10 octobre \u00e0 Bruxelles.<\/p>\n<p style=\"text-align: left\">Le revirement de la France marque un revers majeur pour Bruxelles. En tant que fervent partisan des nouvelles sources de revenus de l\u2019UE et deuxi\u00e8me \u00e9conomie de l\u2019Union, l\u2019opposition de Paris pourrait bien sonner le glas de cette taxe sur les soci\u00e9t\u00e9s d\u00e9j\u00e0 <a href=\"https:\/\/euractiv.fr\/news\/budget-de-lue-les-propositions-de-taxes-sur-les-entreprises-et-le-tabac-contestees-par-les-etats-membres\/\" target=\"_blank\" rel=\"noopener nofollow\">fortement critiqu\u00e9e<\/a>.<\/p>\n<p style=\"text-align: left\">Quinze pays, dont les premi\u00e8re et troisi\u00e8me \u00e9conomies de l\u2019UE, l\u2019Allemagne et l\u2019Italie, se sont \u00e9galement prononc\u00e9s contre une telle mesure.<\/p>\n<p style=\"text-align: left\">\u00ab\u2009Elle est naturellement per\u00e7ue de mani\u00e8re tr\u00e8s n\u00e9gative par notre communaut\u00e9 d\u2019affaires\u2009\u00bb, a expliqu\u00e9 l\u2019ambassadeur slovaque aupr\u00e8s de l\u2019UE, Juraj Nociar.<\/p>\n<p style=\"text-align: left\">En parall\u00e8le, le commissaire europ\u00e9en au Budget, Piotr Serafin, d\u00e9fend cette taxe, arguant qu\u2019elle ne concerne que les tr\u00e8s grandes entreprises, \u00e0 un niveau comparable \u00e0 \u00ab\u2009la prime annuelle type d\u2019un PDG dans une telle entreprise\u2009\u00bb.<\/p>\n<p style=\"text-align: left\">Le ministre polonais des Finances, Waldemar \u017burek, a pour sa part qualifi\u00e9 la CORE d\u2019\u00ab\u2009id\u00e9e int\u00e9ressante\u2009\u00bb \u2014 ce qui est ce qui se rapproche le plus d\u2019un soutien, les ministres ayant fait part de leurs points de vue \u2014 mais a reconnu que cette taxe \u00ab\u2009n\u00e9cessite une analyse de son impact sur la comp\u00e9titivit\u00e9\u2009\u00bb.<\/p>\n<p style=\"text-align: left\">Actuellement, la majeure partie du budget actuel de l\u2019UE (2021-2027) est financ\u00e9e par les contributions directes des \u00c9tats de l\u2019UE, calcul\u00e9es sur la base de leur revenu national brut, mais la Commission souhaite obtenir de nouvelles ressources pour l\u2019UE apr\u00e8s 2027. Il s\u2019agit notamment d\u2019une taxe sur les soci\u00e9t\u00e9s, d\u2019une taxe sur le tabac (TEDOR) et de trois taxes vertes, afin de financer un budget plus important sans exercer de pression directe sur les budgets nationaux.<\/p>\n<p>Budget de l\u2019UE\u00a0: les propositions de taxes sur les entreprises et le tabac contest\u00e9es par les \u00c9tats membres<\/p>\n<p class=\"c-news-link__text\">\n\t\t\t\t\tEn juillet, la pr\u00e9sidente de la Commission, Ursula von der\u00a0Leyen, a pr\u00e9sent\u00e9 le budget\u00a02028-2034 comme\u2026\t\t\t\t<\/p>\n<p class=\"c-news-link__read-time\">\n\t\t\t\t\t4 minutes\t\t\t\t<\/p>\n<p>\t\t\t\t\t<img loading=\"lazy\" decoding=\"async\" width=\"800\" height=\"534\" src=\"https:\/\/www.europesays.com\/fr\/wp-content\/uploads\/2025\/10\/GettyImages-2227935151-800x534.jpg\" class=\"c-news-link__img\" alt=\"Budget de l\u2019UE\u00a0: les propositions de taxes sur les entreprises et le tabac contest\u00e9es par les \u00c9tats membres\"\/>\t\t\t<\/p>\n<p>Unanimit\u00e9<\/p>\n<p style=\"text-align: left\">La contestation va au-del\u00e0 de la taxe elle-m\u00eame. La proposition de la Commission concernant le budget repose sur les cinq nouvelles sources de revenus. Si l\u2019une d\u2019entre elles devait ne pas voir le jour, la Commission pourrait devoir revoir sa copie \u2014 une enveloppe de 2\u2009000\u00a0milliards d\u2019euros \u2014 afin d\u2019\u00e9quilibrer les co\u00fbts entre les 27\u00a0pays de l\u2019UE.<\/p>\n<p style=\"text-align: left\">\u00c9tant donn\u00e9 que les \u00c9tats de l\u2019UE doivent adopter le budget \u00e0 l\u2019unanimit\u00e9, chaque gouvernement devrait s\u2019efforcer de prot\u00e9ger ses int\u00e9r\u00eats nationaux, en veillant \u00e0 payer moins et \u00e0 recevoir plus.<\/p>\n<p style=\"text-align: left\">\u00ab\u2009Veuillez consid\u00e9rer cette proposition comme un ensemble\u2009\u00bb, a d\u00e9clar\u00e9 Piotr Serafin lors de la r\u00e9union. \u00ab\u2009Si nous consid\u00e9rons l\u2019ensemble, il y a de bonnes chances que vous voyiez une opportunit\u00e9 politique de donner suite \u00e0 cette proposition.\u2009\u00bb<\/p>\n<p style=\"text-align: left\">L\u2019imp\u00f4t sur les soci\u00e9t\u00e9s toucherait principalement les pays les plus riches de l\u2019UE, qui contribuent d\u00e9j\u00e0 davantage au budget de l\u2019Union. Il compenserait en partie l\u2019impact des nouvelles taxes vertes et des r\u00e9ductions pr\u00e9vues des fonds r\u00e9gionaux et agricoles, qui p\u00e8seraient autrement plus lourdement sur les \u00c9tats membres les plus pauvres.<\/p>\n<p style=\"text-align: left\">Mais m\u00eame les pays moins prosp\u00e8res ont critiqu\u00e9 la CORE vendredi. \u00ab\u2009Nous estimons \u00e9galement que notre contribution augmentera fortement\u2009\u00bb, a d\u00e9clar\u00e9 Juraj Nociar.<\/p>\n<p>L\u2019\u00e9quation complexe d\u2019une taxe Zucman made in UE<\/p>\n<p class=\"c-news-link__text\">\n\t\t\t\t\tLe feuilleton politique fran\u00e7ais se poursuit, et la taxe Zucman r\u00e9clam\u00e9e par la gauche en\u2026\t\t\t\t<\/p>\n<p class=\"c-news-link__read-time\">\n\t\t\t\t\t6 minutes\t\t\t\t<\/p>\n<p>\t\t\t\t\t<img loading=\"lazy\" decoding=\"async\" width=\"800\" height=\"534\" src=\"https:\/\/www.europesays.com\/fr\/wp-content\/uploads\/2025\/10\/GettyImages-2227935131-800x534.jpg\" class=\"c-news-link__img\" alt=\"L\u2019\u00e9quation complexe d\u2019une taxe Zucman made in UE\"\/>\t\t\t<\/p>\n","protected":false},"excerpt":{"rendered":"Les ministres des Finances de l\u2019UE ont critiqu\u00e9 le projet de taxe sur les soci\u00e9t\u00e9s \u00e0 l\u2019\u00e9chelle europ\u00e9enne,&hellip;\n","protected":false},"author":2,"featured_media":452926,"comment_status":"","ping_status":"","sticky":false,"template":"","format":"standard","meta":{"footnotes":""},"categories":[1586],"tags":[11,1777,674,1779,1011,27,12,25,1778,364],"class_list":{"0":"post-452925","1":"post","2":"type-post","3":"status-publish","4":"format-standard","5":"has-post-thumbnail","7":"category-europe","8":"tag-actualites","9":"tag-eu","10":"tag-europe","11":"tag-european-union","12":"tag-fr","13":"tag-france","14":"tag-news","15":"tag-republique-francaise","16":"tag-ue","17":"tag-union-europeenne"},"share_on_mastodon":{"url":"https:\/\/pubeurope.com\/@fr\/115350830157872715","error":""},"_links":{"self":[{"href":"https:\/\/www.europesays.com\/fr\/wp-json\/wp\/v2\/posts\/452925","targetHints":{"allow":["GET"]}}],"collection":[{"href":"https:\/\/www.europesays.com\/fr\/wp-json\/wp\/v2\/posts"}],"about":[{"href":"https:\/\/www.europesays.com\/fr\/wp-json\/wp\/v2\/types\/post"}],"author":[{"embeddable":true,"href":"https:\/\/www.europesays.com\/fr\/wp-json\/wp\/v2\/users\/2"}],"replies":[{"embeddable":true,"href":"https:\/\/www.europesays.com\/fr\/wp-json\/wp\/v2\/comments?post=452925"}],"version-history":[{"count":0,"href":"https:\/\/www.europesays.com\/fr\/wp-json\/wp\/v2\/posts\/452925\/revisions"}],"wp:featuredmedia":[{"embeddable":true,"href":"https:\/\/www.europesays.com\/fr\/wp-json\/wp\/v2\/media\/452926"}],"wp:attachment":[{"href":"https:\/\/www.europesays.com\/fr\/wp-json\/wp\/v2\/media?parent=452925"}],"wp:term":[{"taxonomy":"category","embeddable":true,"href":"https:\/\/www.europesays.com\/fr\/wp-json\/wp\/v2\/categories?post=452925"},{"taxonomy":"post_tag","embeddable":true,"href":"https:\/\/www.europesays.com\/fr\/wp-json\/wp\/v2\/tags?post=452925"}],"curies":[{"name":"wp","href":"https:\/\/api.w.org\/{rel}","templated":true}]}}