{"id":452937,"date":"2025-10-10T16:41:11","date_gmt":"2025-10-10T16:41:11","guid":{"rendered":"https:\/\/www.europesays.com\/fr\/452937\/"},"modified":"2025-10-10T16:41:11","modified_gmt":"2025-10-10T16:41:11","slug":"hamilton-alpine-la-grosse-annonce","status":"publish","type":"post","link":"https:\/\/www.europesays.com\/fr\/452937\/","title":{"rendered":"Hamilton-Alpine, la grosse annonce"},"content":{"rendered":"<p><strong>Alors que Lewis Hamilton traverse<br \/>\nune saison difficile chez Ferrari, Flavio Briatore a fait une<br \/>\nannonce de poids concernant l&rsquo;avenir du septuple champion du<br \/>\nmonde.<\/strong><\/p>\n<p>Quel avenir pour Lewis Hamilton ? Arriv\u00e9 chez Ferrari en d\u00e9but<br \/>\nd\u2019ann\u00e9e apr\u00e8s douze saisons chez Mercedes, il peine \u00e0 trouver ses<br \/>\nmarques. Tandis que son co\u00e9quipier parvient parfois \u00e0 tirer le<br \/>\nmeilleur d\u2019une monoplace capricieuse, avec notamment cinq podiums<br \/>\net une P2 comme meilleur r\u00e9sultat, le Britannique n\u2019a toujours pas<br \/>\nd\u00e9croch\u00e9 de podium cette saison, sa meilleure position restant la<br \/>\nquatri\u00e8me place.<\/p>\n<p>Hamilton reconna\u00eet lui-m\u00eame une saison difficile, compliqu\u00e9e par<br \/>\nune voiture peu aidante. La derni\u00e8re course \u00e0 Singapour a \u00e9t\u00e9 un<br \/>\npoint de rupture. Alors qu\u2019il se battait pour la cinqui\u00e8me place,<br \/>\nil a r\u00e9trograd\u00e9 jusqu\u2019\u00e0 la huiti\u00e8me suite \u00e0 un probl\u00e8me de freins<br \/>\npuis \u00e0 une p\u00e9nalit\u00e9 de temps.<\/p>\n<blockquote class=\"twitter-tweet\"><p><a class=\"twitter-link\" rel=\"noindex, nofollow noopener\" href=\"https:\/\/twitter.com\/sports_fr\/status\/1975889132984352894\" target=\"_blank\"><\/p><\/blockquote>\n<p>Cette contre-performance aurait accentu\u00e9 un certain d\u00e9tachement<br \/>\nentre Hamilton et la Scuderia. \u00ab Depuis quelques mois, ce qui<br \/>\nm\u2019occupe l\u2019esprit, c\u2019est une autre histoire. Celle de la mani\u00e8re<br \/>\ndont cette \u00e9quipe r\u00e9agit quand les choses tournent mal. Comment<br \/>\nnous nous relevons et repartons au combat \u00bb, confiait-il \u00e0 la<br \/>\npresse en marge du Grand Prix. Ces propos ont aliment\u00e9 les rumeurs<br \/>\nsur un \u00e9ventuel d\u00e9part.<\/p>\n<p>Briatore confiant<\/p>\n<p>Mais du c\u00f4t\u00e9 d\u2019Alpine, l\u2019avenir du septuple champion du monde<br \/>\ns\u2019annonce prometteur. Flavio Briatore, patron de l\u2019\u00e9curie, pr\u00e9voit<br \/>\nune saison 2026 ambitieuse pour Hamilton. \u00ab C\u2019est quelqu\u2019un de<br \/>\ntr\u00e8s bien, mais la F1 est tr\u00e8s compliqu\u00e9e aujourd\u2019hui, avec sept<br \/>\nvoitures dans un \u00e9cart de deux dixi\u00e8mes de seconde. Cette ann\u00e9e, la<br \/>\nseule \u00e9quipe vraiment comp\u00e9titive est McLaren \u00bb, reconna\u00eet-il<br \/>\n\u00e0 La Rai.<\/p>\n<p>\u00ab L\u2019ann\u00e9e prochaine, tout va changer, et nous (Alpine) nous<br \/>\nbattrons aussi pour le podium. Vous verrez, avec les nouvelles<br \/>\nvoitures, Hamilton sera de retour dans la lutte pour la victoire ;<br \/>\nil est toujours excellent \u00bb, ajoute Briatore. Des propos<br \/>\npartag\u00e9s par l\u2019ancien pilote Jenson Button, qui se montre \u00e9galement<br \/>\nconfiant pour le retour au sommet du Britannique.<\/p>\n<p><script async src=\"https:\/\/platform.twitter.com\/widgets.js\" charset=\"utf-8\"><\/script><\/p>\n","protected":false},"excerpt":{"rendered":"Alors que Lewis Hamilton traverse une saison difficile chez Ferrari, Flavio Briatore a fait une annonce de poids&hellip;\n","protected":false},"author":2,"featured_media":452938,"comment_status":"","ping_status":"","sticky":false,"template":"","format":"standard","meta":{"footnotes":""},"categories":[1412],"tags":[1451,1452,1453,1454,1455,1011,27,60],"class_list":{"0":"post-452937","1":"post","2":"type-post","3":"status-publish","4":"format-standard","5":"has-post-thumbnail","7":"category-f1","8":"tag-f1","9":"tag-formula-1","10":"tag-formula1","11":"tag-formule-1","12":"tag-formule1","13":"tag-fr","14":"tag-france","15":"tag-sports"},"share_on_mastodon":{"url":"https:\/\/pubeurope.com\/@fr\/115350869432040056","error":""},"_links":{"self":[{"href":"https:\/\/www.europesays.com\/fr\/wp-json\/wp\/v2\/posts\/452937","targetHints":{"allow":["GET"]}}],"collection":[{"href":"https:\/\/www.europesays.com\/fr\/wp-json\/wp\/v2\/posts"}],"about":[{"href":"https:\/\/www.europesays.com\/fr\/wp-json\/wp\/v2\/types\/post"}],"author":[{"embeddable":true,"href":"https:\/\/www.europesays.com\/fr\/wp-json\/wp\/v2\/users\/2"}],"replies":[{"embeddable":true,"href":"https:\/\/www.europesays.com\/fr\/wp-json\/wp\/v2\/comments?post=452937"}],"version-history":[{"count":0,"href":"https:\/\/www.europesays.com\/fr\/wp-json\/wp\/v2\/posts\/452937\/revisions"}],"wp:featuredmedia":[{"embeddable":true,"href":"https:\/\/www.europesays.com\/fr\/wp-json\/wp\/v2\/media\/452938"}],"wp:attachment":[{"href":"https:\/\/www.europesays.com\/fr\/wp-json\/wp\/v2\/media?parent=452937"}],"wp:term":[{"taxonomy":"category","embeddable":true,"href":"https:\/\/www.europesays.com\/fr\/wp-json\/wp\/v2\/categories?post=452937"},{"taxonomy":"post_tag","embeddable":true,"href":"https:\/\/www.europesays.com\/fr\/wp-json\/wp\/v2\/tags?post=452937"}],"curies":[{"name":"wp","href":"https:\/\/api.w.org\/{rel}","templated":true}]}}