{"id":452943,"date":"2025-10-10T16:44:10","date_gmt":"2025-10-10T16:44:10","guid":{"rendered":"https:\/\/www.europesays.com\/fr\/452943\/"},"modified":"2025-10-10T16:44:10","modified_gmt":"2025-10-10T16:44:10","slug":"sans-filtre-rachida-dati-balance-sur-brigitte-macron-elle-a-toujours","status":"publish","type":"post","link":"https:\/\/www.europesays.com\/fr\/452943\/","title":{"rendered":"Sans filtre, Rachida Dati balance sur Brigitte Macron : \u00ab\u00a0Elle a toujours\u2026\u00a0\u00bb"},"content":{"rendered":"<p>Alors professeure de fran\u00e7ais au lyc\u00e9e Providence d\u2019Amiens,<br \/>\nBrigitte Auzi\u00e8re fait la rencontre d\u2019Emmanuel Macron, \u00e9l\u00e8ve dans ce<br \/>\nm\u00eame \u00e9tablissement. A l\u2019\u00e9poque, Brigitte est mari\u00e9e mais cela<br \/>\nn\u2019emp\u00eache pas le jeune homme de tomber \u00e9perdument amoureux d\u2019elle.<br \/>\nC\u2019est finalement \u00e0 Paris qu\u2019Emmanuel est envoy\u00e9 pour effectuer son<br \/>\nann\u00e9e de terminale. Mais ce dernier fait une promesse qui en dit<br \/>\nlong sur ses intentions envers celle qui avait alors 24 ans de plus<br \/>\nque lui : \u00ab\u00a0Je reviendrai et je vous \u00e9pouserai !\u00a0\u00bb.<\/p>\n<p>Brigitte Macron tr\u00e8s franche sur le couple qu\u2019elle forme avec<br \/>\nEmmanuel<\/p>\n<p>Un amour au d\u00e9part impossible et \u00e0 priori vou\u00e9 \u00e0 l\u2019\u00e9chec. Mais<br \/>\n<strong>Emmanuel Macron s\u2019accroche et finit par conqu\u00e9rir le c\u0153ur<br \/>\nde la professeure de fran\u00e7ais<\/strong>. R\u00e9sultat, celle-ci divorce<br \/>\ndu p\u00e8re de ses trois enfants et <strong>convole avec le futur<br \/>\npoliticien en 2007<\/strong>. Depuis, Emmanuel et Brigitte filent le<br \/>\nparfait amour et sont toujours aussi soud\u00e9s.<\/p>\n<p>L\u2019actuelle Premi\u00e8re dame de France confiera m\u00eame par la suite :<br \/>\n<strong>\u00ab\u00a0Si je n\u2019avais pas fait ce choix, j\u2019aurais rat\u00e9 ma<br \/>\nvie<\/strong>. J\u2019avais beaucoup de bonheur avec mes enfants et, en<br \/>\nm\u00eame temps, <strong>je sentais que je devais vivre \u2018cet<br \/>\namour\u2019<\/strong> comme disait Pr\u00e9vert, pour \u00eatre pleinement<br \/>\nheureuse\u00a0\u00bb. En faisant confiance \u00e0 son instinct, Brigitte<br \/>\nMacron a choisi l\u2019\u00e9panouissement et ne le regrette en aucun<br \/>\ncas.<\/p>\n<p>La Premi\u00e8re dame cibl\u00e9e par les critiques<\/p>\n<p>Malgr\u00e9 tout, <strong>celle qui a aujourd\u2019hui 72 ans n\u2019\u00e9chappe<br \/>\npas aux critiques et moqueries<\/strong> de la part des internautes.<br \/>\nDepuis toujours, Brigitte Macron est <a href=\"https:\/\/www.melty.fr\/people\/brigitte-macron-raillee-sur-ses-24-ans-decart-avec-emmanuel-un-proche-balance-certains-courriers-anonymes-2266298.html\" target=\"_blank\" rel=\"noopener\"><br \/>\npoint\u00e9e du doigt en raison de son importante diff\u00e9rence d\u2019\u00e2ge avec<br \/>\nson \u00e9poux<\/a>, l\u00e0 o\u00f9 le contraire est souvent tol\u00e9r\u00e9.<br \/>\n<strong>Tristan Bromet, conseiller sp\u00e9cial \u00e0 la pr\u00e9sidence de la<br \/>\nR\u00e9publique<\/strong> et proche de la Premi\u00e8re dame, est d\u2019ailleurs<br \/>\nbien plac\u00e9 pour le savoir.<\/p>\n<p>\u00ab\u00a0Il y avait <strong>certains courriers anonymes qui<br \/>\n\u00e9voquaient sa diff\u00e9rence d\u00a0\u00bb\u00e2ge avec le pr\u00e9sident<\/strong>. Cela m&rsquo;a<br \/>\nvraiment marqu\u00e9, qu&rsquo;en 2017, autant de personnes soient born\u00e9es \u00e0<br \/>\nne voir que cela. <strong>Elle a su agir de la meilleure<br \/>\nfa\u00e7on<\/strong>. Mieux que moi. <strong>Elle est forte et digne,<br \/>\ntout en \u00e9tant toujours un peu rock&rsquo;n&rsquo;roll\u00a0\u00bb<\/strong>,<br \/>\nd\u00e9voilait-il ainsi lors d\u2019un pr\u00e9c\u00e9dent entretien accord\u00e9 au Sydney<br \/>\nMorning Herald.<\/p>\n<p>Rachida Dati admirative de la Premi\u00e8re<br \/>\ndame : \u00ab\u00a0Elle ne fl\u00e9chit pas\u00a0\u00bb<\/p>\n<p><strong>Rachida Dati est elle aussi impressionn\u00e9e par la force<br \/>\nde caract\u00e8re de Brigitte Macron<\/strong> et sa capacit\u00e9 \u00e0 ne pas<br \/>\npr\u00eater attention aux qu\u2019en-dira-t-on. Ainsi, dans les pages de son<br \/>\nlivre La confiscation du pouvoir paru en 2019, la ministre<br \/>\nd\u00e9missionnaire de la Culture, qui s\u2019est par ailleurs <a href=\"https:\/\/www.melty.fr\/societe\/je-vous-mets-au-defi-de-vivre-avec-4-900-e-anne-hidalgo-se-justifie-sur-ses-notes-de-frais-2267888.html\" target=\"_blank\" rel=\"noopener\"><br \/>\nr\u00e9cemment pris le bec avec Anne Hidalgo<\/a>, <strong>t\u00e9moignait de<br \/>\nson grand respect pour Brigitte Macron<\/strong>.<\/p>\n<p>\u00ab\u00a0Pour avoir subi le feu des critiques, l\u2019amertume des<br \/>\njugements, le soup\u00e7on des regards, <strong>j\u2019ai conscience de la<br \/>\nbravoure qu\u2019il faut pour faire face \u00e0 la pression de la<br \/>\ndoxa<\/strong> lorsqu\u2019on choisit l\u2019exception, pour s\u2019affranchir des<br \/>\nr\u00e8gles du commun, pour assumer ses choix profonds. C\u2019est pour<br \/>\ntoutes ces raisons que <strong>j\u2019ai de l\u2019estime pour Brigitte<br \/>\nMacron<\/strong>. <strong>La Premi\u00e8re dame, avec \u00e9l\u00e9gance et<br \/>\nfermet\u00e9, ne fl\u00e9chit pas<\/strong>. Et, avec discr\u00e9tion mais<br \/>\nassurance, elle se d\u00e9m\u00e8ne pour instiller un peu d\u2019humanit\u00e9 dans le<br \/>\npouvoir. <strong>Elle a toujours assum\u00e9 ses choix et n\u2019a jamais<br \/>\nc\u00e9d\u00e9 \u00e0 la facilit\u00e9, au conformisme, \u00e0 ce qu\u2019on attendait<br \/>\nd\u2019elle\u00a0\u00bb<\/strong>. Voil\u00e0 qui devrait faire plaisir \u00e0 la<br \/>\nprincipale int\u00e9ress\u00e9e.<\/p>\n","protected":false},"excerpt":{"rendered":"Alors professeure de fran\u00e7ais au lyc\u00e9e Providence d\u2019Amiens, Brigitte Auzi\u00e8re fait la rencontre d\u2019Emmanuel Macron, \u00e9l\u00e8ve dans ce&hellip;\n","protected":false},"author":2,"featured_media":452944,"comment_status":"","ping_status":"","sticky":false,"template":"","format":"standard","meta":{"footnotes":""},"categories":[1359],"tags":[986,58,59,1011,27,973],"class_list":{"0":"post-452943","1":"post","2":"type-post","3":"status-publish","4":"format-standard","5":"has-post-thumbnail","7":"category-people","8":"tag-brigitte-macron","9":"tag-divertissement","10":"tag-entertainment","11":"tag-fr","12":"tag-france","13":"tag-people"},"share_on_mastodon":{"url":"https:\/\/pubeurope.com\/@fr\/115350881192668034","error":""},"_links":{"self":[{"href":"https:\/\/www.europesays.com\/fr\/wp-json\/wp\/v2\/posts\/452943","targetHints":{"allow":["GET"]}}],"collection":[{"href":"https:\/\/www.europesays.com\/fr\/wp-json\/wp\/v2\/posts"}],"about":[{"href":"https:\/\/www.europesays.com\/fr\/wp-json\/wp\/v2\/types\/post"}],"author":[{"embeddable":true,"href":"https:\/\/www.europesays.com\/fr\/wp-json\/wp\/v2\/users\/2"}],"replies":[{"embeddable":true,"href":"https:\/\/www.europesays.com\/fr\/wp-json\/wp\/v2\/comments?post=452943"}],"version-history":[{"count":0,"href":"https:\/\/www.europesays.com\/fr\/wp-json\/wp\/v2\/posts\/452943\/revisions"}],"wp:featuredmedia":[{"embeddable":true,"href":"https:\/\/www.europesays.com\/fr\/wp-json\/wp\/v2\/media\/452944"}],"wp:attachment":[{"href":"https:\/\/www.europesays.com\/fr\/wp-json\/wp\/v2\/media?parent=452943"}],"wp:term":[{"taxonomy":"category","embeddable":true,"href":"https:\/\/www.europesays.com\/fr\/wp-json\/wp\/v2\/categories?post=452943"},{"taxonomy":"post_tag","embeddable":true,"href":"https:\/\/www.europesays.com\/fr\/wp-json\/wp\/v2\/tags?post=452943"}],"curies":[{"name":"wp","href":"https:\/\/api.w.org\/{rel}","templated":true}]}}