{"id":452949,"date":"2025-10-10T16:47:14","date_gmt":"2025-10-10T16:47:14","guid":{"rendered":"https:\/\/www.europesays.com\/fr\/452949\/"},"modified":"2025-10-10T16:47:14","modified_gmt":"2025-10-10T16:47:14","slug":"exclu-public-grosse-altercation-sur-la-bataille-la-malediction-de-lile-giovanni-vire-sur-le-champ","status":"publish","type":"post","link":"https:\/\/www.europesays.com\/fr\/452949\/","title":{"rendered":"Exclu Public : grosse altercation sur \u00ab\u00a0La bataille : La mal\u00e9diction de l&rsquo;\u00eele\u00a0\u00bb, Giovanni vir\u00e9 sur le champ"},"content":{"rendered":"<p>      R\u00e9sum\u00e9<\/p>\n<p>Le tournage de \u00ab\u00a0La bataille : La mal\u00e9diction de l&rsquo;\u00eele\u00a0\u00bb est perturb\u00e9 par plusieurs incidents, dont une violente altercation ayant men\u00e9 \u00e0 l&rsquo;exclusion d&rsquo;un candidat cl\u00e9.<\/p>\n<p>        Sommaire<\/p>\n<p>D\u00e9cid\u00e9ment, <a href=\"https:\/\/www.public.fr\/exclu-public-drame-en-plein-tournage-de-la-nouvelle-emission-de-tele-realite-de-tfx\" rel=\"nofollow noopener\" target=\"_blank\">le tournage de La bataille : La mal\u00e9diction de l&rsquo;\u00eele<\/a> ne se passe vraiment pas comme pr\u00e9vu. Depuis un mois, la production se retrouve confront\u00e9e \u00e0 de nombreuses probl\u00e9matiques. Alors que <strong>Public.fr<\/strong> vous a r\u00e9v\u00e9l\u00e9 il y a quelques jours <a href=\"https:\/\/www.public.fr\/exclu-public-romy-et-aimed-cest-fini\" rel=\"nofollow noopener\" target=\"_blank\">l&rsquo;abandon de Romy et A\u00efmed<\/a>, <strong>qui ont d\u00e9cid\u00e9 de planter le tournage en cours de route<\/strong>, voil\u00e0 qu&rsquo;une nouvelle vient de tomber ! En effet, selon nos informations, Giovanni Prat, qui formait un bin\u00f4me avec Cynthia Makhoul, vient d&rsquo;\u00eatre exclu.<\/p>\n<p>En effet, <strong>un violent clash a \u00e9clat\u00e9 lors d&rsquo;une \u00e9preuve<\/strong>, et a oppos\u00e9 Giovanni Prat \u00e0 <a href=\"https:\/\/www.public.fr\/il-a-ete-president-ou-lest-toujours-vivian-balance-sur-lhomme-qui-a-provoque-sa-rupture-davec-nathalie\" rel=\"nofollow noopener\" target=\"_blank\">Vivian Grimigni<\/a>. Les deux hommes, m\u00e9contents du r\u00e9sultat final de l&rsquo;\u00e9preuve, en sont venus aux mains et ont d\u00fb \u00eatre s\u00e9par\u00e9s par les autres candidats pr\u00e9sents sur place. <strong>Une situation incontr\u00f4lable<\/strong>, qui a conduit \u00e0 ce que les autres candidats pr\u00e9sents menacent la production de ne plus poursuivre le tournage si Giovanni Prat n&rsquo;\u00e9tait pas exclu.<\/p>\n<p><img loading=\"lazy\" decoding=\"async\" width=\"1024\" height=\"1024\" src=\"data:image\/svg+xml,%3Csvg%20xmlns=\" http:=\"\" alt=\"Exclu Public : grosse altercation sur &quot;La bataille : La mal\u00e9diction de l'\u00eele&quot;, Giovanni vir\u00e9 sur le champ\" data-lazy- data-lazy- data-lazy-src=\"https:\/\/www.europesays.com\/fr\/wp-content\/uploads\/2025\/10\/exclu-giovanni-1024x1024.png\"\/><\/p>\n<p>La production oblig\u00e9e d&rsquo;exclure Giovanni Prat<\/p>\n<p>Apr\u00e8s avoir entendu tous les protagonistes, comme notamment <a href=\"https:\/\/www.public.fr\/melanie-da-cruz-l-ex-d-anthony-martial-s-affiche-blessee-au-visage-vive-inquietude-apres-l-altercation-avec-samantha\" rel=\"nofollow noopener\" target=\"_blank\">M\u00e9lanie Da Cruz<\/a>, qui forme un tandem dans l&rsquo;aventure avec Vivian, la production a finalement act\u00e9 l&rsquo;exclusion de Giovanni Prat. Ce dernier a donc <strong>entra\u00een\u00e9<\/strong> <strong>dans sa chute son bin\u00f4me, et Cynthia a elle aussi \u00e9t\u00e9 \u00e9limin\u00e9e<\/strong>. Entre abandons et d\u00e9sormais exclusions, rien ne se passe comme pr\u00e9vu dans cette t\u00e9l\u00e9-r\u00e9alit\u00e9. La diffusion de La bataille : La mal\u00e9diction de l&rsquo;\u00eele est attendue <strong>d\u00e9but 2026 sur TFX<\/strong>.<\/p>\n<p>Pour rappel, dans cette nouvelle t\u00e9l\u00e9-r\u00e9alit\u00e9, <strong>dont le tournage se d\u00e9roule \u00e0 Bangkok<\/strong>, neuf bin\u00f4mes s&rsquo;affrontent autour d&rsquo;\u00e9preuves de strat\u00e9gie. On retrouvera au d\u00e9but de l&rsquo;aventure Romy et A\u00efmed, lesquels affronteront deux autres candidates de leur saison de <a href=\"https:\/\/vsd.fr\/61580-le-debut-du-reste-de-notre-vie-un-ancien-finaliste-emblematique-de-secret-story-annonce-un-heureux-evenement\/\" rel=\"nofollow noopener\" target=\"_blank\">Secret Story<\/a>. En effet, <strong>C\u00e9lia et Constance<\/strong> sont elles aussi de l&rsquo;aventure. Sont \u00e9galement annonc\u00e9s M\u00e9lanie ORL, Ma\u00efssane, Gabriel, Lisa-Marie, Am\u00e9lie Neten, Romain Dazz, Fred, Gary Jarny, Adixia et Nicolo. Sans oublier, \u00e9videmment, Giovanni Prat, Cynthia, Vivian et M\u00e9lanie.<\/p>\n<p>Toute reproduction interdite sans la mention Public et un lien r\u00e9digeant sur cet article<\/p>\n<p>      Mentionn\u00e9s dans cet article<\/p>\n<p>      Sur le m\u00eame sujet<\/p>\n","protected":false},"excerpt":{"rendered":"R\u00e9sum\u00e9 Le tournage de \u00ab\u00a0La bataille : La mal\u00e9diction de l&rsquo;\u00eele\u00a0\u00bb est perturb\u00e9 par plusieurs incidents, dont une&hellip;\n","protected":false},"author":2,"featured_media":452950,"comment_status":"","ping_status":"","sticky":false,"template":"","format":"standard","meta":{"footnotes":""},"categories":[1356],"tags":[12232,58,59,5411,1011,27,4760,35122,252,199,1364,36360],"class_list":{"0":"post-452949","1":"post","2":"type-post","3":"status-publish","4":"format-standard","5":"has-post-thumbnail","7":"category-television","8":"tag-clash","9":"tag-divertissement","10":"tag-entertainment","11":"tag-exclusivite-public","12":"tag-fr","13":"tag-france","14":"tag-melanie-da-cruz","15":"tag-romy","16":"tag-television","17":"tag-tf1","18":"tag-tv","19":"tag-vivian-grimigni"},"share_on_mastodon":{"url":"https:\/\/pubeurope.com\/@fr\/115350893086570360","error":""},"_links":{"self":[{"href":"https:\/\/www.europesays.com\/fr\/wp-json\/wp\/v2\/posts\/452949","targetHints":{"allow":["GET"]}}],"collection":[{"href":"https:\/\/www.europesays.com\/fr\/wp-json\/wp\/v2\/posts"}],"about":[{"href":"https:\/\/www.europesays.com\/fr\/wp-json\/wp\/v2\/types\/post"}],"author":[{"embeddable":true,"href":"https:\/\/www.europesays.com\/fr\/wp-json\/wp\/v2\/users\/2"}],"replies":[{"embeddable":true,"href":"https:\/\/www.europesays.com\/fr\/wp-json\/wp\/v2\/comments?post=452949"}],"version-history":[{"count":0,"href":"https:\/\/www.europesays.com\/fr\/wp-json\/wp\/v2\/posts\/452949\/revisions"}],"wp:featuredmedia":[{"embeddable":true,"href":"https:\/\/www.europesays.com\/fr\/wp-json\/wp\/v2\/media\/452950"}],"wp:attachment":[{"href":"https:\/\/www.europesays.com\/fr\/wp-json\/wp\/v2\/media?parent=452949"}],"wp:term":[{"taxonomy":"category","embeddable":true,"href":"https:\/\/www.europesays.com\/fr\/wp-json\/wp\/v2\/categories?post=452949"},{"taxonomy":"post_tag","embeddable":true,"href":"https:\/\/www.europesays.com\/fr\/wp-json\/wp\/v2\/tags?post=452949"}],"curies":[{"name":"wp","href":"https:\/\/api.w.org\/{rel}","templated":true}]}}