{"id":452959,"date":"2025-10-10T16:52:13","date_gmt":"2025-10-10T16:52:13","guid":{"rendered":"https:\/\/www.europesays.com\/fr\/452959\/"},"modified":"2025-10-10T16:52:13","modified_gmt":"2025-10-10T16:52:13","slug":"john-lodge-chanteur-et-bassiste-des-moody-blues-est-mort-a-lage-de-82-ans","status":"publish","type":"post","link":"https:\/\/www.europesays.com\/fr\/452959\/","title":{"rendered":"John Lodge, chanteur et bassiste des Moody Blues, est mort \u00e0 l\u2019\u00e2ge de 82\u00a0ans"},"content":{"rendered":"<p>                          <img loading=\"lazy\" decoding=\"async\" src=\"https:\/\/www.europesays.com\/fr\/wp-content\/uploads\/2025\/10\/49d9b2d_ftp-import-images-1-dnrg8ffl8js5-5130758-01-06.jpg\" alt=\"John Lodge assiste au gala 2019\u00a0du Panth\u00e9on des auteurs-compositeurs au New York Marriott Marquis, le 13\u00a0juin 2019, \u00e0 New York.\"   width=\"664\" height=\"443\"\/>    John Lodge assiste au gala 2019\u00a0du Panth\u00e9on des auteurs-compositeurs au New York Marriott Marquis, le 13\u00a0juin 2019, \u00e0 New York.  ANGELA WEISS \/ AFP                    <\/p>\n<p class=\"article__paragraph  \">Le chanteur et bassiste du groupe britannique Moody Blues, John Lodge, c\u00e9l\u00e8bre notamment pour sa chanson Nights in White Satin, est d\u00e9c\u00e9d\u00e9 \u00e0 l\u2019\u00e2ge de 82\u00a0ans, a annonc\u00e9 vendredi 10\u00a0octobre sa famille dans un communiqu\u00e9.<\/p>\n<p class=\"article__paragraph  \">\u00ab\u00a0C\u2019est avec la plus profonde tristesse que nous devons annoncer que John Lodge nous a quitt\u00e9s de fa\u00e7on soudaine et inattendue, selon le texte du communiqu\u00e9. John s\u2019est \u00e9teint tranquillement entour\u00e9 des siens, sur la musique de The Everly Brothers et de Buddy Holly\u00a0\u00bb.<\/p>\n<p class=\"article__paragraph  \">\u00ab\u00a0Tous ceux qui ont connu cet homme au grand c\u0153ur savent que l\u2019amour pour sa femme Kirsten et sa famille \u00e9tait ce qui comptait le plus pour lui, avant sa passion pour la musique et sa foi\u00a0\u00bb, ajoute le communiqu\u00e9.<\/p>\n<p class=\"article__paragraph  \">N\u00e9 \u00e0 Birmingham, p\u00e8re de deux enfants, le musicien avait rejoint en\u00a01966 les Moody Blues, cr\u00e9\u00e9 au d\u00e9but des ann\u00e9es 60. Sa carri\u00e8re s\u2019est \u00e9tendue sur plus de cinquante ans. \u00ab\u00a0Il n\u2019\u00e9tait jamais aussi heureux que sur sc\u00e8ne\u00a0\u00bb, rappelle sa famille.<\/p>\n<p>              \u00ab\u00a0Une sucrerie d\u00e9licieuse\u00a0\u00bb              <\/p>\n<p class=\"article__paragraph  \">\u00ab\u00a0Les Moody Blues ont berc\u00e9 les ann\u00e9es 60 de leurs compositions suaves et d\u00e9licates. Un peu en dehors des modes et du temps, leur musique \u00e9tait une sucrerie d\u00e9licieuse qui se laissait go\u00fbter sans effor<a href=\"https:\/\/www.lemonde.fr\/archives\/article\/1978\/07\/12\/disques-le-retour-des-moody-blues_3133422_1819218.html\" rel=\"nofollow noopener\" target=\"_blank\">t, \u00e9crivait Le Monde en\u00a01978.<\/a> Des arrangements de cordes somptueux avec des orchestres philharmoniques, des harmonies de voix \u00e9th\u00e9r\u00e9es qui \u00e9tayaient des m\u00e9lodies subtiles et nostalgiques. Les Moody enregistraient des disques \u00e0 climats qui semblaient toucher \u00e0 l\u2019universalit\u00e9 comme avaient pu le faire Simon et Garfunkel.\u00a0\u00bb<\/p>\n<p class=\"article__paragraph  \">Le groupe a vendu plus de 70\u00a0millions d\u2019albums dans le monde, selon le site officiel du musicien. Nights in White Satin, l\u2019une de leurs plus c\u00e9l\u00e8bres chansons, est sortie en\u00a01967. Les Moody Blues, dont tous les membres fondateurs sont d\u00e9c\u00e9d\u00e9s, ont sorti des albums et continu\u00e9 de se produire jusque dans les ann\u00e9es 2010.<\/p>\n<p>                                 Lire aussi |  <a href=\"https:\/\/www.lemonde.fr\/disparitions\/article\/2018\/01\/08\/ray-thomas-membre-fondateur-des-moody-blues-est-mort_5238803_3382.html\" class=\"js-article-read-also catcher--favoris__link\" data-premium=\"\" id=\"article-title-232219\" rel=\"nofollow noopener\" target=\"_blank\">Ray Thomas, membre fondateur des Moody Blues, est mort<\/a>    <\/p>\n<p>   Lire plus tard  <\/p>\n<p class=\"author__detail\">  Le Monde avec AFP  <\/p>\n<p>                  <a href=\"https:\/\/www.lemonde.fr\/syndication\/\" class=\"reuse__content\" title=\"R\u00e9utiliser ce contenu\" target=\"_blank\" rel=\"nofollow noopener\">R\u00e9utiliser ce contenu<\/a>      <\/p>\n","protected":false},"excerpt":{"rendered":"John Lodge assiste au gala 2019\u00a0du Panth\u00e9on des auteurs-compositeurs au New York Marriott Marquis, le 13\u00a0juin 2019, \u00e0&hellip;\n","protected":false},"author":2,"featured_media":452960,"comment_status":"","ping_status":"","sticky":false,"template":"","format":"standard","meta":{"footnotes":""},"categories":[8],"tags":[58,59,1011,27],"class_list":{"0":"post-452959","1":"post","2":"type-post","3":"status-publish","4":"format-standard","5":"has-post-thumbnail","7":"category-divertissement","8":"tag-divertissement","9":"tag-entertainment","10":"tag-fr","11":"tag-france"},"share_on_mastodon":{"url":"https:\/\/pubeurope.com\/@fr\/115350913151241129","error":""},"_links":{"self":[{"href":"https:\/\/www.europesays.com\/fr\/wp-json\/wp\/v2\/posts\/452959","targetHints":{"allow":["GET"]}}],"collection":[{"href":"https:\/\/www.europesays.com\/fr\/wp-json\/wp\/v2\/posts"}],"about":[{"href":"https:\/\/www.europesays.com\/fr\/wp-json\/wp\/v2\/types\/post"}],"author":[{"embeddable":true,"href":"https:\/\/www.europesays.com\/fr\/wp-json\/wp\/v2\/users\/2"}],"replies":[{"embeddable":true,"href":"https:\/\/www.europesays.com\/fr\/wp-json\/wp\/v2\/comments?post=452959"}],"version-history":[{"count":0,"href":"https:\/\/www.europesays.com\/fr\/wp-json\/wp\/v2\/posts\/452959\/revisions"}],"wp:featuredmedia":[{"embeddable":true,"href":"https:\/\/www.europesays.com\/fr\/wp-json\/wp\/v2\/media\/452960"}],"wp:attachment":[{"href":"https:\/\/www.europesays.com\/fr\/wp-json\/wp\/v2\/media?parent=452959"}],"wp:term":[{"taxonomy":"category","embeddable":true,"href":"https:\/\/www.europesays.com\/fr\/wp-json\/wp\/v2\/categories?post=452959"},{"taxonomy":"post_tag","embeddable":true,"href":"https:\/\/www.europesays.com\/fr\/wp-json\/wp\/v2\/tags?post=452959"}],"curies":[{"name":"wp","href":"https:\/\/api.w.org\/{rel}","templated":true}]}}