{"id":452975,"date":"2025-10-10T17:00:16","date_gmt":"2025-10-10T17:00:16","guid":{"rendered":"https:\/\/www.europesays.com\/fr\/452975\/"},"modified":"2025-10-10T17:00:16","modified_gmt":"2025-10-10T17:00:16","slug":"faute-dentretien-ces-sapins-rentrent-dans-les-appartements-de-ces-locataires","status":"publish","type":"post","link":"https:\/\/www.europesays.com\/fr\/452975\/","title":{"rendered":"faute d&rsquo;entretien, ces sapins rentrent dans les appartements de ces locataires"},"content":{"rendered":"<p>            Par<br \/>\n        <strong><br \/>\n            <a href=\"https:\/\/actu.fr\/auteur\/pierre-emile-bouchy-actu-fr\" title=\"Consulter tous les articles de Paul-Emile Bouchy\" target=\"_blank\" rel=\"noopener\">Paul-Emile Bouchy<\/a><br \/>\n        <\/strong><\/p>\n<p>        Publi\u00e9 le<\/p>\n<p>            10 oct. 2025 \u00e0 18h42        <\/p>\n<p>Marie* vit depuis plus d\u2019un an dans cette r\u00e9sidence de la rue de la Commanderie, situ\u00e9e \u00e0 proximit\u00e9 de la <a href=\"https:\/\/actu.fr\/tag\/gare-de-nancy\" target=\"_blank\" rel=\"noopener\">gare de Nancy<\/a> (Meurthe-et-Moselle). Rapidement, <strong>elle a constat\u00e9 de nombreux probl\u00e8mes<\/strong>, dont un de taille : <strong>les arbres pr\u00e9sents devant sa fen\u00eatre grandissent, au point de presque rentrer dans son logement<\/strong>, malgr\u00e9 les alertes aupr\u00e8s de son bailleur.<\/p>\n<p>Des arbres qui bloquent la lumi\u00e8re et apportent de la salet\u00e9<\/p>\n<p class=\" wall-content\">Il suffit d\u2019ouvrir les fen\u00eatres des trois chambres de l\u2019appartement de Marie pour constater le probl\u00e8me. <strong>En tendant le bras, il est possible de saisir les branches des sapins<\/strong> plant\u00e9s devant. Du c\u00f4t\u00e9 de son voisin, <strong>une branche est d\u00e9j\u00e0 contre la vitre et rentre dans son s\u00e9jour<\/strong>.<\/p>\n<p class=\" wall-content\">\u00ab\u00a0<strong>Avec les arbres devant, il n\u2019y a aucune lumi\u00e8re naturelle<\/strong>. Mes enfants doivent toujours allumer leur lampe pour \u00e9tudier. <strong>Cela ram\u00e8ne de la salet\u00e9 mais je pense aussi de l\u2019humidit\u00e9<\/strong>. On voit d\u2019ailleurs de la mousse le long du mur\u00a0\u00bb, explique-t-elle.<\/p>\n<p class=\" wall-content\">Elle a d\u2019ailleurs investi dans un d\u00e9shumidificateur \u00e9lectrique : \u00ab\u00a0Quand je l\u2019allume, <strong>il affiche plus de 75 % d\u2019humidit\u00e9<\/strong>. Je dois le mettre une heure par jour dans chaque chambre et ouvrir les armoires, sinon les v\u00eatements ont une mauvaise odeur.\u00a0\u00bb<\/p>\n<blockquote class=\"tiktok-embed\" cite=\"https:\/\/www.tiktok.com\/@lorraine.actu\/video\/7559633927158189315\" data-video-id=\"7559633927158189315\" data-embed-from=\"oembed\" style=\"max-width:605px; min-width:325px;\"><p>\n<a target=\"_blank\" title=\"@lorraine.actu\" href=\"https:\/\/www.tiktok.com\/@lorraine.actu?refer=embed\" rel=\"noopener\">@lorraine.actu<\/a> <\/p>\n<p>Dans cette r\u00e9sidence situ\u00e9e rue de la Commanderie, non loin de la gare de Nancy (Meurthe-et-Moselle), Marie* y habite depuis plus d\u2019un an d\u00e9sormais. Rapidement, elle a constat\u00e9 de nombreux probl\u00e8mes, dont un de taille : les arbres pr\u00e9sents devant sa fen\u00eatre grandissent, au point de presque rentrer dans son logement, malgr\u00e9 les alertes aupr\u00e8s de son bailleur. Il suffit d\u2019ouvrir les fen\u00eatres des trois chambres de l\u2019appartement de Marie pour constater le probl\u00e8me. En tendant le bras, il est possible de saisir les branches des sapins plant\u00e9s devant. Du c\u00f4t\u00e9 de son voisin, une branche est d\u00e9j\u00e0 contre la vitre et rentre dans son s\u00e9jour. \u00ab Avec les arbres devant, il n\u2019y a aucune lumi\u00e8re naturelle. Mes enfants doivent toujours allumer leur lampe pour \u00e9tudier. Cela ram\u00e8ne de la salet\u00e9 mais je pense aussi de l\u2019humidit\u00e9. On voit d\u2019ailleurs de la mousse le long du mur \u00bb, explique-t-elle. Elle a d\u2019ailleurs investi dans un d\u00e9shumidificateur \u00e9lectrique : \u00ab Quand je l\u2019allume, il affiche plus de 75 % d\u2019humidit\u00e9. Je dois le mettre une heure par jour dans chaque chambre et ouvrir les armoires, sinon les v\u00eatements ont une mauvaise odeur. \u00bb Outre les arbres, Marie d\u00e9nonce d\u2019autres probl\u00e8mes dans la r\u00e9sidence : \u00ab Ma cave est souvent inond\u00e9e et il y a des fuites dans le parking. \u00bb Sa principale inqui\u00e9tude est l\u2019ins\u00e9curit\u00e9 : \u00ab Il y a souvent des gens qui squattent dans le parking. Cet \u00e9t\u00e9, la porte du parking est rest\u00e9e ouverte pendant plus d\u2019un mois \u00e0 cause d\u2019un impay\u00e9 d\u2019une facture d\u2019\u00e9lectricit\u00e9 du bailleur. C\u2019est inacceptable. \u00bb Des faits corrobor\u00e9s par d\u2019autres habitants qui indiquent avoir d\u00e9j\u00e0 vu plusieurs fois des personnes venir dormir dans la cage d\u2019escalier. \u00ab En partant \u00e0 l\u2019\u00e9cole, mon fils a crois\u00e9 un SDF dormant sous les bo\u00eetes aux lettres du hall d\u2019entr\u00e9e\u00ab , ajoute Marie. Contact\u00e9, Batig\u00e8re, le bailleur de la r\u00e9sidence, indique qu\u2019une \u00ab intervention est programm\u00e9e dans un d\u00e9lai de 2 \u00e0 3 semaines pour proc\u00e9der \u00e0 la taille \u00bb des arbres : \u00ab La cour \u00e9tant uniquement accessible par le commerce situ\u00e9 au rez-de-chauss\u00e9e, une coordination pr\u00e9alable avec celui-ci est n\u00e9cessaire afin de garantir l\u2019acc\u00e8s \u00bb. Concernant la pr\u00e9sence de squatteurs dans les communs, il invite les locataires \u00ab \u00e0 contacter directement les forces de l\u2019ordre, seules habilit\u00e9es \u00e0 intervenir sur demande \u00bb. *Le pr\u00e9nom a \u00e9t\u00e9 modifi\u00e9 <a title=\"nancy\" target=\"_blank\" href=\"https:\/\/www.tiktok.com\/tag\/nancy?refer=embed\" rel=\"noopener\">#nancy<\/a> <a title=\"locataire\" target=\"_blank\" href=\"https:\/\/www.tiktok.com\/tag\/locataire?refer=embed\" rel=\"noopener\">#locataire<\/a> <a title=\"logement\" target=\"_blank\" href=\"https:\/\/www.tiktok.com\/tag\/logement?refer=embed\" rel=\"noopener\">#logement<\/a> <a title=\"appartement\" target=\"_blank\" href=\"https:\/\/www.tiktok.com\/tag\/appartement?refer=embed\" rel=\"noopener\">#appartement<\/a> <\/p>\n<p> <a target=\"_blank\" title=\"\u266c Suspense, horror, piano and music box - takaya\" href=\"https:\/\/www.tiktok.com\/music\/Suspense-horror-piano-and-music-box-6817193198436255745?refer=embed\" rel=\"noopener\">\u266c Suspense, horror, piano and music box \u2013 takaya<\/a> <\/p>\n<\/blockquote>\n<p>Des probl\u00e8mes de squats dans la r\u00e9sidence<\/p>\n<p class=\" wall-content\">Outre les arbres, Marie d\u00e9nonce d\u2019autres probl\u00e8mes dans la r\u00e9sidence : \u00ab\u00a0Ma cave est souvent inond\u00e9e et il y a <strong>des fuites dans le parking<\/strong>.\u00a0\u00bb<\/p>\n<p>Votre r\u00e9gion, votre actu !<\/p>\n<p>Recevez chaque jour les infos qui comptent pour vous.<\/p>\n<p>\t<a href=\"https:\/\/actu.fr\/newsletter\" class=\"ac-btn ac-btn--corner ac-btn--medium ac-btn--blue800\" target=\"_blank\" rel=\"noopener\">S&rsquo;incrire<\/a><\/p>\n<p class=\" wall-content\">Sa principale inqui\u00e9tude est l\u2019<a href=\"https:\/\/actu.fr\/tag\/insecurite\" target=\"_blank\" rel=\"noopener\">ins\u00e9curit\u00e9<\/a> : \u00ab\u00a0Il y a <strong>souvent des gens qui squattent<\/strong> dans le parking. Cet \u00e9t\u00e9, <strong>la porte du parking est rest\u00e9e ouverte pendant plus d\u2019un mois<\/strong> \u00e0 cause d\u2019un impay\u00e9 d\u2019une facture d\u2019\u00e9lectricit\u00e9 du bailleur. C\u2019est inacceptable.\u00a0\u00bb<\/p>\n<p class=\" wall-content\">Des faits corrobor\u00e9s par d\u2019autres habitants qui indiquent avoir d\u00e9j\u00e0 vu plusieurs fois des personnes venir dormir dans la cage d\u2019escalier. \u00ab\u00a0En partant \u00e0 l\u2019\u00e9cole, <strong>mon fils a crois\u00e9 un SDF dormant sous les bo\u00eetes aux lettres du hall d\u2019entr\u00e9e<\/strong>\u00ab\u00a0, ajoute Marie.<\/p>\n<blockquote class=\"ac-article-quote wall-content\">\n<p>J&rsquo;ai d\u00fb adapter ma vie \u00e0 mon logement. Je sors le soir que si quelqu&rsquo;un peut me raccompagner car je crains de croiser une personne dans le parking.<\/p>\n<p>    <strong>Marie<\/strong><br \/>\n        Locataire de la r\u00e9sidence    <\/p><\/blockquote>\n<p>Le bailleur assure que les arbres seront bient\u00f4t taill\u00e9s<\/p>\n<p class=\" wall-content\">Contact\u00e9, Batig\u00e8re, le bailleur de la r\u00e9sidence, indique qu\u2019<strong>une \u00ab\u00a0intervention est programm\u00e9e dans un d\u00e9lai de 2 \u00e0 3 semaines pour proc\u00e9der \u00e0 la taille\u00a0\u00bb des arbres<\/strong> : \u00ab\u00a0La cour \u00e9tant uniquement accessible par le commerce situ\u00e9 au rez-de-chauss\u00e9e, une coordination pr\u00e9alable avec celui-ci est n\u00e9cessaire afin de garantir l\u2019acc\u00e8s\u00a0\u00bb.<\/p>\n<p class=\" wall-content\">Concernant la pr\u00e9sence de squatteurs dans les communs, il invite les locataires \u00ab\u00a0\u00e0 contacter directement les forces de l\u2019ordre, seules habilit\u00e9es \u00e0 intervenir sur demande\u00a0\u00bb.<\/p>\n<p class=\" wall-content\">*Le pr\u00e9nom a \u00e9t\u00e9 modifi\u00e9.<\/p>\n<p class=\" wall-content\">Personnalisez votre actualit\u00e9 en ajoutant vos villes et m\u00e9dias en favori avec <a href=\"https:\/\/moncompte.actu.fr\" title=\"D\u00e9couvez Mon Actu\" rel=\"nofollow noopener\" data-trk=\"{&quot;cta&quot;:{&quot;action&quot;:&quot;https:\\\/\\\/moncompte.actu.fr&quot;,&quot;category&quot;:&quot;mon compte&quot;,&quot;from&quot;:&quot;article footer&quot;,&quot;name&quot;:&quot;Mon actu&quot;,&quot;type&quot;:&quot;cta&quot;}}\" target=\"_blank\">Mon Actu<\/a>.<\/p>\n<p>                    <script async src=\"\/\/www.tiktok.com\/embed.js\"><\/script><\/p>\n","protected":false},"excerpt":{"rendered":"Par Paul-Emile Bouchy Publi\u00e9 le 10 oct. 2025 \u00e0 18h42 Marie* vit depuis plus d\u2019un an dans cette&hellip;\n","protected":false},"author":2,"featured_media":452976,"comment_status":"","ping_status":"","sticky":false,"template":"","format":"standard","meta":{"footnotes":""},"categories":[9635],"tags":[1111,11,1777,674,1011,27,775,1908,1702,12,25,104],"class_list":{"0":"post-452975","1":"post","2":"type-post","3":"status-publish","4":"format-standard","5":"has-post-thumbnail","7":"category-nancy","8":"tag-actu","9":"tag-actualites","10":"tag-eu","11":"tag-europe","12":"tag-fr","13":"tag-france","14":"tag-grand-est","15":"tag-logement","16":"tag-nancy","17":"tag-news","18":"tag-republique-francaise","19":"tag-societe"},"share_on_mastodon":{"url":"https:\/\/pubeurope.com\/@fr\/115350944012349636","error":""},"_links":{"self":[{"href":"https:\/\/www.europesays.com\/fr\/wp-json\/wp\/v2\/posts\/452975","targetHints":{"allow":["GET"]}}],"collection":[{"href":"https:\/\/www.europesays.com\/fr\/wp-json\/wp\/v2\/posts"}],"about":[{"href":"https:\/\/www.europesays.com\/fr\/wp-json\/wp\/v2\/types\/post"}],"author":[{"embeddable":true,"href":"https:\/\/www.europesays.com\/fr\/wp-json\/wp\/v2\/users\/2"}],"replies":[{"embeddable":true,"href":"https:\/\/www.europesays.com\/fr\/wp-json\/wp\/v2\/comments?post=452975"}],"version-history":[{"count":0,"href":"https:\/\/www.europesays.com\/fr\/wp-json\/wp\/v2\/posts\/452975\/revisions"}],"wp:featuredmedia":[{"embeddable":true,"href":"https:\/\/www.europesays.com\/fr\/wp-json\/wp\/v2\/media\/452976"}],"wp:attachment":[{"href":"https:\/\/www.europesays.com\/fr\/wp-json\/wp\/v2\/media?parent=452975"}],"wp:term":[{"taxonomy":"category","embeddable":true,"href":"https:\/\/www.europesays.com\/fr\/wp-json\/wp\/v2\/categories?post=452975"},{"taxonomy":"post_tag","embeddable":true,"href":"https:\/\/www.europesays.com\/fr\/wp-json\/wp\/v2\/tags?post=452975"}],"curies":[{"name":"wp","href":"https:\/\/api.w.org\/{rel}","templated":true}]}}