{"id":452993,"date":"2025-10-10T17:10:25","date_gmt":"2025-10-10T17:10:25","guid":{"rendered":"https:\/\/www.europesays.com\/fr\/452993\/"},"modified":"2025-10-10T17:10:25","modified_gmt":"2025-10-10T17:10:25","slug":"grenoble-2026-le-pari-dalain-carignon-pour-les-finances-de-la-ville","status":"publish","type":"post","link":"https:\/\/www.europesays.com\/fr\/452993\/","title":{"rendered":"Grenoble 2026: le pari d&rsquo;Alain Carignon pour les finances de la Ville"},"content":{"rendered":"<p>\u00ab\u00a0Aujourd\u2019hui, nous com\u00admen\u00ad\u00e7ons par ce qui, \u00e0 nos yeux, est le nerf de la guerre\u00a0: les finances de la ville et de la M\u00e9tropole, avec un objec\u00adtif simple\u00a0: sor\u00adtir Grenoble de la crise finan\u00adci\u00e8re en retrou\u00advant des marges de man\u0153uvre et des capa\u00adci\u00adt\u00e9s d\u2019in\u00adves\u00adtis\u00adse\u00adment. \u00bb C\u2019est par ces termes que Cl\u00e9ment Chappet, coor\u00addi\u00adna\u00adteur du col\u00adlec\u00adtif <a href=\"https:\/\/www.placegrenet.fr\/2025\/05\/16\/municipales-nous-sommes-les-seuls-en-capacite-de-lemporter-estime-le-collectif-reconcilier-grenoble-proche-dalain-carignon\/652562\" target=\"_blank\" rel=\"noopener nofollow\">R\u00e9concilier Grenoble<\/a>, a intro\u00adduit la conf\u00e9\u00adrence de presse, jeudi 9 octobre, \u00e0 la \u00ab\u00a0Factory du chan\u00adge\u00adment\u00a0\u00bb, local de cam\u00adpagne d\u2019Alain Carignon situ\u00e9 au 26 ave\u00adnue Alsace-Lorraine.<\/p>\n<p>En l\u2019oc\u00adcur\u00adrence, la pre\u00admi\u00e8re d\u2019une s\u00e9rie visant \u00e0 d\u00e9cli\u00adner, semaine apr\u00e8s semaine, les grands axes du pro\u00adjet de l\u2019an\u00adcien maire de Grenoble <a href=\"https:\/\/www.placegrenet.fr\/2023\/01\/28\/musees-gratuits-cantine-moins-chere-grenoble-finance-son-bouclier-social-et-climatique-avec-la-hausse-de-la-taxe-fonciere\/591286\" target=\"_blank\" rel=\"noopener nofollow\">en lice pour les \u00e9lec\u00adtions muni\u00adci\u00adpales<\/a>, Pour cette pre\u00admi\u00e8re \u00e9tape, le choix du th\u00e8me s\u2019est impos\u00e9 de lui-m\u00eame\u00a0: les finances de la Ville et de <a href=\"https:\/\/www.grenoblealpesmetropole.fr\" rel=\"nofollow noopener\" target=\"_blank\">la M\u00e9tropole<\/a>, \u00e9tant \u00ab\u00a0le nerf de la guerre\u00a0\u00bb selon Cl\u00e9ment Chappet.<\/p>\n<p><a href=\"https:\/\/www.europesays.com\/fr\/wp-content\/uploads\/2025\/10\/PresentationCollectifReconcilierGrenobleCreditJoelKermabon-1.jpg\"><img fetchpriority=\"high\" decoding=\"async\" aria-describedby=\"caption-attachment-652563\" class=\"wp-image-652563 size-full\" src=\"data:image\/svg+xml,%3Csvg%20xmlns=\" http:=\"\" alt=\"Photo de famille de quelques-unes des personnalit\u00e9s grenobloise constituant le collectif R\u00e9concilier Grenoble autour d'Alain Carignon. \u00a9 Jo\u00ebl Kermabon - Place Gre'net\" width=\"1697\" height=\"1273\" data-lazy- data-lazy- data-lazy-src=\"https:\/\/www.europesays.com\/fr\/wp-content\/uploads\/2025\/10\/PresentationCollectifReconcilierGrenobleCreditJoelKermabon-1.jpg\"\/><\/a><\/p>\n<p id=\"caption-attachment-652563\" class=\"wp-caption-text\">Photo de famille de quelques-unes des per\u00adson\u00adna\u00adli\u00adt\u00e9s gre\u00adno\u00adbloise consti\u00adtuant le col\u00adlec\u00adtif R\u00e9concilier Grenoble autour d\u2019Alain Carignon. \u00a9 Jo\u00ebl Kermabon \u2013 Place Gre\u2019net<\/p>\n<p>Aux c\u00f4t\u00e9s de l\u2019ancien maire, plu\u00adsieurs figures du col\u00adlec\u00adtif se sont suc\u00adc\u00e9d\u00e9 pour dres\u00adser un \u00e9tat des lieux jug\u00e9 alar\u00admant de la situa\u00adtion finan\u00adci\u00e8re de la Ville et expo\u00adser les rem\u00e8des qu\u2019ils entendent pro\u00adpo\u00adser aux Grenoblois.<\/p>\n<p>\u00ab\u00a0Il faut avant tout dire com\u00adment on finance, o\u00f9 l\u2019on trouve l\u2019argent sans aug\u00admen\u00adter les imp\u00f4ts comme cela a \u00e9t\u00e9 le cas pen\u00addant ce man\u00addat\u00a0\u00bb, a pos\u00e9 le coordinateur.<\/p>\n<p>Le ton est donn\u00e9, les chiffres avan\u00adc\u00e9s se veulent pr\u00e9\u00adcis. L\u2019endettement de la Ville atteint 1\u00a0667\u00a0euros par habi\u00adtant, soit \u00ab\u00a025\u00a0% de plus que la moyenne des villes com\u00adpa\u00adrables\u00a0\u00bb, a d\u00e9plor\u00e9 Cl\u00e9ment Chappet.<\/p>\n<p>Quant aux d\u00e9penses de fonc\u00adtion\u00adne\u00adment, elles culminent \u00e0 1\u00a0700\u00a0euros par habi\u00adtant, \u00ab\u00a0500\u00a0euros de plus que la moyenne natio\u00adnale\u00a0\u00bb, a\u2011t-il ajout\u00e9. En l\u2019oc\u00adcur\u00adrence, une tra\u00adjec\u00adtoire qui a conduit \u00e0 <a href=\"https:\/\/www.placegrenet.fr\/2023\/01\/28\/musees-gratuits-cantine-moins-chere-grenoble-finance-son-bouclier-social-et-climatique-avec-la-hausse-de-la-taxe-fonciere\/591286\" target=\"_blank\" rel=\"noopener nofollow\">la hausse des imp\u00f4ts<\/a> de\u00a02023.<\/p>\n","protected":false},"excerpt":{"rendered":"\u00ab\u00a0Aujourd\u2019hui, nous com\u00admen\u00ad\u00e7ons par ce qui, \u00e0 nos yeux, est le nerf de la guerre\u00a0: les finances de&hellip;\n","protected":false},"author":2,"featured_media":452994,"comment_status":"","ping_status":"","sticky":false,"template":"","format":"standard","meta":{"footnotes":""},"categories":[9566],"tags":[1111,11,2430,1777,674,1011,27,2731,12,25],"class_list":{"0":"post-452993","1":"post","2":"type-post","3":"status-publish","4":"format-standard","5":"has-post-thumbnail","7":"category-grenoble","8":"tag-actu","9":"tag-actualites","10":"tag-auvergne-rhone-alpes","11":"tag-eu","12":"tag-europe","13":"tag-fr","14":"tag-france","15":"tag-grenoble","16":"tag-news","17":"tag-republique-francaise"},"share_on_mastodon":{"url":"https:\/\/pubeurope.com\/@fr\/115350983521892474","error":""},"_links":{"self":[{"href":"https:\/\/www.europesays.com\/fr\/wp-json\/wp\/v2\/posts\/452993","targetHints":{"allow":["GET"]}}],"collection":[{"href":"https:\/\/www.europesays.com\/fr\/wp-json\/wp\/v2\/posts"}],"about":[{"href":"https:\/\/www.europesays.com\/fr\/wp-json\/wp\/v2\/types\/post"}],"author":[{"embeddable":true,"href":"https:\/\/www.europesays.com\/fr\/wp-json\/wp\/v2\/users\/2"}],"replies":[{"embeddable":true,"href":"https:\/\/www.europesays.com\/fr\/wp-json\/wp\/v2\/comments?post=452993"}],"version-history":[{"count":0,"href":"https:\/\/www.europesays.com\/fr\/wp-json\/wp\/v2\/posts\/452993\/revisions"}],"wp:featuredmedia":[{"embeddable":true,"href":"https:\/\/www.europesays.com\/fr\/wp-json\/wp\/v2\/media\/452994"}],"wp:attachment":[{"href":"https:\/\/www.europesays.com\/fr\/wp-json\/wp\/v2\/media?parent=452993"}],"wp:term":[{"taxonomy":"category","embeddable":true,"href":"https:\/\/www.europesays.com\/fr\/wp-json\/wp\/v2\/categories?post=452993"},{"taxonomy":"post_tag","embeddable":true,"href":"https:\/\/www.europesays.com\/fr\/wp-json\/wp\/v2\/tags?post=452993"}],"curies":[{"name":"wp","href":"https:\/\/api.w.org\/{rel}","templated":true}]}}