{"id":452997,"date":"2025-10-10T17:12:16","date_gmt":"2025-10-10T17:12:16","guid":{"rendered":"https:\/\/www.europesays.com\/fr\/452997\/"},"modified":"2025-10-10T17:12:16","modified_gmt":"2025-10-10T17:12:16","slug":"chaque-annee-lactivite-decline-de-15-a-rennes-le-dernier-centre-public-dencaissement-de-cheques-en-france-va-fermer","status":"publish","type":"post","link":"https:\/\/www.europesays.com\/fr\/452997\/","title":{"rendered":"\u00ab\u00a0Chaque ann\u00e9e, l\u2019activit\u00e9 d\u00e9cline de 15\u00a0%\u00a0\u00bb\u00a0: \u00e0 Rennes, le dernier centre public d\u2019encaissement de ch\u00e8ques en France va fermer"},"content":{"rendered":"<p>Sa <a href=\"https:\/\/www.letelegramme.fr\/ille-et-vilaine\/rennes-35000\/ce-sont-de-vrais-ouvriers-50-emplois-sont-menaces-a-rennes-par-la-fin-possible-des-cheques-au-tresor-public-6867375.php\" target=\"_blank\" rel=\"noopener\">fermeture \u00e9tait dans l\u2019air<\/a>, elle est d\u00e9sormais act\u00e9e. Le centre d\u2019encaissement r\u00e9gional de traitement des ch\u00e8ques de Rennes, le dernier centre d\u2019encaissement public de France, fermera d\u00e9finitivement ses portes au 1er septembre 2027, comme l\u2019a confirm\u00e9 la Direction g\u00e9n\u00e9rale des finances publiques (DGFIP), ce vendredi 10 octobre 2025. Une d\u00e9cision prise au regard de la baisse continue de l\u2019activit\u00e9 depuis plusieurs ann\u00e9es, malgr\u00e9 les 8,4 millions de ch\u00e8ques (imp\u00f4ts sur le revenu, mais aussi amendes routi\u00e8res ou encore paiements aux collectivit\u00e9s locales pour la cantine et le centre de loisirs) trait\u00e9s par les 50 fonctionnaires d\u2019\u00c9tat du centre en 2024.<\/p>\n<p>Les 50 fonctionnaires vont \u00eatre reclass\u00e9s<\/p>\n<p>\u00ab Chaque ann\u00e9e, l\u2019activit\u00e9 d\u00e9cline de 15 %, explique Anth\u00e9a Martinez, secr\u00e9taire d\u00e9partementale CFDT Finances publiques. Remplacer les machines vieillissantes aurait co\u00fbt\u00e9 tr\u00e8s cher et, vu le contexte \u00e9conomique actuel, on savait qu\u2019il y avait peu de marges de man\u0153uvre et que le site \u00e9tait en sursis. \u00bb Elle se satisfait malgr\u00e9 tout que l\u2019activit\u00e9 ne sera pas privatis\u00e9e, mais \u00ab redirig\u00e9e vers des centres des imp\u00f4ts. En 2019, l\u2019activit\u00e9 des centres d\u2019encaissement de Lille et Cr\u00e9teil avait \u00e9t\u00e9 transf\u00e9r\u00e9e \u00e0 un op\u00e9rateur priv\u00e9 (le groupe fran\u00e7ais Tessi, NDLR). \u00bb<\/p>\n<p>Les 50 fonctionnaires d\u2019\u00c9tat du site rennais seront, eux, reclass\u00e9s. \u00ab Ce sont des vrais ouvriers, qui travaillent toute la journ\u00e9e sur des machines et certains depuis 20 ans. Ils ne pourront pas \u00eatre facilement reclass\u00e9s sur des fonctions administratives. Cette d\u00e9cision n\u2019est pas facile pour eux, mais nous les accompagnerons dans leurs formations. Beaucoup souhaitent rester dans le d\u00e9partement. \u00bb<\/p>\n","protected":false},"excerpt":{"rendered":"Sa fermeture \u00e9tait dans l\u2019air, elle est d\u00e9sormais act\u00e9e. Le centre d\u2019encaissement r\u00e9gional de traitement des ch\u00e8ques de&hellip;\n","protected":false},"author":2,"featured_media":452998,"comment_status":"","ping_status":"","sticky":false,"template":"","format":"standard","meta":{"footnotes":""},"categories":[2821],"tags":[1111,11,829,765,1777,674,1011,27,848,12,50972,584,25],"class_list":{"0":"post-452997","1":"post","2":"type-post","3":"status-publish","4":"format-standard","5":"has-post-thumbnail","7":"category-rennes","8":"tag-actu","9":"tag-actualites","10":"tag-bretagne","11":"tag-en-continu","12":"tag-eu","13":"tag-europe","14":"tag-fr","15":"tag-france","16":"tag-ille-et-vilaine","17":"tag-news","18":"tag-newsletter-la-rennes-quotidienne","19":"tag-rennes","20":"tag-republique-francaise"},"share_on_mastodon":{"url":"https:\/\/pubeurope.com\/@fr\/115350991219478080","error":""},"_links":{"self":[{"href":"https:\/\/www.europesays.com\/fr\/wp-json\/wp\/v2\/posts\/452997","targetHints":{"allow":["GET"]}}],"collection":[{"href":"https:\/\/www.europesays.com\/fr\/wp-json\/wp\/v2\/posts"}],"about":[{"href":"https:\/\/www.europesays.com\/fr\/wp-json\/wp\/v2\/types\/post"}],"author":[{"embeddable":true,"href":"https:\/\/www.europesays.com\/fr\/wp-json\/wp\/v2\/users\/2"}],"replies":[{"embeddable":true,"href":"https:\/\/www.europesays.com\/fr\/wp-json\/wp\/v2\/comments?post=452997"}],"version-history":[{"count":0,"href":"https:\/\/www.europesays.com\/fr\/wp-json\/wp\/v2\/posts\/452997\/revisions"}],"wp:featuredmedia":[{"embeddable":true,"href":"https:\/\/www.europesays.com\/fr\/wp-json\/wp\/v2\/media\/452998"}],"wp:attachment":[{"href":"https:\/\/www.europesays.com\/fr\/wp-json\/wp\/v2\/media?parent=452997"}],"wp:term":[{"taxonomy":"category","embeddable":true,"href":"https:\/\/www.europesays.com\/fr\/wp-json\/wp\/v2\/categories?post=452997"},{"taxonomy":"post_tag","embeddable":true,"href":"https:\/\/www.europesays.com\/fr\/wp-json\/wp\/v2\/tags?post=452997"}],"curies":[{"name":"wp","href":"https:\/\/api.w.org\/{rel}","templated":true}]}}