{"id":453007,"date":"2025-10-10T17:17:21","date_gmt":"2025-10-10T17:17:21","guid":{"rendered":"https:\/\/www.europesays.com\/fr\/453007\/"},"modified":"2025-10-10T17:17:21","modified_gmt":"2025-10-10T17:17:21","slug":"un-fourgon-a-eu-un-accident","status":"publish","type":"post","link":"https:\/\/www.europesays.com\/fr\/453007\/","title":{"rendered":"un fourgon a eu un accident"},"content":{"rendered":"<p>            Par<br \/>\n        <strong><br \/>\n            <a href=\"https:\/\/actu.fr\/auteur\/laure-gentil\" title=\"Consulter tous les articles de Laure Gentil\" target=\"_blank\" rel=\"noopener\">Laure Gentil<\/a><br \/>\n        <\/strong><\/p>\n<p>        Publi\u00e9 le<\/p>\n<p>            10 oct. 2025 \u00e0 16h51        <\/p>\n<p>Il va falloir \u00eatre prudent sur le<strong> p\u00e9riph\u00e9rique de Nantes,<\/strong> un fourgon tractant une mini-pelle a eu un <strong>accident<\/strong> de la route aux alentours de 16\u2009h, ce vendredi 10\u00a0octobre 2025, au <strong>niveau de la porte de Sautron.<\/strong><\/p>\n<p class=\" wall-content\">La circulation a \u00e9t\u00e9 coup\u00e9e sur le p\u00e9riph\u00e9rique int\u00e9rieur, selon la Direction interd\u00e9partementale des routes Ouest. La DIRO alerte sur \u00ab\u2009le risque de bouchons \u00e0 cette heure de trafic \u00e9lev\u00e9\u2009\u00bb. Un avertissement \u00e0 prendre avec s\u00e9rieux, <a href=\"https:\/\/www.bison-fute.gouv.fr\/nantes,10264.html\" target=\"_blank\" rel=\"noopener\">le site de Bison Fut\u00e9 montre que des bouchons se sont d\u00e9j\u00e0 form\u00e9s<\/a>.<\/p>\n<p>Une d\u00e9viation en place<\/p>\n<p class=\" wall-content\">Les automobilistes \u00ab\u2009sont invit\u00e9s \u00e0 suivre la d\u00e9viation locale mise en place par le gestionnaire le temps des op\u00e9rations de d\u00e9pannage et de nettoyage de chauss\u00e9e\u2009\u00bb.<\/p>\n<p class=\" wall-content\">Personnalisez votre actualit\u00e9 en ajoutant vos villes et m\u00e9dias en favori avec <a href=\"https:\/\/moncompte.actu.fr\" title=\"D\u00e9couvez Mon Actu\" rel=\"nofollow noopener\" data-trk=\"{&quot;cta&quot;:{&quot;action&quot;:&quot;https:\\\/\\\/moncompte.actu.fr&quot;,&quot;category&quot;:&quot;mon compte&quot;,&quot;from&quot;:&quot;article footer&quot;,&quot;name&quot;:&quot;Mon actu&quot;,&quot;type&quot;:&quot;cta&quot;}}\" target=\"_blank\">Mon Actu<\/a>.<\/p>\n","protected":false},"excerpt":{"rendered":"Par Laure Gentil Publi\u00e9 le 10 oct. 2025 \u00e0 16h51 Il va falloir \u00eatre prudent sur le p\u00e9riph\u00e9rique&hellip;\n","protected":false},"author":2,"featured_media":200886,"comment_status":"","ping_status":"","sticky":false,"template":"","format":"standard","meta":{"footnotes":""},"categories":[2818],"tags":[119,1111,11,3542,1777,674,118,1011,27,766,12,2636,4013,25],"class_list":{"0":"post-453007","1":"post","2":"type-post","3":"status-publish","4":"format-standard","5":"has-post-thumbnail","7":"category-nantes","8":"tag-accident","9":"tag-actu","10":"tag-actualites","11":"tag-circulation","12":"tag-eu","13":"tag-europe","14":"tag-faits-divers","15":"tag-fr","16":"tag-france","17":"tag-nantes","18":"tag-news","19":"tag-pays-de-la-loire","20":"tag-peripherique","21":"tag-republique-francaise"},"share_on_mastodon":{"url":"https:\/\/pubeurope.com\/@fr\/115351010939377998","error":""},"_links":{"self":[{"href":"https:\/\/www.europesays.com\/fr\/wp-json\/wp\/v2\/posts\/453007","targetHints":{"allow":["GET"]}}],"collection":[{"href":"https:\/\/www.europesays.com\/fr\/wp-json\/wp\/v2\/posts"}],"about":[{"href":"https:\/\/www.europesays.com\/fr\/wp-json\/wp\/v2\/types\/post"}],"author":[{"embeddable":true,"href":"https:\/\/www.europesays.com\/fr\/wp-json\/wp\/v2\/users\/2"}],"replies":[{"embeddable":true,"href":"https:\/\/www.europesays.com\/fr\/wp-json\/wp\/v2\/comments?post=453007"}],"version-history":[{"count":0,"href":"https:\/\/www.europesays.com\/fr\/wp-json\/wp\/v2\/posts\/453007\/revisions"}],"wp:featuredmedia":[{"embeddable":true,"href":"https:\/\/www.europesays.com\/fr\/wp-json\/wp\/v2\/media\/200886"}],"wp:attachment":[{"href":"https:\/\/www.europesays.com\/fr\/wp-json\/wp\/v2\/media?parent=453007"}],"wp:term":[{"taxonomy":"category","embeddable":true,"href":"https:\/\/www.europesays.com\/fr\/wp-json\/wp\/v2\/categories?post=453007"},{"taxonomy":"post_tag","embeddable":true,"href":"https:\/\/www.europesays.com\/fr\/wp-json\/wp\/v2\/tags?post=453007"}],"curies":[{"name":"wp","href":"https:\/\/api.w.org\/{rel}","templated":true}]}}