{"id":453101,"date":"2025-10-10T18:10:15","date_gmt":"2025-10-10T18:10:15","guid":{"rendered":"https:\/\/www.europesays.com\/fr\/453101\/"},"modified":"2025-10-10T18:10:15","modified_gmt":"2025-10-10T18:10:15","slug":"meurthe-et-moselle-le-departement-nest-plus-en-situation-de-secheresse","status":"publish","type":"post","link":"https:\/\/www.europesays.com\/fr\/453101\/","title":{"rendered":"Meurthe-et-Moselle. Le d\u00e9partement n\u2019est plus en situation de s\u00e9cheresse"},"content":{"rendered":"<p>Les relev\u00e9s m\u00e9t\u00e9o l\u2019avaient confirm\u00e9, jamais un mois de <a href=\"https:\/\/www.estrepublicain.fr\/environnement\/2025\/10\/01\/pluies-diluviennes-record-battu-jamais-un-mois-de-septembre-n-avait-ete-aussi-pluvieux-a-nancy\" target=\"_blank\" rel=\"noopener\"> septembre n\u2019avait \u00e9t\u00e9 aussi pluvieux \u00e0 Nancy depuis 1927 et le d\u00e9but des archives\u00a0!<\/a> Ce temps maussade aura eu un effet positif\u00a0: \u00ab\u00a0Compte tenu de la situation hydrologique et m\u00e9t\u00e9orologique, Yves S\u00e9guy, pr\u00e9fet de Meurthe-et-Moselle, a d\u00e9cid\u00e9 de lever le niveau de vigilance s\u00e9cheresse pour l\u2019ensemble des zones de gestion du d\u00e9partement\u00a0\u00bb, nous indique un communiqu\u00e9.<\/p>\n<p>\u00ab\u00a0Au cours du mois de septembre, la Meurthe-et-Moselle a connu des pr\u00e9cipitations abondantes, permettant une am\u00e9lioration significative de la situation hydrologique par rapport au moins d\u2019ao\u00fbt. Les cumuls de pluie enregistr\u00e9s varient de 122,3\u00a0mm (station de Villette, nord du d\u00e9partement) \u00e0 177,5\u00a0mm (station de Saint-Maurice-aux-Forges, est du d\u00e9partement), en passant par 170,3\u00a0mm \u00e0 Nancy-Essey (centre du d\u00e9partement).\u00a0\u00bb De fait, Nancy, notamment, a connu quelques \u00e9pisodes diluviens. <a href=\"https:\/\/www.estrepublicain.fr\/environnement\/2025\/09\/09\/pluies-diluviennes-des-degats-dans-des-batiments-a-nancy\" target=\"_blank\" rel=\"noopener\">Dans la nuit du 8 au 9\u00a0septembre, par exemple, plus de 30\u00a0litres d\u2019eau par m2 \u00a0\u00e9taient tomb\u00e9s en l\u2019espace de 12 heures et provoqu\u00e9 des d\u00e9g\u00e2ts.<\/a><\/p>\n<p>R\u00e9sultat\u00a0: les cours d\u2019eau et les nappes phr\u00e9atiques, pour la grande majorit\u00e9 d\u2019entre eux, sont revenus \u00e0 des niveaux normaux pour la p\u00e9riode. Bref, le d\u00e9partement n\u2019est plus en situation de s\u00e9cheresse.<\/p>\n","protected":false},"excerpt":{"rendered":"Les relev\u00e9s m\u00e9t\u00e9o l\u2019avaient confirm\u00e9, jamais un mois de septembre n\u2019avait \u00e9t\u00e9 aussi pluvieux \u00e0 Nancy depuis 1927&hellip;\n","protected":false},"author":2,"featured_media":453102,"comment_status":"","ping_status":"","sticky":false,"template":"","format":"standard","meta":{"footnotes":""},"categories":[9635],"tags":[1111,11,1704,436,1777,674,1011,27,775,8423,3457,1702,1703,12,25],"class_list":{"0":"post-453101","1":"post","2":"type-post","3":"status-publish","4":"format-standard","5":"has-post-thumbnail","7":"category-nancy","8":"tag-actu","9":"tag-actualites","10":"tag-edition-nancy-et-agglomeration","11":"tag-environnement","12":"tag-eu","13":"tag-europe","14":"tag-fr","15":"tag-france","16":"tag-grand-est","17":"tag-meteorologie-climat","18":"tag-meurthe-et-moselle","19":"tag-nancy","20":"tag-nancy-ville-54b","21":"tag-news","22":"tag-republique-francaise"},"share_on_mastodon":{"url":"https:\/\/pubeurope.com\/@fr\/115351219264170635","error":""},"_links":{"self":[{"href":"https:\/\/www.europesays.com\/fr\/wp-json\/wp\/v2\/posts\/453101","targetHints":{"allow":["GET"]}}],"collection":[{"href":"https:\/\/www.europesays.com\/fr\/wp-json\/wp\/v2\/posts"}],"about":[{"href":"https:\/\/www.europesays.com\/fr\/wp-json\/wp\/v2\/types\/post"}],"author":[{"embeddable":true,"href":"https:\/\/www.europesays.com\/fr\/wp-json\/wp\/v2\/users\/2"}],"replies":[{"embeddable":true,"href":"https:\/\/www.europesays.com\/fr\/wp-json\/wp\/v2\/comments?post=453101"}],"version-history":[{"count":0,"href":"https:\/\/www.europesays.com\/fr\/wp-json\/wp\/v2\/posts\/453101\/revisions"}],"wp:featuredmedia":[{"embeddable":true,"href":"https:\/\/www.europesays.com\/fr\/wp-json\/wp\/v2\/media\/453102"}],"wp:attachment":[{"href":"https:\/\/www.europesays.com\/fr\/wp-json\/wp\/v2\/media?parent=453101"}],"wp:term":[{"taxonomy":"category","embeddable":true,"href":"https:\/\/www.europesays.com\/fr\/wp-json\/wp\/v2\/categories?post=453101"},{"taxonomy":"post_tag","embeddable":true,"href":"https:\/\/www.europesays.com\/fr\/wp-json\/wp\/v2\/tags?post=453101"}],"curies":[{"name":"wp","href":"https:\/\/api.w.org\/{rel}","templated":true}]}}