{"id":453103,"date":"2025-10-10T18:12:29","date_gmt":"2025-10-10T18:12:29","guid":{"rendered":"https:\/\/www.europesays.com\/fr\/453103\/"},"modified":"2025-10-10T18:12:29","modified_gmt":"2025-10-10T18:12:29","slug":"rennes-nancy-nouvelle-caledonie-certains-etudiants-a-chaumont-viennent-de-loin","status":"publish","type":"post","link":"https:\/\/www.europesays.com\/fr\/453103\/","title":{"rendered":"Rennes, Nancy, Nouvelle-Cal\u00e9donie, certains \u00e9tudiants \u00e0 Chaumont viennent de loin"},"content":{"rendered":"<p>                                        <a data-no-instant=\"1\" href=\"https:\/\/jhm.fr\/boutique\/?mtm_campaign=BannAboOct&amp;mtm_kwd=BannAboOct&amp;mtm_source=BannAboOct&amp;mtm_medium=BannAboOct&amp;mtm_content=BannAboOct&amp;mtm_cid=BannAboOct&amp;mtm_group=BannAboOct&amp;mtm_placement=BannAboOct\" rel=\"noopener sponsored nofollow\" class=\"a2t-link\" target=\"_blank\" aria-label=\"CTI150790-1-Offre-abonnement-num\u00e9rique-2025 (1)\"><img loading=\"lazy\" decoding=\"async\" src=\"https:\/\/www.europesays.com\/fr\/wp-content\/uploads\/2025\/10\/CTI150790-1-Offre-abonnement-numerique-2025-1-1.gif\" alt=\"\" width=\"1800\" height=\"180\"\/><\/a>                                    <\/p>\n<p><strong>Vie\u00a0quotidienne. Jeudi 9 octobre, parmi les 1 000 \u00e9tudiants chaumontais, plus de 200 se sont retrouv\u00e9s aux Halles \u00e0 l\u2019occasion d\u2019une soir\u00e9e d\u2019accueil, organis\u00e9e par la Ville. De Nancy, de Rennes ou de Nouvelle-Cal\u00e9donie, certains jeunes sont venus de loin.\u00a0<\/strong><\/p>\n<p>Jeudi 9 octobre au soir, aux Halles, l\u2019ambiance \u00e9tait bien diff\u00e9rente de celle du march\u00e9 du samedi matin. Entre 200 et 300 \u00e9tudiants \u00e9taient r\u00e9unis pour une soir\u00e9e organis\u00e9e et offerte par la Ville.\u00a0Comme Lola, beaucoup de jeunes n\u2019ont pas choisi de poursuivre leurs \u00e9tudes post-bac au chef-lieu de la Haute-Marne. \u00ab Je viens de Nancy. C\u2019est Parcoursup qui m\u2019a dirig\u00e9e vers Chaumont. Si je connaissais la ville de nom, je n\u2019y \u00e9tais jamais venue. Pour ne rien vous cacher, le DNMADE (dipl\u00f4me national des m\u00e9tiers d\u2019art et du design)\u00a0Signal\u00e9tique et sc\u00e9nographie du lyc\u00e9e Charles-de-Gaulle faisait partie de mes derniers v\u0153ux. J\u2019en avais fait une vingtaine. \u00bb La jeune Nanc\u00e9ienne venait donc \u00e0 reculons dans la ville du graphisme. \u00ab Avant de partir de chez mes parents, je me suis demand\u00e9e ce que j\u2019allais y faire et y trouver. Je m\u2019\u00e9tais dit que j\u2019allais revenir \u00e0 Nancy toutes les deux semaines. \u00bb<\/p>\n<p><img loading=\"lazy\" decoding=\"async\" width=\"1024\" height=\"768\" src=\"https:\/\/www.europesays.com\/fr\/wp-content\/uploads\/2025\/10\/905d0abe-9a90-4b51-8dce-28b281aea018-1024x768.jpeg\" alt=\"\" class=\"wp-image-5555201\"  \/><\/p>\n<p>Est-ce que ce sentiment l\u2019a poursuivie ? La r\u00e9ponse est non. \u00ab\u00a0Finalement, je ne regrette pas de faire mes \u00e9tudes \u00e0 Chaumont. Une grande ville s\u2019accompagne de beaucoup de bruit. Ici, j\u2019y ai retrouv\u00e9 le calme. C\u2019est tr\u00e8s apaisant. Depuis mon arriv\u00e9e en ao\u00fbt, je ne suis revenue chez moi qu\u2019une seule fois. \u00c0 Chaumont, quand \u00e7a bouge, \u00e7a bouge r\u00e9ellement. Je suis tomb\u00e9e sur des gens tr\u00e8s accueillants. Tr\u00e8s vite, je me suis sentie comme un petit poisson dans l\u2019eau. Il y a une vraie communaut\u00e9 d\u2019\u00e9tudiants soud\u00e9e. Nous sortons et organisons beaucoup de soir\u00e9es. Mes week-ends sont charg\u00e9s. \u00bb<\/p>\n<p>Manque d\u2019activit\u00e9s  pour les jeunes<\/p>\n<p>Si certains \u00e9tudiants viennent du Grand Est, d\u2019autres ont chang\u00e9 de r\u00e9gion, voire d\u2019h\u00e9misph\u00e8re. C\u2019est le cas de Sabrina et de Syrielle. \u00ab Je viens de Rennes. Apr\u00e8s mon baccalaur\u00e9at professionnel, je suis partie en licence mention humanit\u00e9s \u00e0 Lille. Ce cursus ne m\u2019a pas convenu. J\u2019ai d\u00e9cid\u00e9 de me r\u00e9orienter vers un BTS services et prestations des secteurs sanitaire et social (SP3S). Via Parcoursup, j\u2019ai \u00e9t\u00e9 prise au lyc\u00e9e Edm\u00e9-Bouchardon. Compar\u00e9 \u00e0 Lille, Chaumont n\u2019est pas tr\u00e8s anim\u00e9. \u00c0 part quelques grands \u00e9v\u00e9nements, il n\u2019y a pas grand-chose pour les jeunes tout au long de l\u2019ann\u00e9e. C\u2019est un sujet dont la Ville devrait s\u2019emparer. Je n\u2019ai pas de famille ici. Heureusement, je me suis fait une bande d\u2019amis \u00bb, raconte Sabrina. La jeune femme \u00e9voque \u00e9galement l\u2019absence de prix \u00e9tudiants dans les commerces.<\/p>\n<p><img loading=\"lazy\" decoding=\"async\" width=\"1024\" height=\"683\" src=\"https:\/\/www.europesays.com\/fr\/wp-content\/uploads\/2025\/10\/IMG_0992-1024x683.jpg\" alt=\"\" class=\"wp-image-5555208\"  \/><\/p>\n<p>Parmi les amis de Sabrina, se trouve Syrielle. \u00c2g\u00e9e de 21 ans, elle est arriv\u00e9e \u00e0 Chaumont en 2024. \u00ab Jusqu\u2019au bac, j\u2019ai fait mes \u00e9tudes en Nouvelle-Cal\u00e9donie. Mon bac pro GA (gestion et administration) en poche, j\u2019ai commenc\u00e9 \u00e0 travailler afin de financer mes \u00e9tudes. Apr\u00e8s, je suis partie en m\u00e9tropole pour suivre un BTS assurance \u00e0 Amiens. Si au d\u00e9but, je m\u2019y plaisais, la perspective de travailler uniquement dans un bureau ne me r\u00e9jouissait pas plus que \u00e7a. \u00bb\u00a0Elle a donc d\u00e9cid\u00e9 de se r\u00e9orienter vers un m\u00e9tier plus humain. \u00ab J\u2019ai \u00e9t\u00e9 prise en BTS SP3S au lyc\u00e9e Bouchardon. Depuis mon arriv\u00e9e \u00e0 Chaumont, je me suis fait un groupe de bonnes amies. Nous passons de bons moments au K32. Nous organisons souvent des sorties. Ce week-end, nous allons au parc d\u2019attractions Nigloland. Le probl\u00e8me de Chaumont, c\u2019est qu\u2019il y a peu d\u2019activit\u00e9s pour les jeunes. C\u2019est dommage de devoir aller \u00e0 Dijon, \u00e0 Troyes ou \u00e0 Reims pour nous divertir. Je pense qu\u2019il y a une communaut\u00e9 d\u2019\u00e9tudiants assez importante pour avoir des projets de divertissements \u00bb, conclut Syrielle.<\/p>\n<p><img loading=\"lazy\" decoding=\"async\" width=\"1024\" height=\"683\" data-id=\"5554823\" src=\"https:\/\/www.europesays.com\/fr\/wp-content\/uploads\/2025\/10\/IMG_0994-1024x683.jpg\" alt=\"\" class=\"wp-image-5554823\"  \/><\/p>\n<p><img loading=\"lazy\" decoding=\"async\" width=\"1024\" height=\"683\" data-id=\"5554825\" src=\"https:\/\/www.europesays.com\/fr\/wp-content\/uploads\/2025\/10\/IMG_0995-1024x683.jpg\" alt=\"\" class=\"wp-image-5554825\"  \/><\/p>\n<p><img loading=\"lazy\" decoding=\"async\" width=\"1024\" height=\"683\" data-id=\"5554822\" src=\"https:\/\/www.europesays.com\/fr\/wp-content\/uploads\/2025\/10\/IMG_0996-1024x683.jpg\" alt=\"\" class=\"wp-image-5554822\"  \/><\/p>\n<p><img loading=\"lazy\" decoding=\"async\" width=\"1024\" height=\"683\" data-id=\"5554830\" src=\"https:\/\/www.europesays.com\/fr\/wp-content\/uploads\/2025\/10\/IMG_0997-1024x683.jpg\" alt=\"\" class=\"wp-image-5554830\"  \/><\/p>\n<p><img loading=\"lazy\" decoding=\"async\" width=\"1024\" height=\"683\" data-id=\"5554824\" src=\"https:\/\/www.europesays.com\/fr\/wp-content\/uploads\/2025\/10\/IMG_0998-1024x683.jpg\" alt=\"\" class=\"wp-image-5554824\"  \/><\/p>\n<p><img loading=\"lazy\" decoding=\"async\" width=\"1024\" height=\"683\" data-id=\"5554826\" src=\"https:\/\/www.europesays.com\/fr\/wp-content\/uploads\/2025\/10\/IMG_0999-1024x683.jpg\" alt=\"\" class=\"wp-image-5554826\"  \/><\/p>\n<p><img loading=\"lazy\" decoding=\"async\" width=\"1024\" height=\"683\" data-id=\"5554845\" src=\"https:\/\/www.europesays.com\/fr\/wp-content\/uploads\/2025\/10\/IMG_1000-1024x683.jpg\" alt=\"\" class=\"wp-image-5554845\"  \/><\/p>\n<p><img loading=\"lazy\" decoding=\"async\" width=\"1024\" height=\"683\" data-id=\"5554834\" src=\"https:\/\/www.europesays.com\/fr\/wp-content\/uploads\/2025\/10\/IMG_1001-1024x683.jpg\" alt=\"\" class=\"wp-image-5554834\"  \/><\/p>\n<p><img loading=\"lazy\" decoding=\"async\" width=\"1024\" height=\"683\" data-id=\"5554838\" src=\"https:\/\/www.europesays.com\/fr\/wp-content\/uploads\/2025\/10\/IMG_1002-1024x683.jpg\" alt=\"\" class=\"wp-image-5554838\"  \/><\/p>\n<p><img loading=\"lazy\" decoding=\"async\" width=\"1024\" height=\"683\" data-id=\"5554839\" src=\"https:\/\/www.europesays.com\/fr\/wp-content\/uploads\/2025\/10\/IMG_1003-1024x683.jpg\" alt=\"\" class=\"wp-image-5554839\"  \/><\/p>\n<p><img loading=\"lazy\" decoding=\"async\" width=\"1024\" height=\"683\" data-id=\"5554836\" src=\"https:\/\/www.europesays.com\/fr\/wp-content\/uploads\/2025\/10\/IMG_1004-1024x683.jpg\" alt=\"\" class=\"wp-image-5554836\"  \/><\/p>\n<p><img loading=\"lazy\" decoding=\"async\" width=\"1024\" height=\"683\" data-id=\"5554847\" src=\"https:\/\/www.europesays.com\/fr\/wp-content\/uploads\/2025\/10\/IMG_1005-1024x683.jpg\" alt=\"\" class=\"wp-image-5554847\"  \/><\/p>\n<p><img loading=\"lazy\" decoding=\"async\" width=\"1024\" height=\"683\" data-id=\"5554837\" src=\"https:\/\/www.europesays.com\/fr\/wp-content\/uploads\/2025\/10\/IMG_1006-1024x683.jpg\" alt=\"\" class=\"wp-image-5554837\"  \/><\/p>\n<p><img loading=\"lazy\" decoding=\"async\" width=\"1024\" height=\"683\" data-id=\"5554843\" src=\"https:\/\/www.europesays.com\/fr\/wp-content\/uploads\/2025\/10\/IMG_1007-1024x683.jpg\" alt=\"\" class=\"wp-image-5554843\"  \/><\/p>\n<p><img loading=\"lazy\" decoding=\"async\" width=\"1024\" height=\"683\" data-id=\"5554842\" src=\"https:\/\/www.europesays.com\/fr\/wp-content\/uploads\/2025\/10\/IMG_1008-1024x683.jpg\" alt=\"\" class=\"wp-image-5554842\"  \/><\/p>\n<p><img loading=\"lazy\" decoding=\"async\" width=\"1024\" height=\"683\" data-id=\"5554849\" src=\"https:\/\/www.europesays.com\/fr\/wp-content\/uploads\/2025\/10\/IMG_1009-1024x683.jpg\" alt=\"\" class=\"wp-image-5554849\"  \/><\/p>\n<p><img loading=\"lazy\" decoding=\"async\" width=\"1024\" height=\"683\" data-id=\"5554848\" src=\"https:\/\/www.europesays.com\/fr\/wp-content\/uploads\/2025\/10\/IMG_1010-1024x683.jpg\" alt=\"\" class=\"wp-image-5554848\"  \/><\/p>\n<p><img loading=\"lazy\" decoding=\"async\" width=\"1024\" height=\"683\" data-id=\"5554851\" src=\"https:\/\/www.europesays.com\/fr\/wp-content\/uploads\/2025\/10\/IMG_1011-1024x683.jpg\" alt=\"\" class=\"wp-image-5554851\"  \/><\/p>\n<p><img loading=\"lazy\" decoding=\"async\" width=\"1024\" height=\"683\" data-id=\"5554856\" src=\"https:\/\/www.europesays.com\/fr\/wp-content\/uploads\/2025\/10\/IMG_1012-1024x683.jpg\" alt=\"\" class=\"wp-image-5554856\"  \/><\/p>\n<p><img loading=\"lazy\" decoding=\"async\" width=\"1024\" height=\"683\" data-id=\"5554857\" src=\"https:\/\/www.europesays.com\/fr\/wp-content\/uploads\/2025\/10\/IMG_1013-1024x683.jpg\" alt=\"\" class=\"wp-image-5554857\"  \/><\/p>\n<p><img loading=\"lazy\" decoding=\"async\" width=\"1024\" height=\"683\" data-id=\"5554853\" src=\"https:\/\/www.europesays.com\/fr\/wp-content\/uploads\/2025\/10\/IMG_1014-1024x683.jpg\" alt=\"\" class=\"wp-image-5554853\"  \/><\/p>\n<p><img loading=\"lazy\" decoding=\"async\" width=\"1024\" height=\"683\" data-id=\"5554859\" src=\"https:\/\/www.europesays.com\/fr\/wp-content\/uploads\/2025\/10\/IMG_1015-1024x683.jpg\" alt=\"\" class=\"wp-image-5554859\"  \/><\/p>\n<p><img loading=\"lazy\" decoding=\"async\" width=\"1024\" height=\"683\" data-id=\"5554858\" src=\"https:\/\/www.europesays.com\/fr\/wp-content\/uploads\/2025\/10\/IMG_1016-1024x683.jpg\" alt=\"\" class=\"wp-image-5554858\"  \/><\/p>\n<p><img loading=\"lazy\" decoding=\"async\" width=\"1024\" height=\"683\" data-id=\"5554865\" src=\"https:\/\/www.europesays.com\/fr\/wp-content\/uploads\/2025\/10\/IMG_1017-1024x683.jpg\" alt=\"\" class=\"wp-image-5554865\"  \/><\/p>\n<p><img loading=\"lazy\" decoding=\"async\" width=\"1024\" height=\"683\" data-id=\"5554862\" src=\"https:\/\/www.europesays.com\/fr\/wp-content\/uploads\/2025\/10\/IMG_1018-1024x683.jpg\" alt=\"\" class=\"wp-image-5554862\"  \/><\/p>\n<p><img loading=\"lazy\" decoding=\"async\" width=\"1024\" height=\"683\" data-id=\"5554852\" src=\"https:\/\/www.europesays.com\/fr\/wp-content\/uploads\/2025\/10\/IMG_1019-1024x683.jpg\" alt=\"\" class=\"wp-image-5554852\"  \/><\/p>\n<p><img loading=\"lazy\" decoding=\"async\" width=\"1024\" height=\"683\" data-id=\"5554860\" src=\"https:\/\/www.europesays.com\/fr\/wp-content\/uploads\/2025\/10\/IMG_1020-1024x683.jpg\" alt=\"\" class=\"wp-image-5554860\"  \/><\/p>\n<p><img loading=\"lazy\" decoding=\"async\" width=\"1024\" height=\"683\" data-id=\"5554864\" src=\"https:\/\/www.europesays.com\/fr\/wp-content\/uploads\/2025\/10\/IMG_1021-1024x683.jpg\" alt=\"\" class=\"wp-image-5554864\"  \/><\/p>\n<p><img loading=\"lazy\" decoding=\"async\" width=\"1024\" height=\"683\" data-id=\"5554854\" src=\"https:\/\/www.europesays.com\/fr\/wp-content\/uploads\/2025\/10\/IMG_1022-1024x683.jpg\" alt=\"\" class=\"wp-image-5554854\"  \/><\/p>\n<p><img loading=\"lazy\" decoding=\"async\" width=\"1024\" height=\"683\" data-id=\"5554855\" src=\"https:\/\/www.europesays.com\/fr\/wp-content\/uploads\/2025\/10\/IMG_1023-1024x683.jpg\" alt=\"\" class=\"wp-image-5554855\"  \/><\/p>\n<p><img loading=\"lazy\" decoding=\"async\" width=\"1024\" height=\"683\" data-id=\"5554850\" src=\"https:\/\/www.europesays.com\/fr\/wp-content\/uploads\/2025\/10\/IMG_1024-1024x683.jpg\" alt=\"\" class=\"wp-image-5554850\"  \/><\/p>\n<p><img loading=\"lazy\" decoding=\"async\" width=\"1024\" height=\"683\" data-id=\"5554868\" src=\"https:\/\/www.europesays.com\/fr\/wp-content\/uploads\/2025\/10\/IMG_1025-1024x683.jpg\" alt=\"\" class=\"wp-image-5554868\"  \/><\/p>\n<p><img loading=\"lazy\" decoding=\"async\" width=\"1024\" height=\"683\" data-id=\"5554869\" src=\"https:\/\/www.europesays.com\/fr\/wp-content\/uploads\/2025\/10\/IMG_1027-1024x683.jpg\" alt=\"\" class=\"wp-image-5554869\"  \/><\/p>\n<p><img loading=\"lazy\" decoding=\"async\" width=\"1024\" height=\"683\" data-id=\"5554872\" src=\"https:\/\/www.europesays.com\/fr\/wp-content\/uploads\/2025\/10\/IMG_1030-1024x683.jpg\" alt=\"\" class=\"wp-image-5554872\"  \/><\/p>\n<p><img loading=\"lazy\" decoding=\"async\" width=\"1024\" height=\"683\" data-id=\"5554875\" src=\"https:\/\/www.europesays.com\/fr\/wp-content\/uploads\/2025\/10\/IMG_1031-1024x683.jpg\" alt=\"\" class=\"wp-image-5554875\"  \/><\/p>\n<p><img loading=\"lazy\" decoding=\"async\" width=\"1024\" height=\"683\" data-id=\"5554892\" src=\"https:\/\/www.europesays.com\/fr\/wp-content\/uploads\/2025\/10\/IMG_1032-1024x683.jpg\" alt=\"\" class=\"wp-image-5554892\"  \/><\/p>\n<p><img loading=\"lazy\" decoding=\"async\" width=\"1024\" height=\"683\" data-id=\"5554900\" src=\"https:\/\/www.europesays.com\/fr\/wp-content\/uploads\/2025\/10\/IMG_1033-1024x683.jpg\" alt=\"\" class=\"wp-image-5554900\"  \/><\/p>\n<p><img loading=\"lazy\" decoding=\"async\" width=\"1024\" height=\"683\" data-id=\"5554901\" src=\"https:\/\/www.europesays.com\/fr\/wp-content\/uploads\/2025\/10\/IMG_1034-1024x683.jpg\" alt=\"\" class=\"wp-image-5554901\"  \/><\/p>\n<p><img loading=\"lazy\" decoding=\"async\" width=\"1024\" height=\"683\" data-id=\"5554917\" src=\"https:\/\/www.europesays.com\/fr\/wp-content\/uploads\/2025\/10\/IMG_1035-1024x683.jpg\" alt=\"\" class=\"wp-image-5554917\"  \/><\/p>\n<p><img loading=\"lazy\" decoding=\"async\" width=\"1024\" height=\"683\" data-id=\"5554913\" src=\"https:\/\/www.europesays.com\/fr\/wp-content\/uploads\/2025\/10\/IMG_1036-1024x683.jpg\" alt=\"\" class=\"wp-image-5554913\"  \/><\/p>\n<p><img loading=\"lazy\" decoding=\"async\" width=\"1024\" height=\"683\" data-id=\"5554904\" src=\"https:\/\/www.europesays.com\/fr\/wp-content\/uploads\/2025\/10\/IMG_1037-1024x683.jpg\" alt=\"\" class=\"wp-image-5554904\"  \/><\/p>\n<p><img loading=\"lazy\" decoding=\"async\" width=\"1024\" height=\"683\" data-id=\"5554915\" src=\"https:\/\/www.europesays.com\/fr\/wp-content\/uploads\/2025\/10\/IMG_1038-1024x683.jpg\" alt=\"\" class=\"wp-image-5554915\"  \/><\/p>\n<p><img loading=\"lazy\" decoding=\"async\" width=\"1024\" height=\"683\" data-id=\"5554903\" src=\"https:\/\/www.europesays.com\/fr\/wp-content\/uploads\/2025\/10\/IMG_1039-1024x683.jpg\" alt=\"\" class=\"wp-image-5554903\"  \/><\/p>\n<p><img loading=\"lazy\" decoding=\"async\" width=\"1024\" height=\"683\" data-id=\"5554916\" src=\"https:\/\/www.europesays.com\/fr\/wp-content\/uploads\/2025\/10\/IMG_1040-1024x683.jpg\" alt=\"\" class=\"wp-image-5554916\"  \/><\/p>\n<p><img loading=\"lazy\" decoding=\"async\" width=\"1024\" height=\"683\" data-id=\"5554907\" src=\"https:\/\/www.europesays.com\/fr\/wp-content\/uploads\/2025\/10\/IMG_1042-1024x683.jpg\" alt=\"\" class=\"wp-image-5554907\"  \/><\/p>\n<p><img loading=\"lazy\" decoding=\"async\" width=\"1024\" height=\"683\" data-id=\"5554919\" src=\"https:\/\/www.europesays.com\/fr\/wp-content\/uploads\/2025\/10\/IMG_1043-1024x683.jpg\" alt=\"\" class=\"wp-image-5554919\"  \/><\/p>\n<p><img loading=\"lazy\" decoding=\"async\" width=\"1024\" height=\"683\" data-id=\"5554920\" src=\"https:\/\/www.europesays.com\/fr\/wp-content\/uploads\/2025\/10\/IMG_1045-1024x683.jpg\" alt=\"\" class=\"wp-image-5554920\"  \/><\/p>\n<p><img loading=\"lazy\" decoding=\"async\" width=\"1024\" height=\"683\" data-id=\"5554918\" src=\"https:\/\/www.europesays.com\/fr\/wp-content\/uploads\/2025\/10\/IMG_1048-1024x683.jpg\" alt=\"\" class=\"wp-image-5554918\"  \/><\/p>\n<p><img loading=\"lazy\" decoding=\"async\" width=\"1024\" height=\"683\" data-id=\"5554923\" src=\"https:\/\/www.europesays.com\/fr\/wp-content\/uploads\/2025\/10\/IMG_1049-1024x683.jpg\" alt=\"\" class=\"wp-image-5554923\"  \/><\/p>\n<p><img loading=\"lazy\" decoding=\"async\" width=\"1024\" height=\"683\" data-id=\"5554925\" src=\"https:\/\/www.europesays.com\/fr\/wp-content\/uploads\/2025\/10\/IMG_1050-1024x683.jpg\" alt=\"\" class=\"wp-image-5554925\"  \/><\/p>\n<p><img loading=\"lazy\" decoding=\"async\" width=\"1024\" height=\"683\" data-id=\"5554929\" src=\"https:\/\/www.europesays.com\/fr\/wp-content\/uploads\/2025\/10\/IMG_1051-1024x683.jpg\" alt=\"\" class=\"wp-image-5554929\"  \/><\/p>\n<p><img loading=\"lazy\" decoding=\"async\" width=\"1024\" height=\"683\" data-id=\"5554939\" src=\"https:\/\/www.europesays.com\/fr\/wp-content\/uploads\/2025\/10\/IMG_1052-1024x683.jpg\" alt=\"\" class=\"wp-image-5554939\"  \/><\/p>\n<p><img loading=\"lazy\" decoding=\"async\" width=\"1024\" height=\"683\" data-id=\"5554928\" src=\"https:\/\/www.europesays.com\/fr\/wp-content\/uploads\/2025\/10\/IMG_1055-1024x683.jpg\" alt=\"\" class=\"wp-image-5554928\"  \/><\/p>\n<p><img loading=\"lazy\" decoding=\"async\" width=\"1024\" height=\"683\" data-id=\"5554936\" src=\"https:\/\/www.europesays.com\/fr\/wp-content\/uploads\/2025\/10\/IMG_1058-1024x683.jpg\" alt=\"\" class=\"wp-image-5554936\"  \/><\/p>\n<p><img loading=\"lazy\" decoding=\"async\" width=\"1024\" height=\"683\" data-id=\"5554931\" src=\"https:\/\/www.europesays.com\/fr\/wp-content\/uploads\/2025\/10\/IMG_1059-1024x683.jpg\" alt=\"\" class=\"wp-image-5554931\"  \/><\/p>\n<p><img loading=\"lazy\" decoding=\"async\" width=\"1024\" height=\"683\" data-id=\"5554927\" src=\"https:\/\/www.europesays.com\/fr\/wp-content\/uploads\/2025\/10\/IMG_1061-1024x683.jpg\" alt=\"\" class=\"wp-image-5554927\"  \/><\/p>\n<p><img loading=\"lazy\" decoding=\"async\" width=\"1024\" height=\"683\" data-id=\"5554940\" src=\"https:\/\/www.europesays.com\/fr\/wp-content\/uploads\/2025\/10\/IMG_1063-1024x683.jpg\" alt=\"\" class=\"wp-image-5554940\"  \/><\/p>\n<p><img loading=\"lazy\" decoding=\"async\" width=\"1024\" height=\"683\" data-id=\"5554938\" src=\"https:\/\/www.europesays.com\/fr\/wp-content\/uploads\/2025\/10\/IMG_1066-1024x683.jpg\" alt=\"\" class=\"wp-image-5554938\"  \/><\/p>\n<p><img loading=\"lazy\" decoding=\"async\" width=\"1024\" height=\"683\" data-id=\"5554943\" src=\"https:\/\/www.europesays.com\/fr\/wp-content\/uploads\/2025\/10\/IMG_1068-1024x683.jpg\" alt=\"\" class=\"wp-image-5554943\"  \/><\/p>\n<p><img loading=\"lazy\" decoding=\"async\" width=\"1024\" height=\"683\" data-id=\"5554944\" src=\"https:\/\/www.europesays.com\/fr\/wp-content\/uploads\/2025\/10\/IMG_1069-1024x683.jpg\" alt=\"\" class=\"wp-image-5554944\"  \/><\/p>\n<p><img loading=\"lazy\" decoding=\"async\" width=\"1024\" height=\"683\" data-id=\"5554945\" src=\"https:\/\/www.europesays.com\/fr\/wp-content\/uploads\/2025\/10\/IMG_1070-1024x683.jpg\" alt=\"\" class=\"wp-image-5554945\"  \/><\/p>\n<p><img loading=\"lazy\" decoding=\"async\" width=\"1024\" height=\"683\" data-id=\"5554949\" src=\"https:\/\/www.europesays.com\/fr\/wp-content\/uploads\/2025\/10\/IMG_1071-1024x683.jpg\" alt=\"\" class=\"wp-image-5554949\"  \/><\/p>\n<p><img loading=\"lazy\" decoding=\"async\" width=\"1024\" height=\"683\" data-id=\"5554948\" src=\"https:\/\/www.europesays.com\/fr\/wp-content\/uploads\/2025\/10\/IMG_1072-1024x683.jpg\" alt=\"\" class=\"wp-image-5554948\"  \/><\/p>\n<p><img loading=\"lazy\" decoding=\"async\" width=\"1024\" height=\"683\" data-id=\"5554947\" src=\"https:\/\/www.europesays.com\/fr\/wp-content\/uploads\/2025\/10\/IMG_1073-1024x683.jpg\" alt=\"\" class=\"wp-image-5554947\"  \/><\/p>\n<p><img loading=\"lazy\" decoding=\"async\" width=\"1024\" height=\"683\" data-id=\"5554951\" src=\"https:\/\/www.europesays.com\/fr\/wp-content\/uploads\/2025\/10\/IMG_1075-1024x683.jpg\" alt=\"\" class=\"wp-image-5554951\"  \/><\/p>\n<p><img loading=\"lazy\" decoding=\"async\" width=\"1024\" height=\"683\" data-id=\"5554977\" src=\"https:\/\/www.europesays.com\/fr\/wp-content\/uploads\/2025\/10\/IMG_1076-1024x683.jpg\" alt=\"\" class=\"wp-image-5554977\"  \/><\/p>\n<p><img loading=\"lazy\" decoding=\"async\" width=\"1024\" height=\"683\" data-id=\"5554971\" src=\"https:\/\/www.europesays.com\/fr\/wp-content\/uploads\/2025\/10\/IMG_1077-1024x683.jpg\" alt=\"\" class=\"wp-image-5554971\"  \/><\/p>\n<p><img loading=\"lazy\" decoding=\"async\" width=\"1024\" height=\"683\" data-id=\"5554999\" src=\"https:\/\/www.europesays.com\/fr\/wp-content\/uploads\/2025\/10\/IMG_1081-1024x683.jpg\" alt=\"\" class=\"wp-image-5554999\"  \/><\/p>\n<p><img loading=\"lazy\" decoding=\"async\" width=\"1024\" height=\"683\" data-id=\"5555001\" src=\"https:\/\/www.europesays.com\/fr\/wp-content\/uploads\/2025\/10\/IMG_1082-1024x683.jpg\" alt=\"\" class=\"wp-image-5555001\"  \/><\/p>\n<p><img loading=\"lazy\" decoding=\"async\" width=\"1024\" height=\"683\" data-id=\"5555006\" src=\"https:\/\/www.europesays.com\/fr\/wp-content\/uploads\/2025\/10\/IMG_1086-1024x683.jpg\" alt=\"\" class=\"wp-image-5555006\"  \/><\/p>\n<p><img loading=\"lazy\" decoding=\"async\" width=\"1024\" height=\"683\" data-id=\"5555010\" src=\"https:\/\/www.europesays.com\/fr\/wp-content\/uploads\/2025\/10\/IMG_1088-1024x683.jpg\" alt=\"\" class=\"wp-image-5555010\"  \/><\/p>\n<p><img loading=\"lazy\" decoding=\"async\" width=\"1024\" height=\"683\" data-id=\"5555012\" src=\"https:\/\/www.europesays.com\/fr\/wp-content\/uploads\/2025\/10\/IMG_1089-1024x683.jpg\" alt=\"\" class=\"wp-image-5555012\"  \/><\/p>\n<p><img loading=\"lazy\" decoding=\"async\" width=\"1024\" height=\"683\" data-id=\"5555019\" src=\"https:\/\/www.europesays.com\/fr\/wp-content\/uploads\/2025\/10\/IMG_1090-1024x683.jpg\" alt=\"\" class=\"wp-image-5555019\"  \/><\/p>\n<p><img loading=\"lazy\" decoding=\"async\" width=\"1024\" height=\"683\" data-id=\"5555013\" src=\"https:\/\/www.europesays.com\/fr\/wp-content\/uploads\/2025\/10\/IMG_1092-1024x683.jpg\" alt=\"\" class=\"wp-image-5555013\"  \/><\/p>\n<p><img loading=\"lazy\" decoding=\"async\" width=\"1024\" height=\"683\" data-id=\"5555020\" src=\"https:\/\/www.europesays.com\/fr\/wp-content\/uploads\/2025\/10\/IMG_1093-1-1024x683.jpg\" alt=\"\" class=\"wp-image-5555020\"  \/><\/p>\n<p><strong>Corentin Gouriou<\/strong><\/p>\n","protected":false},"excerpt":{"rendered":"Vie\u00a0quotidienne. Jeudi 9 octobre, parmi les 1 000 \u00e9tudiants chaumontais, plus de 200 se sont retrouv\u00e9s aux Halles&hellip;\n","protected":false},"author":2,"featured_media":453104,"comment_status":"","ping_status":"","sticky":false,"template":"","format":"standard","meta":{"footnotes":""},"categories":[9635],"tags":[1111,11,1777,674,1011,27,775,1702,12,25],"class_list":{"0":"post-453103","1":"post","2":"type-post","3":"status-publish","4":"format-standard","5":"has-post-thumbnail","7":"category-nancy","8":"tag-actu","9":"tag-actualites","10":"tag-eu","11":"tag-europe","12":"tag-fr","13":"tag-france","14":"tag-grand-est","15":"tag-nancy","16":"tag-news","17":"tag-republique-francaise"},"share_on_mastodon":{"url":"https:\/\/pubeurope.com\/@fr\/115351230188297220","error":""},"_links":{"self":[{"href":"https:\/\/www.europesays.com\/fr\/wp-json\/wp\/v2\/posts\/453103","targetHints":{"allow":["GET"]}}],"collection":[{"href":"https:\/\/www.europesays.com\/fr\/wp-json\/wp\/v2\/posts"}],"about":[{"href":"https:\/\/www.europesays.com\/fr\/wp-json\/wp\/v2\/types\/post"}],"author":[{"embeddable":true,"href":"https:\/\/www.europesays.com\/fr\/wp-json\/wp\/v2\/users\/2"}],"replies":[{"embeddable":true,"href":"https:\/\/www.europesays.com\/fr\/wp-json\/wp\/v2\/comments?post=453103"}],"version-history":[{"count":0,"href":"https:\/\/www.europesays.com\/fr\/wp-json\/wp\/v2\/posts\/453103\/revisions"}],"wp:featuredmedia":[{"embeddable":true,"href":"https:\/\/www.europesays.com\/fr\/wp-json\/wp\/v2\/media\/453104"}],"wp:attachment":[{"href":"https:\/\/www.europesays.com\/fr\/wp-json\/wp\/v2\/media?parent=453103"}],"wp:term":[{"taxonomy":"category","embeddable":true,"href":"https:\/\/www.europesays.com\/fr\/wp-json\/wp\/v2\/categories?post=453103"},{"taxonomy":"post_tag","embeddable":true,"href":"https:\/\/www.europesays.com\/fr\/wp-json\/wp\/v2\/tags?post=453103"}],"curies":[{"name":"wp","href":"https:\/\/api.w.org\/{rel}","templated":true}]}}