{"id":453107,"date":"2025-10-10T18:14:13","date_gmt":"2025-10-10T18:14:13","guid":{"rendered":"https:\/\/www.europesays.com\/fr\/453107\/"},"modified":"2025-10-10T18:14:13","modified_gmt":"2025-10-10T18:14:13","slug":"top-14-marcos-kremer-et-bautista-delguy-titulaires-avec-lasm-clermont-pour-affronter-le-rc-toulon","status":"publish","type":"post","link":"https:\/\/www.europesays.com\/fr\/453107\/","title":{"rendered":"Top 14 : Marcos Kremer et Bautista Delguy titulaires avec l&rsquo;ASM Clermont pour affronter le RC Toulon"},"content":{"rendered":"<p>A peine de retour de s\u00e9lection avec l&rsquo;Argentine, Marcos Kremer et Bautista Delguy seront titulaires pour affronter le RC Toulon ce samedi 11 octobre au stade Marcel-Michelin. A l&rsquo;arri\u00e8re, le jeune Axel Guillaud encha\u00eene une deuxi\u00e8me titularisation cons\u00e9cutive.<\/p>\n<p>Les vacances attendront pour les internationaux Argentins de l&rsquo;ASM. <strong>Marcos Kremer et Bautista Delguy sont titulaires<\/strong> d\u00e8s ce week-end pour affronter le RCT. Le 3e ligne et l&rsquo;ailier reviennent tout juste de deux mois de comp\u00e9tition au Rugby Championship.<\/p>\n<p>Par ailleurs le capitaine Baptiste Jauneau retrouve une place de titulaire, au d\u00e9triment de S\u00e9bastien B\u00e9zy. Enfin le jeune <strong>Axel Guillaud, 19 ans, encha\u00eene comme titulaire<\/strong> \u00e0 l&rsquo;arri\u00e8re, une semaine apr\u00e8s sa premi\u00e8re en Top 14. Alex Newsome reste titulaire au centre malgr\u00e9 le retour d&rsquo;Alivereti Loaloa, sur le banc.<\/p>\n<p>La composition de l&rsquo;ASM<\/p>\n<p><strong>15.<\/strong>\u00a0Axel GUILLAUD\u00a0;\u00a0<strong>14.<\/strong>\u00a0Bautista DELGUY\u00a0;\u00a0<strong>13.<\/strong>\u00a0Alex NEWSOME\u00a0;\u00a0<strong>12.<\/strong>\u00a0L\u00e9on DARRICARRERE\u00a0;\u00a0<strong>11<\/strong>. Joris JURAND\u00a0;\u00a0<strong>10.<\/strong>\u00a0Harry PLUMMER\u00a0;\u00a0<strong>9.<\/strong>\u00a0Baptiste JAUNEAU (c) ;\u00a0<strong>8.<\/strong>\u00a0Selevasio TOLOFUA\u00a0;\u00a0<strong>7.<\/strong>\u00a0Marcos KREMER\u00a0;\u00a0<strong>6.<\/strong>\u00a0Pita-Gus SOWAKULA\u00a0;\u00a0<strong>5.<\/strong>\u00a0Thomas CEYTE\u00a0;\u00a0<strong>4.<\/strong>\u00a0Rob SIMMONS\u00a0;\u00a0<strong>3.<\/strong>\u00a0R\u00e9gis MONTAGNE\u00a0;\u00a0<strong>2.<\/strong>\u00a0Barnab\u00e9 MASSA\u00a0;\u00a0<strong>1.<\/strong>\u00a0Giorgi AKHALADZE<\/p>\n<p><strong>Les rempla\u00e7ants\u00a0:<\/strong>\u00a016. Etienne FOURCADE\u00a0; 17.\u00a0Etienne FALGOUX\u00a0; 18.\u00a0Anthime HEMERY\u00a0;\u00a019. Killian TIXERONT\u00a0; 20. S\u00e9bastien BEZY\u00a0; 21.\u00a0Tom RAFFY\u00a0; 22. Alivereti LOALOA\u00a0; 23. Cristian OJOVAN<\/p>\n<p>La composition du RCT <\/p>\n","protected":false},"excerpt":{"rendered":"A peine de retour de s\u00e9lection avec l&rsquo;Argentine, Marcos Kremer et Bautista Delguy seront titulaires pour affronter le&hellip;\n","protected":false},"author":2,"featured_media":453108,"comment_status":"","ping_status":"","sticky":false,"template":"","format":"standard","meta":{"footnotes":""},"categories":[9619],"tags":[1111,11,1777,674,1011,27,12,882,25,2310],"class_list":{"0":"post-453107","1":"post","2":"type-post","3":"status-publish","4":"format-standard","5":"has-post-thumbnail","7":"category-toulon","8":"tag-actu","9":"tag-actualites","10":"tag-eu","11":"tag-europe","12":"tag-fr","13":"tag-france","14":"tag-news","15":"tag-provence-alpes-cote-dazur","16":"tag-republique-francaise","17":"tag-toulon"},"share_on_mastodon":{"url":"https:\/\/pubeurope.com\/@fr\/115351235028134805","error":""},"_links":{"self":[{"href":"https:\/\/www.europesays.com\/fr\/wp-json\/wp\/v2\/posts\/453107","targetHints":{"allow":["GET"]}}],"collection":[{"href":"https:\/\/www.europesays.com\/fr\/wp-json\/wp\/v2\/posts"}],"about":[{"href":"https:\/\/www.europesays.com\/fr\/wp-json\/wp\/v2\/types\/post"}],"author":[{"embeddable":true,"href":"https:\/\/www.europesays.com\/fr\/wp-json\/wp\/v2\/users\/2"}],"replies":[{"embeddable":true,"href":"https:\/\/www.europesays.com\/fr\/wp-json\/wp\/v2\/comments?post=453107"}],"version-history":[{"count":0,"href":"https:\/\/www.europesays.com\/fr\/wp-json\/wp\/v2\/posts\/453107\/revisions"}],"wp:featuredmedia":[{"embeddable":true,"href":"https:\/\/www.europesays.com\/fr\/wp-json\/wp\/v2\/media\/453108"}],"wp:attachment":[{"href":"https:\/\/www.europesays.com\/fr\/wp-json\/wp\/v2\/media?parent=453107"}],"wp:term":[{"taxonomy":"category","embeddable":true,"href":"https:\/\/www.europesays.com\/fr\/wp-json\/wp\/v2\/categories?post=453107"},{"taxonomy":"post_tag","embeddable":true,"href":"https:\/\/www.europesays.com\/fr\/wp-json\/wp\/v2\/tags?post=453107"}],"curies":[{"name":"wp","href":"https:\/\/api.w.org\/{rel}","templated":true}]}}