{"id":453109,"date":"2025-10-10T18:15:19","date_gmt":"2025-10-10T18:15:19","guid":{"rendered":"https:\/\/www.europesays.com\/fr\/453109\/"},"modified":"2025-10-10T18:15:19","modified_gmt":"2025-10-10T18:15:19","slug":"vaccination-a-averroes-a-montpellier-la-mosquee-ou-lon-ne-fait-pas-que-prier","status":"publish","type":"post","link":"https:\/\/www.europesays.com\/fr\/453109\/","title":{"rendered":"Vaccination\u00a0: \u00e0 Averro\u00e8s \u00e0 Montpellier la mosqu\u00e9e \u00ab\u00a0o\u00f9 l\u2019on ne fait pas que prier\u00a0\u00bb"},"content":{"rendered":"<p>\n                                                                Avec un m\u00e9decin un pharmacien, le lieu de culte lance une campagne de sensibilisation.\n                            <\/p>\n<p>AnnonCe prochaine de la grippe, recrudescence de cas de Covid, information vaccinale pour les p\u00e8lerins en partance pour l\u2019Arabie saoudite\u2026 T\u00e9moin d\u2019un accroissement des risques, le pr\u00e9sident de la grande mosqu\u00e9e Averro\u00e8s, LhoussineTahri a pr\u00e9f\u00e9r\u00e9 prendre la probl\u00e9matique \u00e0 bras-le-corps.<\/p>\n<p>Explications\u00a0: \u00ab\u00a0Au vu de cette recrudescence, notamment \u00e0 La Paillade, au Petit-Bard et \u00e0 La Pergola, et parce que beaucoup de gens ne peuvent pas toujours se d\u00e9placer ou ont du mal \u00e0 s\u2019exprimer, nous avons d\u00e9cid\u00e9 de proposer une campagne de vaccination\u00a0\u00bb.<\/p>\n<p>Le protoxyde d\u2019azote, cet autre souci de sant\u00e9 publique<\/p>\n<p>Par le biais de relations, Lhoussine Tahri a fait intervenir, ce vendredi 10\u00a0octobre en marge de la pri\u00e8re du vendredi, Marie-Christine Peneranda, pharmacien \u00e0 Saint-G\u00e9ly-du-Fesc ainsi qu\u2019un m\u00e9decin. \u00c0 charge pour les deux blouses blanches de lancer le sujet aupr\u00e8s des fid\u00e8les. Cela, bien entendu, sans aucune obligation. Le but premier de cette action totalement b\u00e9n\u00e9vole, \u00ab\u00a0de sensibiliser sur l\u2019importance de la vaccination\u00a0\u00bb, insistent les praticiennes. Sachant que plus des deux tiers des fid\u00e8les sont \u00e2g\u00e9s de plus de soixante ans, Averro\u00e8s \u00e9tait le lieu idoine pour faire passer le message.<\/p>\n<p>Laquelle est, bien entendu, enti\u00e8rement prise en charge par l\u2019Assurance maladie. Et qui pourrait \u00eatre mise en place d\u00e8s la semaine prochaine, peut-\u00eatre au sein m\u00eame du lieu de culte. \u00ab\u00a0La pharmacie a m\u00eame propos\u00e9 d\u2019aller aux domiciles des gens qui ne peuvent pas se d\u00e9placer\u00a0\u00bb, salue le pr\u00e9sident d\u2019Averro\u00e8s. Et dont le site dont il a la charge est bien plus que cela. \u00ab\u00a0C\u2019est une mosqu\u00e9e o\u00f9 l\u2019on ne fait pas que prier\u00a0\u00bb, rappelle son pr\u00e9sident.<\/p>\n<p>Et o\u00f9 l\u2019on promeut un \u00ab\u00a0islam r\u00e9publicain\u00a0\u00bb. S\u2019emparant ainsi des probl\u00e8mes soci\u00e9taux. Le dernier en date outre cette campagne vaccinale\u00a0: le d\u00e9sarroi suscit\u00e9 par l\u2019invasion du protoxyde d\u2019azote chez les jeunes. M\u00e9dicament antalgique notamment, ce gaz inodore et au go\u00fbt l\u00e9g\u00e8rement sucr\u00e9 fait des ravages en termes de sant\u00e9 publique depuis plusieurs ann\u00e9es maintenant.<\/p>\n<p>Un appel lanc\u00e9 aux \u00e9lus et \u00e0 l\u2019\u00c9tat<\/p>\n<p>\u00ab\u00a0Nous lan\u00e7ons un appel aux \u00e9lus et au pr\u00e9fet pour faire le n\u00e9cessaire et interdire ce gaz. Il faut qu\u2019il y ait une initiative face \u00e0 ces jeunes dont beaucoup sont d\u00e9s\u0153uvr\u00e9s et livr\u00e9s \u00e0 eux-m\u00eames\u00a0\u00bb, poursuit le pr\u00e9sident. Soit autant de des cibles de choix pour ce type de toxique.<\/p>\n","protected":false},"excerpt":{"rendered":"Avec un m\u00e9decin un pharmacien, le lieu de culte lance une campagne de sensibilisation. AnnonCe prochaine de la&hellip;\n","protected":false},"author":2,"featured_media":453110,"comment_status":"","ping_status":"","sticky":false,"template":"","format":"standard","meta":{"footnotes":""},"categories":[9599],"tags":[1111,11,1777,674,1011,27,2208,12,2680,25],"class_list":{"0":"post-453109","1":"post","2":"type-post","3":"status-publish","4":"format-standard","5":"has-post-thumbnail","7":"category-montpellier","8":"tag-actu","9":"tag-actualites","10":"tag-eu","11":"tag-europe","12":"tag-fr","13":"tag-france","14":"tag-montpellier","15":"tag-news","16":"tag-occitanie","17":"tag-republique-francaise"},"share_on_mastodon":{"url":"https:\/\/pubeurope.com\/@fr\/115351239058908474","error":""},"_links":{"self":[{"href":"https:\/\/www.europesays.com\/fr\/wp-json\/wp\/v2\/posts\/453109","targetHints":{"allow":["GET"]}}],"collection":[{"href":"https:\/\/www.europesays.com\/fr\/wp-json\/wp\/v2\/posts"}],"about":[{"href":"https:\/\/www.europesays.com\/fr\/wp-json\/wp\/v2\/types\/post"}],"author":[{"embeddable":true,"href":"https:\/\/www.europesays.com\/fr\/wp-json\/wp\/v2\/users\/2"}],"replies":[{"embeddable":true,"href":"https:\/\/www.europesays.com\/fr\/wp-json\/wp\/v2\/comments?post=453109"}],"version-history":[{"count":0,"href":"https:\/\/www.europesays.com\/fr\/wp-json\/wp\/v2\/posts\/453109\/revisions"}],"wp:featuredmedia":[{"embeddable":true,"href":"https:\/\/www.europesays.com\/fr\/wp-json\/wp\/v2\/media\/453110"}],"wp:attachment":[{"href":"https:\/\/www.europesays.com\/fr\/wp-json\/wp\/v2\/media?parent=453109"}],"wp:term":[{"taxonomy":"category","embeddable":true,"href":"https:\/\/www.europesays.com\/fr\/wp-json\/wp\/v2\/categories?post=453109"},{"taxonomy":"post_tag","embeddable":true,"href":"https:\/\/www.europesays.com\/fr\/wp-json\/wp\/v2\/tags?post=453109"}],"curies":[{"name":"wp","href":"https:\/\/api.w.org\/{rel}","templated":true}]}}