{"id":453111,"date":"2025-10-10T18:16:12","date_gmt":"2025-10-10T18:16:12","guid":{"rendered":"https:\/\/www.europesays.com\/fr\/453111\/"},"modified":"2025-10-10T18:16:12","modified_gmt":"2025-10-10T18:16:12","slug":"un-vigee-le-brun-rejoint-le-musee-fabre","status":"publish","type":"post","link":"https:\/\/www.europesays.com\/fr\/453111\/","title":{"rendered":"un Vig\u00e9e Le Brun rejoint le mus\u00e9e Fabre"},"content":{"rendered":"<p>            Par<br \/>\n        <strong><br \/>\n            <a href=\"https:\/\/actu.fr\/auteur\/metropoop\" title=\"Consulter tous les articles de R\u00e9daction M\u00e9tropolitain\" rel=\"nofollow noopener\" target=\"_blank\">R\u00e9daction M\u00e9tropolitain<\/a><br \/>\n        <\/strong><\/p>\n<p>        Publi\u00e9 le<\/p>\n<p>            10 oct. 2025 \u00e0 19h30<br \/>\n        ; mis \u00e0 jour le 10 oct. 2025 \u00e0 19h34    <\/p>\n<p>Gr\u00e2ce au soutien de la Fondation d\u2019entreprises du mus\u00e9e Fabre et \u00e0 une subvention exceptionnelle du Fonds du patrimoine, g\u00e9r\u00e9 par le service des mus\u00e9es de France,<strong> le mus\u00e9e Fabre<\/strong> a acquis par exercice du droit de pr\u00e9emption une \u0153uvre d\u2019<strong>\u00c9lisabeth Louise Vig\u00e9e Le Brun<\/strong> (1755-1842) lors de <strong>la vente Artcurial \u00e0 Paris<\/strong>, le 23 septembre dernier.<\/p>\n<p>D\u00e9but de carri\u00e8re<\/p>\n<p class=\" wall-content\">L\u2019All\u00e9gorie de la Po\u00e9sie t\u00e9moigne en 1174 des d\u00e9buts de la prestigieuse carri\u00e8re d\u2019Elisabeth Louise Vig\u00e9e Le Brun qui devint, quatre ans plus tard, <strong>peintre officiel de la reine Marie-Antoinette<\/strong> dont elle ex\u00e9cuta plusieurs portraits. Tout traduit dans cette peinture l\u2019ambition de la jeune peintre : son sujet all\u00e9gorique, d\u2019invention, est apparent\u00e9 \u00e0 la peinture d\u2019histoire, plac\u00e9e au sommet de la hi\u00e9rarchie des genres, devant le portrait ; son inspiration formelle, h\u00e9rit\u00e9e des ma\u00eetres classiques fran\u00e7ais et italiens ; mais aussi le choix de repr\u00e9senter un grand nu, ici f\u00e9minin, \u00e0 l\u2019expression assur\u00e9e, en \u00e9cho \u00e0 l\u2019exigence acad\u00e9mique d\u2019une parfaite connaissance de l\u2019anatomie.<\/p>\n<p><a class=\"jo-module-caroussel__img-container\" href=\"https:\/\/static.actu.fr\/uploads\/2025\/10\/allegorie-de-la-poesie-vigee-le-brun-c-artcurial.jpg\" title=\"Agrandir la photo Elisabeth Louise Vig\u00e9e Le Brun (Paris, 1755-1842), All\u00e9gorie de la Po\u00e9sie, huile sur toile, sign\u00e9e et dat\u00e9e \u00ab Melle Vig\u00e9e\/1774 \u00bb en bas \u00e0 gauche, H. 80 ; L. 65 cm.  (\u00a9 Artcurial)\" data-idx=\"1\" rel=\"nofollow noopener\" target=\"_blank\"><br \/>\n    <img decoding=\"async\" class=\"jo-module-caroussel__img\" loading=\"lazy\" src=\"https:\/\/www.europesays.com\/fr\/wp-content\/uploads\/2025\/10\/allegorie-de-la-poesie-vigee-le-brun-c-artcurial-640x427.jpg\" alt=\"Elisabeth Louise Vig\u00e9e Le Brun (Paris, 1755-1842), All\u00e9gorie de la Po\u00e9sie, huile sur toile, sign\u00e9e et dat\u00e9e \u00ab Melle Vig\u00e9e\/1774 \u00bb en bas \u00e0 gauche, H. 80 ; L. 65 cm.  (\u00a9 Artcurial)\" width=\"640\" height=\"427\"\/><\/a><\/p>\n<p class=\" wall-content\">Cette all\u00e9gorie constitue de fait une pi\u00e8ce rare dans le corpus connu de l\u2019artiste, qui ne traita, d\u2019apr\u00e8s ses Souvenirs, qu\u2019une douzaine de sujets de peinture d\u2019histoire. Le choix du mus\u00e9e Fabre s\u2019est port\u00e9 sur cette \u0153uvre atypique, qui s\u2019inscrit dans ses collections, compl\u00e9tant une lacune entre les g\u00e9n\u00e9rations de Jacques Louis David et celle de Fran\u00e7ois-Xavier Fabre. L\u2019All\u00e9gorie de la po\u00e9sie permettra ainsi de renforcer le discours du mus\u00e9e sur les circuits de formation des peintres \u00e0 Paris et dans les provinces d\u2019Ancien R\u00e9gime.\u00a0<\/p>\n<p class=\" wall-content\">Dans la continuit\u00e9 du legs d\u2019Antoine Valedau en 1836 et des campagnes d\u2019acquisition men\u00e9es r\u00e9cemment pour enrichir le mus\u00e9e d\u2019\u0153uvres d\u2019Hortense Haudebourt-Lescot et Pauline Gauffier (2021) ou encore Jenny Legrand (2022), cette acquisition permet aussi de renforcer significativement la pr\u00e9sence des femmes artistes du XVIIIe si\u00e8cle avec un nom embl\u00e9matique venu rejoindre Marie Th\u00e9r\u00e8se Reboul et Ad\u00e9la\u00efde Labille-Guiard. Jusqu\u2019\u00e0 ce jour, l\u2019artiste n\u2019\u00e9tait \u00e9voqu\u00e9e dans la collection que par la copie d\u2019un portrait l\u00e9gu\u00e9 au mus\u00e9e par Alfred Bruyas en 1876.<\/p>\n<p>Vid\u00e9os : en ce moment sur Actu<br \/>\n    <a href=\"https:\/\/www.google.com\/maps\/embed?pb=!1m18!1m12!1m3!1d2888.7478256384525!2d3.8775884756222765!3d43.611791955108885!2m3!1f0!2f0!3f0!3m2!1i1024!2i768!4f13.1!3m3!1m2!1s0x12b6af09f5ae850b%3A0xb0ea41728e236a0e!2sMus%C3%A9e%20Fabre!5e0!3m2!1sfr!2sfr!4v1759428208988!5m2!1sfr!2sfr\" title=\"Ouvrie le lien\" rel=\"nofollow noopener\" target=\"_blank\">Cliquez ici pour visualiser le contenu<\/a><\/p>\n<p class=\" wall-content\">Estim\u00e9 entre 80 et 100 000\u20ac, <a href=\"https:\/\/www.artcurial.com\/ventes\/6370\/lots\/214-a\" rel=\"nofollow noopener\" target=\"_blank\">le site d\u2019Artcurial indique que le tableau a \u00e9t\u00e9 acquis pour 328 000\u20ac<\/a>. Une acquisition du mus\u00e9e Fabre permise gr\u00e2ce au soutien de la Fondation d\u2019entreprises du mus\u00e9e Fabre et \u00e0 une subvention exceptionnelle du Fonds du patrimoine<\/p>\n<p class=\" wall-content\">Personnalisez votre actualit\u00e9 en ajoutant vos villes et m\u00e9dias en favori avec <a href=\"https:\/\/moncompte.actu.fr\" title=\"D\u00e9couvez Mon Actu\" rel=\"nofollow noopener\" data-trk=\"{&quot;cta&quot;:{&quot;action&quot;:&quot;https:\\\/\\\/moncompte.actu.fr&quot;,&quot;category&quot;:&quot;mon compte&quot;,&quot;from&quot;:&quot;article footer&quot;,&quot;name&quot;:&quot;Mon actu&quot;,&quot;type&quot;:&quot;cta&quot;}}\" target=\"_blank\">Mon Actu<\/a>.<\/p>\n","protected":false},"excerpt":{"rendered":"Par R\u00e9daction M\u00e9tropolitain Publi\u00e9 le 10 oct. 2025 \u00e0 19h30 ; mis \u00e0 jour le 10 oct. 2025&hellip;\n","protected":false},"author":2,"featured_media":453112,"comment_status":"","ping_status":"","sticky":false,"template":"","format":"standard","meta":{"footnotes":""},"categories":[9599],"tags":[1111,11,1777,674,1011,27,1652,2208,12,2680,25],"class_list":{"0":"post-453111","1":"post","2":"type-post","3":"status-publish","4":"format-standard","5":"has-post-thumbnail","7":"category-montpellier","8":"tag-actu","9":"tag-actualites","10":"tag-eu","11":"tag-europe","12":"tag-fr","13":"tag-france","14":"tag-loisirs-culture","15":"tag-montpellier","16":"tag-news","17":"tag-occitanie","18":"tag-republique-francaise"},"share_on_mastodon":{"url":"https:\/\/pubeurope.com\/@fr\/115351243709399936","error":""},"_links":{"self":[{"href":"https:\/\/www.europesays.com\/fr\/wp-json\/wp\/v2\/posts\/453111","targetHints":{"allow":["GET"]}}],"collection":[{"href":"https:\/\/www.europesays.com\/fr\/wp-json\/wp\/v2\/posts"}],"about":[{"href":"https:\/\/www.europesays.com\/fr\/wp-json\/wp\/v2\/types\/post"}],"author":[{"embeddable":true,"href":"https:\/\/www.europesays.com\/fr\/wp-json\/wp\/v2\/users\/2"}],"replies":[{"embeddable":true,"href":"https:\/\/www.europesays.com\/fr\/wp-json\/wp\/v2\/comments?post=453111"}],"version-history":[{"count":0,"href":"https:\/\/www.europesays.com\/fr\/wp-json\/wp\/v2\/posts\/453111\/revisions"}],"wp:featuredmedia":[{"embeddable":true,"href":"https:\/\/www.europesays.com\/fr\/wp-json\/wp\/v2\/media\/453112"}],"wp:attachment":[{"href":"https:\/\/www.europesays.com\/fr\/wp-json\/wp\/v2\/media?parent=453111"}],"wp:term":[{"taxonomy":"category","embeddable":true,"href":"https:\/\/www.europesays.com\/fr\/wp-json\/wp\/v2\/categories?post=453111"},{"taxonomy":"post_tag","embeddable":true,"href":"https:\/\/www.europesays.com\/fr\/wp-json\/wp\/v2\/tags?post=453111"}],"curies":[{"name":"wp","href":"https:\/\/api.w.org\/{rel}","templated":true}]}}