{"id":453113,"date":"2025-10-10T18:17:12","date_gmt":"2025-10-10T18:17:12","guid":{"rendered":"https:\/\/www.europesays.com\/fr\/453113\/"},"modified":"2025-10-10T18:17:12","modified_gmt":"2025-10-10T18:17:12","slug":"pres-de-rouen-une-association-sauve-un-mur-historique-presque-bicentenaire-de-35-ans-metres-de-long","status":"publish","type":"post","link":"https:\/\/www.europesays.com\/fr\/453113\/","title":{"rendered":"Pr\u00e8s de Rouen, une association sauve un mur historique presque bicentenaire de 35 ans m\u00e8tres de long"},"content":{"rendered":"<p>            Par<br \/>\n        <strong><br \/>\n            <a href=\"https:\/\/actu.fr\/auteur\/laredaction\" title=\"Consulter tous les articles de R\u00e9daction Normandie\" rel=\"nofollow noopener\" target=\"_blank\">R\u00e9daction Normandie<\/a><br \/>\n        <\/strong><\/p>\n<p>        Publi\u00e9 le<\/p>\n<p>            10 oct. 2025 \u00e0 19h06        <\/p>\n<p>En mars\u00a02025, Philippe Vue, pr\u00e9sident de l\u2019association<strong> Bouillons terre d\u2019avenir<\/strong>, et des riverains, se sont \u00e9mus de la volont\u00e9 des h\u00e9ritiers de l\u2019ancienne ferme Lefebvre, \u00e0 <a href=\"https:\/\/actu.fr\/normandie\/bonsecours_76103\" rel=\"nofollow noopener\" target=\"_blank\">Bonsecours (Seine-Maritime)<\/a>, pr\u00e8s de <strong>Rouen<\/strong>, de d\u00e9construire un mur en bauge construit il y a 180 ans. Long de 35 m\u00e8tres, ils ont interpell\u00e9, le 5 mars 2025, le maire Laurent Grelaud et Mme Leli\u00e8vre, architecte des b\u00e2timents de France.<strong> Et, ils ont gagn\u00e9 !<\/strong><\/p>\n<p>Une entreprise mandat\u00e9e par les h\u00e9ritiers<\/p>\n<p class=\" wall-content\">\u00ab Cette d\u00e9gradation d\u2019un \u00e9l\u00e9ment du patrimoine de la commune nous semblait inacceptable. Quinze jours apr\u00e8s notre courrier, l\u2019architecte des b\u00e2timents de France a demand\u00e9 au maire de<strong> refuser le permis de d\u00e9molition<\/strong> \u00e9mis par les propri\u00e9taires. Depuis, nous pensions que les choses allaient tra\u00eener, mais la bonne nouvelle est que les h\u00e9ritiers ont mandat\u00e9 une entreprise sp\u00e9cialis\u00e9e de l\u2019Eure pour r\u00e9aliser<strong> les travaux<\/strong> sur les cinq m\u00e8tres d\u00e9truits \u00bb, indique Philippe Vue.<\/p>\n<p>    <img   decoding=\"async\" loading=\"lazy\" class=\"size-large\" src=\"https:\/\/www.europesays.com\/fr\/wp-content\/uploads\/2025\/10\/77496a029fd866b496a029fd84f496v-960x640.jpg\" alt=\"Bonsecours travaux mur en bauge\" width=\"960\" height=\"640\"\/><br \/>\n    La premi\u00e8re lev\u00e9e doit s\u00e9cher plusieurs mois. \u00a9Le BulletinUne restauration dans les r\u00e8gles de l\u2019art<\/p>\n<p class=\" wall-content\">L\u2019entreprise a refait un pilier en brique,<strong> le soubassement en silex<\/strong> et mont\u00e9 une premi\u00e8re partie en terre et paille dans les r\u00e8gles de l\u2019art. \u00ab La lev\u00e9e doit maintenant s\u00e9cher plusieurs mois avant d\u2019envisager la seconde et la remise en \u00e9tat du chaperon en ardoise \u00bb, a d\u00e9taill\u00e9 Philippe Vue, mercredi 1er\u00a0octobre, lors d\u2019une petite c\u00e9l\u00e9bration de l\u2019\u00e9v\u00e9nement.<\/p>\n<p>Et maintenant, le mur de la rue Lebourgeois\u2026<\/p>\n<p class=\" wall-content\">Mais, les militants ne veulent pas en rester l\u00e0. \u00ab Selon le courrier de Mme Leli\u00e8vre, ils doivent faire la reprise totale du mur dans les zones \u00e0 consolider,<strong> faire un enduit et r\u00e9parer les tuiles<\/strong> pour prot\u00e9ger le mur des intemp\u00e9ries \u00bb, rappelle le pr\u00e9sident de l\u2019association. \u00ab On se f\u00e9licite toutefois de cette premi\u00e8re victoire. Nous allons \u00e0 pr\u00e9sent demander au maire d\u2019intervenir pour restaurer le mur de la rue Lebourgeois, qui se d\u00e9grade fortement \u00bb, annonce Philippe Vue.<\/p>\n<p class=\" wall-content\">Le pr\u00e9sident estime qu\u2019il sera ensuite n\u00e9cessaire \u00ab qu\u2019une partie du terrain devienne un parc ou un jardin. Pour cela, on attend la r\u00e9vision du SCOT (Sch\u00e9ma de coh\u00e9rence territoriale) qui, malheureusement, a \u00e9t\u00e9 report\u00e9 de 18\u00a0mois. C\u2019est aux collectivit\u00e9s de proposer des projets, dans ce cas \u00bb.<\/p>\n<p>Suivez l\u2019actualit\u00e9 de Rouen <a href=\"https:\/\/www.whatsapp.com\/channel\/0029VaKfnf99hXF2ddApFB1D\" rel=\"nofollow noopener\" target=\"_blank\">sur notre cha\u00eene WhatsApp<\/a> et <a href=\"https:\/\/www.tiktok.com\/@76actu.fr?lang=fr\" rel=\"nofollow noopener\" target=\"_blank\">sur notre compte TikTok<\/a><\/p>\n<p class=\" wall-content\">Personnalisez votre actualit\u00e9 en ajoutant vos villes et m\u00e9dias en favori avec <a href=\"https:\/\/moncompte.actu.fr\" title=\"D\u00e9couvez Mon Actu\" rel=\"nofollow noopener\" data-trk=\"{&quot;cta&quot;:{&quot;action&quot;:&quot;https:\\\/\\\/moncompte.actu.fr&quot;,&quot;category&quot;:&quot;mon compte&quot;,&quot;from&quot;:&quot;article footer&quot;,&quot;name&quot;:&quot;Mon actu&quot;,&quot;type&quot;:&quot;cta&quot;}}\" target=\"_blank\">Mon Actu<\/a>.<\/p>\n<p>                    <script async src=\"\/\/www.tiktok.com\/embed.js\"><\/script><\/p>\n","protected":false},"excerpt":{"rendered":"Par R\u00e9daction Normandie Publi\u00e9 le 10 oct. 2025 \u00e0 19h06 En mars\u00a02025, Philippe Vue, pr\u00e9sident de l\u2019association Bouillons&hellip;\n","protected":false},"author":2,"featured_media":453114,"comment_status":"","ping_status":"","sticky":false,"template":"","format":"standard","meta":{"footnotes":""},"categories":[9587],"tags":[1111,11,1777,674,1011,27,12,5161,2551,25,9590,104],"class_list":{"0":"post-453113","1":"post","2":"type-post","3":"status-publish","4":"format-standard","5":"has-post-thumbnail","7":"category-rouen","8":"tag-actu","9":"tag-actualites","10":"tag-eu","11":"tag-europe","12":"tag-fr","13":"tag-france","14":"tag-news","15":"tag-normandie","16":"tag-patrimoine","17":"tag-republique-francaise","18":"tag-rouen","19":"tag-societe"},"share_on_mastodon":{"url":"https:\/\/pubeurope.com\/@fr\/115351247378101651","error":""},"_links":{"self":[{"href":"https:\/\/www.europesays.com\/fr\/wp-json\/wp\/v2\/posts\/453113","targetHints":{"allow":["GET"]}}],"collection":[{"href":"https:\/\/www.europesays.com\/fr\/wp-json\/wp\/v2\/posts"}],"about":[{"href":"https:\/\/www.europesays.com\/fr\/wp-json\/wp\/v2\/types\/post"}],"author":[{"embeddable":true,"href":"https:\/\/www.europesays.com\/fr\/wp-json\/wp\/v2\/users\/2"}],"replies":[{"embeddable":true,"href":"https:\/\/www.europesays.com\/fr\/wp-json\/wp\/v2\/comments?post=453113"}],"version-history":[{"count":0,"href":"https:\/\/www.europesays.com\/fr\/wp-json\/wp\/v2\/posts\/453113\/revisions"}],"wp:featuredmedia":[{"embeddable":true,"href":"https:\/\/www.europesays.com\/fr\/wp-json\/wp\/v2\/media\/453114"}],"wp:attachment":[{"href":"https:\/\/www.europesays.com\/fr\/wp-json\/wp\/v2\/media?parent=453113"}],"wp:term":[{"taxonomy":"category","embeddable":true,"href":"https:\/\/www.europesays.com\/fr\/wp-json\/wp\/v2\/categories?post=453113"},{"taxonomy":"post_tag","embeddable":true,"href":"https:\/\/www.europesays.com\/fr\/wp-json\/wp\/v2\/tags?post=453113"}],"curies":[{"name":"wp","href":"https:\/\/api.w.org\/{rel}","templated":true}]}}