{"id":453115,"date":"2025-10-10T18:18:15","date_gmt":"2025-10-10T18:18:15","guid":{"rendered":"https:\/\/www.europesays.com\/fr\/453115\/"},"modified":"2025-10-10T18:18:15","modified_gmt":"2025-10-10T18:18:15","slug":"degradation-dune-bache-representant-les-drapeaux-israelien-et-palestinien-a-rouen-une-plainte-deposee","status":"publish","type":"post","link":"https:\/\/www.europesays.com\/fr\/453115\/","title":{"rendered":"D\u00e9gradation d\u2019une b\u00e2che repr\u00e9sentant les drapeaux isra\u00e9lien et palestinien \u00e0 Rouen, une plainte d\u00e9pos\u00e9e"},"content":{"rendered":"<p class=\"paragraph text_align_left lp-f-body-02\">La banderole appos\u00e9e sur la fa\u00e7ade de la mairie de Rouen (Seine-Maritime) sur laquelle sont repr\u00e9sent\u00e9s les drapeaux isra\u00e9lien et palestinien a \u00e9t\u00e9 d\u00e9grad\u00e9e. Une enqu\u00eate a \u00e9t\u00e9 ouverte pour \u00ab d\u00e9gradation volontaire de bien public \u00bb ce vendredi, rapporte une source polici\u00e8re.<\/p>\n<p class=\"paragraph text_align_left lp-f-body-02\">\u00ab Un individu a grimp\u00e9 le fronton de l\u2019H\u00f4tel de ville dans la nuit de mercredi \u00e0 jeudi et a coll\u00e9 des lettres sur la b\u00e2che \u00bb, a indiqu\u00e9 \u00e0 l\u2019Agence France presse (AFP) la municipalit\u00e9, confirmant une information de <a href=\"https:\/\/france3-regions.franceinfo.fr\/normandie\/info-france-3-le-drapeau-israelien-vandalise-sur-la-facade-de-l-hotel-de-ville-de-rouen-la-mairie-va-deposer-plainte-3230774.html\" target=\"_blank\" rel=\"noreferrer nofollow noopener\">France 3<\/a>.<\/p>\n<p class=\"paragraph text_align_left lp-f-body-02\">Ainsi, les mots \u00ab NE VEUX PAS \u00bb ont \u00e9t\u00e9 inscrits entre le drapeau isra\u00e9lien et le mot paix, \u00ab pour indiquer qu\u2019Isra\u00ebl ne veut pas la paix \u00bb. La banderole est situ\u00e9e \u00e0 environ quatre m\u00e8tres du sol. Cette b\u00e2che, en place \u00e0 Rouen depuis novembre 2023, repr\u00e9sente les deux drapeaux avec le mot \u00ab Paix \u00bb et une colombe entre eux.<\/p>\n<p class=\"paragraph text_align_left lp-f-body-02\">La mairie a dit d\u00e9poser plainte ce vendredi et avoir \u00ab proc\u00e9d\u00e9 au retrait des lettres qui n\u2019apparaissent plus sur la b\u00e2che \u00bb.<\/p>\n","protected":false},"excerpt":{"rendered":"La banderole appos\u00e9e sur la fa\u00e7ade de la mairie de Rouen (Seine-Maritime) sur laquelle sont repr\u00e9sent\u00e9s les drapeaux&hellip;\n","protected":false},"author":2,"featured_media":453116,"comment_status":"","ping_status":"","sticky":false,"template":"","format":"standard","meta":{"footnotes":""},"categories":[9587],"tags":[1111,11,459,1777,674,118,1011,27,12,5161,25,9590],"class_list":{"0":"post-453115","1":"post","2":"type-post","3":"status-publish","4":"format-standard","5":"has-post-thumbnail","7":"category-rouen","8":"tag-actu","9":"tag-actualites","10":"tag-departements-horsidfo","11":"tag-eu","12":"tag-europe","13":"tag-faits-divers","14":"tag-fr","15":"tag-france","16":"tag-news","17":"tag-normandie","18":"tag-republique-francaise","19":"tag-rouen"},"share_on_mastodon":{"url":"https:\/\/pubeurope.com\/@fr\/115351250792075782","error":""},"_links":{"self":[{"href":"https:\/\/www.europesays.com\/fr\/wp-json\/wp\/v2\/posts\/453115","targetHints":{"allow":["GET"]}}],"collection":[{"href":"https:\/\/www.europesays.com\/fr\/wp-json\/wp\/v2\/posts"}],"about":[{"href":"https:\/\/www.europesays.com\/fr\/wp-json\/wp\/v2\/types\/post"}],"author":[{"embeddable":true,"href":"https:\/\/www.europesays.com\/fr\/wp-json\/wp\/v2\/users\/2"}],"replies":[{"embeddable":true,"href":"https:\/\/www.europesays.com\/fr\/wp-json\/wp\/v2\/comments?post=453115"}],"version-history":[{"count":0,"href":"https:\/\/www.europesays.com\/fr\/wp-json\/wp\/v2\/posts\/453115\/revisions"}],"wp:featuredmedia":[{"embeddable":true,"href":"https:\/\/www.europesays.com\/fr\/wp-json\/wp\/v2\/media\/453116"}],"wp:attachment":[{"href":"https:\/\/www.europesays.com\/fr\/wp-json\/wp\/v2\/media?parent=453115"}],"wp:term":[{"taxonomy":"category","embeddable":true,"href":"https:\/\/www.europesays.com\/fr\/wp-json\/wp\/v2\/categories?post=453115"},{"taxonomy":"post_tag","embeddable":true,"href":"https:\/\/www.europesays.com\/fr\/wp-json\/wp\/v2\/tags?post=453115"}],"curies":[{"name":"wp","href":"https:\/\/api.w.org\/{rel}","templated":true}]}}