{"id":453117,"date":"2025-10-10T18:19:19","date_gmt":"2025-10-10T18:19:19","guid":{"rendered":"https:\/\/www.europesays.com\/fr\/453117\/"},"modified":"2025-10-10T18:19:19","modified_gmt":"2025-10-10T18:19:19","slug":"le-centre-de-specialites-medicales-odon-vallet-simplante-a-grenoble-pour-lutter-contre-les-deserts-medicaux","status":"publish","type":"post","link":"https:\/\/www.europesays.com\/fr\/453117\/","title":{"rendered":"Le Centre de Sp\u00e9cialit\u00e9s M\u00e9dicales Odon Vallet s\u2019implante \u00e0 Grenoble pour lutter contre les d\u00e9serts m\u00e9dicaux"},"content":{"rendered":"<p>                                                        <img loading=\"lazy\" decoding=\"async\" width=\"1024\" height=\"576\" src=\"https:\/\/www.europesays.com\/fr\/wp-content\/uploads\/2025\/05\/1748283668_6_lyon-entreprises-grenoble-1024x576.jpg\" class=\"thumb img-responsive m-x-auto block w-full\" alt=\"lyon entreprises grenoble\" caption=\"\"\/><\/p>\n<p class=\"ez-toc-title ez-toc-toggle\" style=\"cursor: pointer\">Sommaire &amp; acc\u00e8s rapide<\/p>\n<p><a href=\"#\" class=\"ez-toc-pull-right ez-toc-btn ez-toc-btn-xs ez-toc-btn-default ez-toc-toggle\" aria-label=\"Toggle Table of Content\">Toggle<\/a><\/p>\n<p><strong>Apr\u00e8s son succ\u00e8s parisien, le Centre de Sp\u00e9cialit\u00e9s M\u00e9dicales Odon Vallet (CSMOV) pr\u00e9pare l\u2019ouverture d\u2019une antenne \u00e0 Grenoble d\u2019ici l\u2019\u00e9t\u00e9 2026. Ce projet associatif, soutenu par le cluster MEDICALPS, permettra \u00e0 des professeurs et praticiens retrait\u00e9s d\u2019exercer \u00e0 nouveau pour r\u00e9pondre aux besoins croissants en soins sp\u00e9cialis\u00e9s dans la r\u00e9gion.<\/strong><\/p>\n<p>Un mod\u00e8le m\u00e9dical solidaire qui s\u00e9duit les professeurs \u00e0 la retraite<\/p>\n<p>Cr\u00e9\u00e9 d\u00e9but 2025 \u00e0 Paris avec le soutien de la Fondation Odon Vallet, le Centre de Sp\u00e9cialit\u00e9s M\u00e9dicales Odon Vallet repose sur un principe simple : regrouper, dans un m\u00eame lieu, des consultations assur\u00e9es par des professeurs et praticiens hospitaliers retrait\u00e9s. Les actes sont propos\u00e9s en <strong>Secteur 1<\/strong>, c\u2019est-\u00e0-dire sans d\u00e9passement d\u2019honoraires.<\/p>\n<p>Le concept, n\u00e9 pour \u00e9viter la \u00ab fuite des savoirs \u00bb tout en luttant contre les d\u00e9serts m\u00e9dicaux, a rapidement trouv\u00e9 son public. Les deux centres parisiens ouverts dans le 13\u1d49 arrondissement ne d\u00e9semplissent pas. Fort de ce succ\u00e8s, le CSMOV veut aujourd\u2019hui dupliquer le mod\u00e8le \u00e0 Grenoble, au service des habitants du sillon alpin \u2013 de Valence \u00e0 Annecy en passant par Chamb\u00e9ry.<\/p>\n<p>Une implantation strat\u00e9gique dans un territoire de sant\u00e9 et d\u2019innovation<\/p>\n<p>Le choix de Grenoble ne doit rien au hasard. Ville universitaire et p\u00f4le d\u2019innovation reconnu, la capitale alpine dispose d\u2019un \u00e9cosyst\u00e8me favorable au d\u00e9veloppement de solutions m\u00e9dicales nouvelles. \u00ab Grenoble est une place incontournable de l\u2019innovation m\u00e9dicale \u00bb, souligne <strong>J\u00e9r\u00e9my Renard<\/strong>, cofondateur du CSMOV et entrepreneur grenoblois. Le projet b\u00e9n\u00e9ficie notamment du soutien de <strong>MEDICALPS<\/strong>, le cluster r\u00e9gional f\u00e9d\u00e9rant depuis 25 ans les acteurs de la sant\u00e9 et des technologies m\u00e9dicales.<\/p>\n<p>Le Centre recherche actuellement des locaux d\u2019environ <strong>350 m\u00b2<\/strong> situ\u00e9s \u00e0 proximit\u00e9 de la gare ou de l\u2019hypercentre de Grenoble. L\u2019objectif : ouvrir entre huit et dix cabinets de consultation d\u2019ici <strong>juin \u00e0 septembre 2026<\/strong>.<\/p>\n<p>Appel aux m\u00e9decins retrait\u00e9s de la r\u00e9gion<\/p>\n<p>Un noyau de praticiens retrait\u00e9s est d\u00e9j\u00e0 constitu\u00e9, mais le CSMOV lance un appel \u00e0 d\u2019autres m\u00e9decins, toutes sp\u00e9cialit\u00e9s confondues, souhaitant continuer \u00e0 exercer sous un statut salari\u00e9 souple, \u00e0 raison de 0,5 \u00e0 2 jours par semaine. \u00ab Beaucoup de m\u00e9decins nous disent avoir eu envie de poursuivre une activit\u00e9 sans trouver jusque-l\u00e0 de structure adapt\u00e9e \u00bb, explique J\u00e9r\u00e9my Renard. Le centre permettra \u00e9galement d\u2019organiser des formations et d\u2019impliquer les praticiens dans la transmission de leur exp\u00e9rience.<\/p>\n<p>Les sp\u00e9cialit\u00e9s exerc\u00e9es \u00e0 Paris \u2013 cardiologie, dermatologie, gyn\u00e9cologie, p\u00e9diatrie, psychiatrie, m\u00e9decine g\u00e9n\u00e9rale, entre autres \u2013 seront naturellement \u00e9largies selon les profils disponibles en r\u00e9gion grenobloise. L\u2019ambition est d\u2019offrir une palette compl\u00e8te de soins accessibles \u00e0 tous, sans d\u00e9passement d\u2019honoraires.<\/p>\n<p>Un projet au service des patients et de la transmission des savoirs<\/p>\n<p>Au-del\u00e0 des consultations, le CSMOV entend renforcer le lien entre pratique m\u00e9dicale et formation. Les m\u00e9decins du centre participeront \u00e0 des actions de pr\u00e9vention, \u00e0 la formation d\u2019internes et \u00e0 des projets collaboratifs avec des startups du secteur sant\u00e9. Le mod\u00e8le associatif, fond\u00e9 sur le partage et la solidarit\u00e9, a vocation \u00e0 \u00eatre reproduit dans d\u2019autres r\u00e9gions.<\/p>\n<p>Le CSMOV est dirig\u00e9 par une \u00e9quipe reconnue : le <strong>Professeur Yvon Calmus<\/strong> (pr\u00e9sident d\u2019honneur), le <strong>Docteur Dipak Mandjee<\/strong>, le <strong>Professeur Fr\u00e9d\u00e9ric Liot\u00e9<\/strong> et <strong>J\u00e9r\u00e9my Renard<\/strong>, directeur g\u00e9n\u00e9ral. Ensemble, ils d\u00e9fendent une vision moderne de la m\u00e9decine, o\u00f9 l\u2019exp\u00e9rience des seniors devient un atout au service du collectif.<\/p>\n<p>Avec cette implantation en Auvergne-Rh\u00f4ne-Alpes, le Centre de Sp\u00e9cialit\u00e9s M\u00e9dicales Odon Vallet poursuit sa mission : <strong>rendre les soins accessibles tout en valorisant les savoirs m\u00e9dicaux accumul\u00e9s au fil d\u2019une vie<\/strong>.<\/p>\n","protected":false},"excerpt":{"rendered":"Sommaire &amp; acc\u00e8s rapide Toggle Apr\u00e8s son succ\u00e8s parisien, le Centre de Sp\u00e9cialit\u00e9s M\u00e9dicales Odon Vallet (CSMOV) pr\u00e9pare&hellip;\n","protected":false},"author":2,"featured_media":129879,"comment_status":"","ping_status":"","sticky":false,"template":"","format":"standard","meta":{"footnotes":""},"categories":[9566],"tags":[1111,11,2430,1777,674,1011,27,2731,12,25],"class_list":{"0":"post-453117","1":"post","2":"type-post","3":"status-publish","4":"format-standard","5":"has-post-thumbnail","7":"category-grenoble","8":"tag-actu","9":"tag-actualites","10":"tag-auvergne-rhone-alpes","11":"tag-eu","12":"tag-europe","13":"tag-fr","14":"tag-france","15":"tag-grenoble","16":"tag-news","17":"tag-republique-francaise"},"share_on_mastodon":{"url":"https:\/\/pubeurope.com\/@fr\/115351255495076222","error":""},"_links":{"self":[{"href":"https:\/\/www.europesays.com\/fr\/wp-json\/wp\/v2\/posts\/453117","targetHints":{"allow":["GET"]}}],"collection":[{"href":"https:\/\/www.europesays.com\/fr\/wp-json\/wp\/v2\/posts"}],"about":[{"href":"https:\/\/www.europesays.com\/fr\/wp-json\/wp\/v2\/types\/post"}],"author":[{"embeddable":true,"href":"https:\/\/www.europesays.com\/fr\/wp-json\/wp\/v2\/users\/2"}],"replies":[{"embeddable":true,"href":"https:\/\/www.europesays.com\/fr\/wp-json\/wp\/v2\/comments?post=453117"}],"version-history":[{"count":0,"href":"https:\/\/www.europesays.com\/fr\/wp-json\/wp\/v2\/posts\/453117\/revisions"}],"wp:featuredmedia":[{"embeddable":true,"href":"https:\/\/www.europesays.com\/fr\/wp-json\/wp\/v2\/media\/129879"}],"wp:attachment":[{"href":"https:\/\/www.europesays.com\/fr\/wp-json\/wp\/v2\/media?parent=453117"}],"wp:term":[{"taxonomy":"category","embeddable":true,"href":"https:\/\/www.europesays.com\/fr\/wp-json\/wp\/v2\/categories?post=453117"},{"taxonomy":"post_tag","embeddable":true,"href":"https:\/\/www.europesays.com\/fr\/wp-json\/wp\/v2\/tags?post=453117"}],"curies":[{"name":"wp","href":"https:\/\/api.w.org\/{rel}","templated":true}]}}