{"id":453118,"date":"2025-10-10T18:20:19","date_gmt":"2025-10-10T18:20:19","guid":{"rendered":"https:\/\/www.europesays.com\/fr\/453118\/"},"modified":"2025-10-10T18:20:19","modified_gmt":"2025-10-10T18:20:19","slug":"cheikh-tiberghien-bayonne-rodrigo-marta-grenoble-les-infos-du-vendredi-10-octobre","status":"publish","type":"post","link":"https:\/\/www.europesays.com\/fr\/453118\/","title":{"rendered":"Cheikh Tiberghien, Bayonne, Rodrigo Marta, Grenoble, les infos du vendredi 10 octobre"},"content":{"rendered":"<p style=\"text-align: justify;\" align=\"justify\"><strong>TRANSFERTS RUGBY \u2013 Cheikh Tiberghien scelle son avenir, l\u2019Aviron Bayonnais s\u2019active sur les prolongations, Grenoble a trouv\u00e9 son joker m\u00e9dical pour sa ligne de trois-quarts, Rodrigo Marta (Colomiers) devrait signer en Top 14 : les infos de ce vendredi 10 octobre.<\/strong><\/p>\n<p>Aviron Bayonnais : Cheikh Tiberghien prolonge, des discussions avec trois cadres<\/p>\n<p style=\"text-align: justify;\">Le trois-quarts polyvalent <strong>Cheikh Tiberghien<\/strong> a finalement tranch\u00e9 concernant son avenir. En fin de contrat avec l\u2019<strong>Aviron Bayonnais<\/strong> en juin 2026, le joueur de 25 ans a choisi de prolonger son engagement pour deux saisons suppl\u00e9mentaires, soit jusqu\u2019en 2028.<\/p>\n<p style=\"text-align: justify;\">Courtis\u00e9 par plusieurs clubs du Top 14, <strong>Tiberghien<\/strong> a pr\u00e9f\u00e9r\u00e9 miser sur la continuit\u00e9, s\u00e9duit par le projet sportif bayonnais et la stabilit\u00e9 affich\u00e9e par un groupe actuellement en pleine r\u00e9ussite. Ce choix fort s\u2019inscrit dans la volont\u00e9 du club basque de conserver ses cadres et de s\u2019appuyer sur une ossature solide pour les prochaines saisons.<\/p>\n<p style=\"text-align: justify;\">Leader surprise du championnat apr\u00e8s cinq journ\u00e9es, <strong>Bayonne<\/strong> entend capitaliser sur cette dynamique positive. Dans la foul\u00e9e de cette prolongation, <a href=\"https:\/\/dicodusport.fr\/blog\/transferts-bayonne-veut-prolonger-3-cadres\/\" target=\"_blank\" rel=\"noopener\">la direction travaille d\u00e9j\u00e0 \u00e0 s\u00e9curiser l\u2019avenir d\u2019autres joueurs importants<\/a> arrivant en fin de contrat. Selon <a href=\"https:\/\/www.rugbyrama.fr\/2025\/10\/10\/top-14-transfert-cheikh-tiberghien-prolonge-officiellement-a-bayonne-dautres-dossiers-avancent-12983704.php\" target=\"_blank\" rel=\"noopener\">Rugbyrama<\/a>, <strong>Facundo Bosch<\/strong>, <strong>Alex Moon<\/strong> ou encore <strong>Manu Tuilagi<\/strong> sont concern\u00e9s.<\/p>\n<p style=\"text-align: justify;\">Cette d\u00e9cision confirme la mont\u00e9e en puissance du projet bayonnais, d\u00e9sormais capable de retenir ses meilleurs \u00e9l\u00e9ments face \u00e0 la concurrence des grands clubs du Top 14.<\/p>\n<p style=\"text-align: justify;\"><strong>L\u2019avis de Dicodusport<\/strong> <strong>: <\/strong>La prolongation de Cheikh Tiberghien jusqu\u2019en 2028 est un coup gagnant pour Bayonne : elle renforce la stabilit\u00e9 et confirme l\u2019attractivit\u00e9 du projet basque. Un choix logique pour le joueur, ambitieux pour le club, \u00e0 condition de maintenir la dynamique et la coh\u00e9sion du groupe. Il en va de m\u00eame pour les possibles prolongations des cadres cit\u00e9s ci-dessus.<\/p>\n<p>\n<a href=\"https:\/\/dicodusport.fr\/blog\/offres\/abonnements-sans-pub\/\" target=\"_blank\" rel=\"noopener\"><img loading=\"lazy\" decoding=\"async\" class=\"alignnone size-full wp-image-501284 perfmatters-lazy\" alt=\"\" width=\"1200\" height=\"200\" src=\"https:\/\/www.europesays.com\/fr\/wp-content\/uploads\/2025\/04\/Abonnements-sans-pubs-Dicodusport.png\"\/><\/a><\/p>\n<p>FC Grenoble : Nadir Megdoud (Bayonne) en joker<\/p>\n<p style=\"text-align: justify;\">Selon <a href=\"https:\/\/www.ledauphine.com\/sport\/2025\/10\/10\/le-fcg-a-trouve-son-premier-joker-medical-le-remplacant-de-nicolas-nadau-annonce-ce-vendredi\" target=\"_blank\" rel=\"noopener\">Le Dauphin\u00e9 Lib\u00e9r\u00e9<\/a>, <strong>Nadir Megdoud<\/strong> va quitter l\u2019<strong>Aviron Bayonnais<\/strong> pour rejoindre le <strong>FC Grenoble<\/strong> en Pro D2 en tant que joker m\u00e9dical. Ce transfert intervient apr\u00e8s la grave blessure de <strong>Gerswin Mouton<\/strong>, victime d\u2019une rupture des ligaments crois\u00e9s et indisponible pour le reste de la saison.<\/p>\n<p>\n<a href=\"https:\/\/dicodusport.fr\/blog\/offres\/abonnements-sans-pub\/\" target=\"_blank\" rel=\"noopener\"><img loading=\"lazy\" decoding=\"async\" class=\"alignnone size-full wp-image-501296 perfmatters-lazy\" alt=\"\" width=\"400\" height=\"400\" src=\"https:\/\/www.europesays.com\/fr\/wp-content\/uploads\/2025\/04\/Abonnements-sans-pubs-Dicodusport-mobile.png\"\/><\/a><\/p>\n<p style=\"text-align: justify;\">\u00c0 Bayonne, <strong>Megdoud<\/strong> disposait de tr\u00e8s peu de temps de jeu, n\u2019ayant particip\u00e9 qu\u2019\u00e0 un seul match cette saison face \u00e0 Castres. La saison pr\u00e9c\u00e9dente, il avait disput\u00e9 dix rencontres toutes comp\u00e9titions confondues. Son arriv\u00e9e \u00e0 <strong>Grenoble<\/strong> devrait lui permettre de jouer un r\u00f4le plus actif et de retrouver du rythme sur le terrain, tout en apportant un renfort pr\u00e9cieux \u00e0 la ligne de trois-quarts is\u00e9roise.<\/p>\n<p style=\"text-align: justify;\"><strong>L\u2019avis de Dicodusport<\/strong> <strong>:\u00a0<\/strong>Le d\u00e9part de Nadir Megdoud vers Grenoble est logique : limit\u00e9 \u00e0 Bayonne, il va retrouver du temps de jeu et relancer sa carri\u00e8re. Pour Grenoble, c\u2019est un renfort rapide et exp\u00e9riment\u00e9, id\u00e9al pour compenser l\u2019absence prolong\u00e9e de Gerswin Mouton. Sportivement, cela renforce la profondeur de la ligne de trois-quarts en Pro D2.\u00a0<\/p>\n<p>Section Paloise : Rodrigo Marta (Colomiers) en approche<\/p>\n<p style=\"text-align: justify;\"><strong>Rodrigo Marta<\/strong>, ailier de <strong>Colomiers<\/strong> en Pro D2, s\u2019appr\u00eate \u00e0 passer un cap d\u00e9cisif dans sa carri\u00e8re. Selon <a href=\"https:\/\/dicodusport.fr\/blog\/transferts-colomiers-rodrigo-marta-devrait-signer-en-top-14\/\" target=\"_blank\" rel=\"noopener\">La R\u00e9publique des Pyr\u00e9n\u00e9es<\/a>, le joueur portugais devrait rejoindre la <strong>Section Paloise<\/strong> \u00e0 l\u2019\u00e9t\u00e9 2026.<\/p>\n<p style=\"text-align: justify;\">Arriv\u00e9 \u00e0 <strong>Colomiers<\/strong> en 2023, <strong>Marta<\/strong> s\u2019est rapidement impos\u00e9 comme un joueur incontournable, avec 16 essais inscrits en 40 matchs, r\u00e9v\u00e9lant toute sa capacit\u00e9 \u00e0 dynamiser le jeu de son \u00e9quipe. Ancien joueur de <strong>Dax<\/strong>, il avait d\u00e9j\u00e0 montr\u00e9 des qualit\u00e9s prometteuses alors que le club landais \u00e9voluait en <strong>Nationale<\/strong>, mais ce transfert vers le Top 14 repr\u00e9sente une \u00e9tape majeure.<\/p>\n<p style=\"text-align: justify;\">Pour l\u2019ailier portugais, il s\u2019agit \u00e0 la fois d\u2019une r\u00e9compense pour son travail et sa r\u00e9gularit\u00e9, et d\u2019un d\u00e9fi sportif de taille : affronter les meilleurs joueurs du championnat, \u00e9voluer dans un rythme plus intense et confirmer son potentiel au plus haut niveau, sur la sc\u00e8ne nationale et internationale.<\/p>\n<p style=\"text-align: justify;\"><strong>L\u2019avis de Dicodusport :\u00a0<\/strong>Pour la Section Paloise, ce recrutement s\u2019inscrirait dans une strat\u00e9gie de renforcement de ses lignes arri\u00e8re avec un joueur rapide, exp\u00e9riment\u00e9 et capable de dynamiser le jeu offensif. Pour Marta, c\u2019est l\u2019occasion id\u00e9ale de se faire un nom dans l\u2019\u00e9lite et de continuer \u00e0 progresser \u00e0 haut niveau.<\/p>\n","protected":false},"excerpt":{"rendered":"TRANSFERTS RUGBY \u2013 Cheikh Tiberghien scelle son avenir, l\u2019Aviron Bayonnais s\u2019active sur les prolongations, Grenoble a trouv\u00e9 son&hellip;\n","protected":false},"author":2,"featured_media":453119,"comment_status":"","ping_status":"","sticky":false,"template":"","format":"standard","meta":{"footnotes":""},"categories":[9566],"tags":[1111,11,2430,2113,1777,674,1011,27,2731,12,25,477],"class_list":{"0":"post-453118","1":"post","2":"type-post","3":"status-publish","4":"format-standard","5":"has-post-thumbnail","7":"category-grenoble","8":"tag-actu","9":"tag-actualites","10":"tag-auvergne-rhone-alpes","11":"tag-breve","12":"tag-eu","13":"tag-europe","14":"tag-fr","15":"tag-france","16":"tag-grenoble","17":"tag-news","18":"tag-republique-francaise","19":"tag-transferts-rugby"},"share_on_mastodon":{"url":"https:\/\/pubeurope.com\/@fr\/115351258956147761","error":""},"_links":{"self":[{"href":"https:\/\/www.europesays.com\/fr\/wp-json\/wp\/v2\/posts\/453118","targetHints":{"allow":["GET"]}}],"collection":[{"href":"https:\/\/www.europesays.com\/fr\/wp-json\/wp\/v2\/posts"}],"about":[{"href":"https:\/\/www.europesays.com\/fr\/wp-json\/wp\/v2\/types\/post"}],"author":[{"embeddable":true,"href":"https:\/\/www.europesays.com\/fr\/wp-json\/wp\/v2\/users\/2"}],"replies":[{"embeddable":true,"href":"https:\/\/www.europesays.com\/fr\/wp-json\/wp\/v2\/comments?post=453118"}],"version-history":[{"count":0,"href":"https:\/\/www.europesays.com\/fr\/wp-json\/wp\/v2\/posts\/453118\/revisions"}],"wp:featuredmedia":[{"embeddable":true,"href":"https:\/\/www.europesays.com\/fr\/wp-json\/wp\/v2\/media\/453119"}],"wp:attachment":[{"href":"https:\/\/www.europesays.com\/fr\/wp-json\/wp\/v2\/media?parent=453118"}],"wp:term":[{"taxonomy":"category","embeddable":true,"href":"https:\/\/www.europesays.com\/fr\/wp-json\/wp\/v2\/categories?post=453118"},{"taxonomy":"post_tag","embeddable":true,"href":"https:\/\/www.europesays.com\/fr\/wp-json\/wp\/v2\/tags?post=453118"}],"curies":[{"name":"wp","href":"https:\/\/api.w.org\/{rel}","templated":true}]}}