{"id":453122,"date":"2025-10-10T18:22:36","date_gmt":"2025-10-10T18:22:36","guid":{"rendered":"https:\/\/www.europesays.com\/fr\/453122\/"},"modified":"2025-10-10T18:22:36","modified_gmt":"2025-10-10T18:22:36","slug":"la-police-reprime-la-mobilisation-pour-gaza-a-sciences-po-rennes","status":"publish","type":"post","link":"https:\/\/www.europesays.com\/fr\/453122\/","title":{"rendered":"la police r\u00e9prime la mobilisation pour Gaza \u00e0 Sciences Po Rennes"},"content":{"rendered":"<p>Jeudi 2 octobre, au lendemain de l\u2019interception ill\u00e9gale de la Global Sumud Flotilla, des dizaines d\u2019\u00e9tudiants de Sciences Po Rennes ont bloqu\u00e9 leur campus pour exiger la lib\u00e9ration des membres de la flottille. Vers 7h30, des gendarmes sont venus intimider les \u00e9tudiants sur le campus, les soumettant \u00e0 des contr\u00f4les d\u2019identit\u00e9.<\/p>\n<p>Une heure plus tard, une quinzaine de policiers sont intervenus violemment pour d\u00e9gager les \u00e9tudiants mobilis\u00e9s. Cagoul\u00e9s pour la plupart, sans matricule visible, les agents ont insult\u00e9, menac\u00e9 et matraqu\u00e9 les \u00e9tudiants. Un policier a m\u00eame jet\u00e9 au sol et frapp\u00e9 une personne mobilis\u00e9e. \u00ab\u00a0ils ont \u00e9t\u00e9 violents [&#8230;] m\u00eame en voyant qu\u2019on partait, ils ont d\u00e9cid\u00e9 de nous r\u00e9primer. On est plusieurs \u00e0 s\u2019\u00eatre pris des coups de matraques\u00a0\u00bb, t\u00e9moigne A. au micro de R\u00e9volution Permanente. \u00ab\u00a0J\u2019\u00e9tais \u00e0 l\u2019arri\u00e8re, le policier m\u2019a pouss\u00e9 en me disant de partir plus vite et du coup je me suis pris trois coups de matraques dans la cuisse.\u00a0\u00bb<\/p>\n<p>\u00c9tudiante mobilis\u00e9e jeudi dernier, N. confie avoir \u00e9t\u00e9 \u00ab\u00a0en \u00e9tat de choc,\u00a0\u00bb \u00ab\u00a0je m\u2019attendais pas du tout \u00e0 \u00e7a, \u00e0 peine la police nationale est arriv\u00e9e, on les a vu cagoul\u00e9s, avec leurs matraques, ils nous ont dit de d\u00e9gager [&#8230;] directement ils ont \u00e9t\u00e9 hyper agressifs\u00a0\u00bb.<\/p>\n<p>\u00ab\u00a0Je trouve \u00e7a inadmissible qu\u2019ils aient envoy\u00e9 la police, en sachant tr\u00e8s bien qu\u2019ils allaient \u00eatre mena\u00e7ants, qu\u2019ils nous ont insult\u00e9 et nous ont frapp\u00e9s\u00a0\u00bb pour S., t\u00e9moin de la r\u00e9pression. \u00ab\u00a0C\u2019est un niveau de violence \u00e9lev\u00e9 et \u00e7a m\u2019inqui\u00e8te. Pour moi c\u2019est un signe d\u2019une fascisation assez rapide de la soci\u00e9t\u00e9. Ces derni\u00e8res ann\u00e9es y\u2019a pas eu ce genre de r\u00e9ponse quand on a bloqu\u00e9.\u00a0\u00bb<\/p>\n<p>La pr\u00e9sidence de l\u2019\u00e9cole se d\u00e9douane de toute responsabilit\u00e9 dans l\u2019affaire. Dans un e-mail adress\u00e9 aux \u00e9l\u00e8ves le jour m\u00eame, l\u2019administration de Sciences Po Rennes affirme que \u00ab\u00a0la pr\u00e9fecture a pris de son c\u00f4t\u00e9 la d\u00e9cision de faire intervenir les forces de l\u2019ordre sur diff\u00e9rents sites concern\u00e9s par des blocages, dont le boulevard de la Duchesse Anne [o\u00f9 se situe l\u2019\u00e9cole, NDLR]\u00a0\u00bb. Pas un mot pour les \u00e9tudiants r\u00e9prim\u00e9s par la police aux portes de l\u2019\u00e9cole.<\/p>\n<p>Ces m\u00e9thodes de r\u00e9pression polici\u00e8re contre le mouvement \u00e9tudiant sont de plus en plus banalis\u00e9es. D\u00e9j\u00e0 en avril 2024, au moment o\u00f9 les \u00e9tudiants ont occup\u00e9 Sciences Po Rennes contre le g\u00e9nocide en Palestine, le directeur de l\u2019IEP a fait intervenir plus de 80 CRS dans l\u2019\u00e9cole pour brutalement expulser les \u00e9tudiants mobilis\u00e9s. Dans l\u2019Enseignement Sup\u00e9rieur, la r\u00e9pression polici\u00e8re et administrative se renforce, comme \u00e0 l\u2019universit\u00e9 de Nantes, o\u00f9 la pr\u00e9sidence envisage un <a href=\"https:\/\/france3-regions.franceinfo.fr\/pays-de-la-loire\/loire-atlantique\/nantes\/une-attaque-massive-contre-la-liberte-d-expression-et-de-reunion-l-universite-de-nantes-veut-changer-son-reglement-interieur-3220997.html\" class=\"spip_out\" rel=\"noopener noreferrer external nofollow\" target=\"_blank\">r\u00e8glement int\u00e9rieur ultra-r\u00e9pressif<\/a> qui sanctionnerait notamment \u00ab\u00a0l\u2019usage abusif de la libert\u00e9 d\u2019expression\u00a0\u00bb.<\/p>\n<p>\u00ab\u00a0On est du bon c\u00f4t\u00e9 de l\u2019histoire\u00a0\u00bb<\/p>\n<p>Se mobiliser pour la Palestine, explique N., c\u2019\u00e9tait une n\u00e9cessit\u00e9. \u00ab\u00a0Au final se taire et ne rien faire c\u2019est encore pire, c\u2019est \u00eatre complice. Surtout en tant que jeunes, nous on ne veut pas de \u00e7a. Plus tard par exemple, si on a des enfants qui nous demandent ce qu\u2019on a fait dans cette situation, on ne pourra pas dire qu\u2019on a \u00e9t\u00e9 complice d\u2019un g\u00e9nocide. On pourra dire qu\u2019on a essay\u00e9 de se battre contre et de faire tout ce qu\u2019on pouvait.\u00a0\u00bb<\/p>\n<p>S., \u00e9tudiante en master, partage ce constat. \u00ab\u00a0De mani\u00e8re g\u00e9n\u00e9rale, la jeunesse a toujours \u00e9t\u00e9 du bon c\u00f4t\u00e9 de l\u2019histoire. L\u00e0, \u00e7a montre d\u2019autant plus qu\u2019on l\u2019est car il y a un tournant autoritaire et on essaye de nous faire taire, alors que ce qu\u2019on dit est l\u00e9gitime.\u00a0\u00bb<\/p>\n<p>Une assembl\u00e9e g\u00e9n\u00e9rale a \u00e9t\u00e9 convoqu\u00e9e le lendemain \u00e0 Sciences Po Rennes contre la r\u00e9pression polici\u00e8re et administrative, et en solidarit\u00e9 avec le peuple palestinien. C\u2019est \u00e0 cette occasion que des \u00e9lus \u00e9tudiants ont expliqu\u00e9 avoir interpell\u00e9 la pr\u00e9sidence, qui se d\u00e9douane de toute responsabilit\u00e9 vis-\u00e0-vis des violences polici\u00e8res inflig\u00e9es aux \u00e9tudiants. La cinquantaine de participants a discut\u00e9 de comment pr\u00e9parer la riposte contre la r\u00e9pression polici\u00e8re, administrative, et contre le g\u00e9nocide en Palestine. Une r\u00e9pression qui n\u2019a fait que renforcer le moral des \u00e9tudiants mobilis\u00e9s, d\u00e9termin\u00e9s \u00e0 continuer la lutte.<\/p>\n<p>Contre les pr\u00e9sidences d\u2019universit\u00e9 qui tentent d\u2019interdire la politique sur nos campus, le mouvement \u00e9tudiant a un r\u00f4le cl\u00e9 \u00e0 jouer, aux c\u00f4t\u00e9s du mouvement ouvrier, pour affronter les politiques aust\u00e9ritaires, la militarisation de la soci\u00e9t\u00e9, et la complicit\u00e9 de l\u2019\u00c9tat fran\u00e7ais avec le g\u00e9nocide du peuple palestinien.<\/p>\n","protected":false},"excerpt":{"rendered":"Jeudi 2 octobre, au lendemain de l\u2019interception ill\u00e9gale de la Global Sumud Flotilla, des dizaines d\u2019\u00e9tudiants de Sciences&hellip;\n","protected":false},"author":2,"featured_media":453123,"comment_status":"","ping_status":"","sticky":false,"template":"","format":"standard","meta":{"footnotes":""},"categories":[2821],"tags":[1111,11,829,1777,674,1011,27,12,584,25],"class_list":{"0":"post-453122","1":"post","2":"type-post","3":"status-publish","4":"format-standard","5":"has-post-thumbnail","7":"category-rennes","8":"tag-actu","9":"tag-actualites","10":"tag-bretagne","11":"tag-eu","12":"tag-europe","13":"tag-fr","14":"tag-france","15":"tag-news","16":"tag-rennes","17":"tag-republique-francaise"},"share_on_mastodon":{"url":"https:\/\/pubeurope.com\/@fr\/115351266743461986","error":""},"_links":{"self":[{"href":"https:\/\/www.europesays.com\/fr\/wp-json\/wp\/v2\/posts\/453122","targetHints":{"allow":["GET"]}}],"collection":[{"href":"https:\/\/www.europesays.com\/fr\/wp-json\/wp\/v2\/posts"}],"about":[{"href":"https:\/\/www.europesays.com\/fr\/wp-json\/wp\/v2\/types\/post"}],"author":[{"embeddable":true,"href":"https:\/\/www.europesays.com\/fr\/wp-json\/wp\/v2\/users\/2"}],"replies":[{"embeddable":true,"href":"https:\/\/www.europesays.com\/fr\/wp-json\/wp\/v2\/comments?post=453122"}],"version-history":[{"count":0,"href":"https:\/\/www.europesays.com\/fr\/wp-json\/wp\/v2\/posts\/453122\/revisions"}],"wp:featuredmedia":[{"embeddable":true,"href":"https:\/\/www.europesays.com\/fr\/wp-json\/wp\/v2\/media\/453123"}],"wp:attachment":[{"href":"https:\/\/www.europesays.com\/fr\/wp-json\/wp\/v2\/media?parent=453122"}],"wp:term":[{"taxonomy":"category","embeddable":true,"href":"https:\/\/www.europesays.com\/fr\/wp-json\/wp\/v2\/categories?post=453122"},{"taxonomy":"post_tag","embeddable":true,"href":"https:\/\/www.europesays.com\/fr\/wp-json\/wp\/v2\/tags?post=453122"}],"curies":[{"name":"wp","href":"https:\/\/api.w.org\/{rel}","templated":true}]}}