{"id":453124,"date":"2025-10-10T18:23:11","date_gmt":"2025-10-10T18:23:11","guid":{"rendered":"https:\/\/www.europesays.com\/fr\/453124\/"},"modified":"2025-10-10T18:23:11","modified_gmt":"2025-10-10T18:23:11","slug":"sante-une-etude-strasbourgeoise-etablit-un-lien-entre-cancer-du-sein-et-environnement","status":"publish","type":"post","link":"https:\/\/www.europesays.com\/fr\/453124\/","title":{"rendered":"Sant\u00e9. Une \u00e9tude strasbourgeoise \u00e9tablit un lien entre cancer du sein et environnement"},"content":{"rendered":"<p>En cl\u00f4ture des <a href=\"https:\/\/www.rencontres-internationales-de-senologie.org\/fr\/\" target=\"_blank\" rel=\"nofollow noopener\">31 e rencontres internationales de la s\u00e9nologie<\/a> , qui se tenaient \u00e0 Strasbourg du mercredi\u00a08 au vendredi 10\u00a0octobre, l\u2019\u00e9quipe de la <a href=\"https:\/\/www.dna.fr\/sante\/2024\/04\/02\/la-professeure-carole-mathelin-premiere-femme-elue-a-la-vice-presidence-de-l-academie-nationale-de-chirurgie\" target=\"_blank\" rel=\"nofollow noopener\">P re Carole Mathelin<\/a> a divulgu\u00e9 en avant-premi\u00e8re les r\u00e9sultats pr\u00e9liminaires d\u2019une \u00e9tude tr\u00e8s attendue de l\u2019impact de l\u2019environnement sur le cancer du sein. \u00ab\u00a0La France est le <a href=\"https:\/\/www.lemonde.fr\/planete\/article\/2025\/10\/10\/cancer-pourquoi-la-france-fait-partie-des-pays-les-plus-touches-au-monde_6645641_3244.html\" target=\"_blank\" rel=\"nofollow noopener\">premier pays au monde<\/a> en termes d\u2019incidence du cancer du sein et c\u2019est une premi\u00e8re place dont on ne veut pas\u00a0\u00bb, a r\u00e9sum\u00e9 ce vendredi la scientifique, qui s\u2019est int\u00e9ress\u00e9e aux causes de cette maladie tuant \u00ab\u00a012\u00a0000 femmes chaque ann\u00e9e\u00a0\u00bb dans notre pays.<\/p>\n<p>\u00ab\u00a0Les causes principales du cancer du sein sont connues\u00a0: il s\u2019agit de l\u2019ob\u00e9sit\u00e9, surtout apr\u00e8s la m\u00e9nopause, de la s\u00e9dentarit\u00e9, de la <a href=\"https:\/\/www.dna.fr\/magazine-sante\/2025\/10\/10\/l-alcool-une-cause-majeure-de-cancer-meme-a-faible-dose\" target=\"_blank\" rel=\"nofollow noopener\">consommation d\u2019alcool<\/a> et d\u2019autres facteurs comme la carence en vitamine D, le manque de sommeil, des causes g\u00e9n\u00e9tiques ou hormonales\u00a0\u00bb, d\u00e9taille Carole Mathelin. \u00ab\u00a0Mais cela n\u2019explique pas tout. Et surtout pas pourquoi certaines femmes jeunes, non s\u00e9dentaires, qui ne boivent ni ne fument d\u00e9veloppent cette maladie\u00a0\u00bb. Le cancer du sein \u00e9tant hormono-d\u00e9pendant, la P re Mathelin s\u2019est int\u00e9ress\u00e9e aux perturbateurs endocriniens, dont elle a mesur\u00e9 la concentration dans les tissus pr\u00e9lev\u00e9s sur 931 patientes suivies \u00e0 l\u2019 <a href=\"https:\/\/icans.eu\/\" target=\"_blank\" rel=\"nofollow noopener\">Icans.<\/a><\/p>\n<p>  \u00ab\u00a0On se contamine au fur et \u00e0 mesure\u00a0\u00bb<\/p>\n<p>S\u00e9par\u00e9s en trois familles \u2013 pesticides, Pfas ( <a href=\"https:\/\/www.dna.fr\/environnement\/2023\/03\/11\/pfas-en-alsace-l-heritage-perpetuel\" target=\"_blank\" rel=\"nofollow noopener\">ou polluant \u00e9ternels<\/a> ) et m\u00e9taux \u2013 ces perturbateurs endocriniens ont \u00e9t\u00e9 retrouv\u00e9s en quantit\u00e9 bien plus importante dans les tumeurs canc\u00e9reuses que dans les tumeurs b\u00e9nignes, ce qui montre bien, selon la scientifique, qu\u2019il \u00ab\u00a0se passe quelque chose\u00a0\u00bb entre perturbateurs et cancer du sein.<\/p>\n<p>Logiquement, les femmes les plus \u00e2g\u00e9es avaient des concentrations plus \u00e9lev\u00e9es de m\u00e9taux, de pesticides et de Pfas que les plus jeunes, ce qui prouve \u00ab\u00a0qu\u2019on se contamine au fur et \u00e0 mesure du temps\u00a0\u00bb. De mani\u00e8re moins intuitive, les scientifiques ont d\u00e9couvert que les femmes minces avaient des taux plus importants de m\u00e9taux et de Pfas que les patientes ob\u00e8ses. \u00c0 l\u2019inverse, ces derni\u00e8res sont celles qui ont les concentrations de pesticides les plus importantes.<\/p>\n<p>  Des Pfas chez 96\u00a0% des patientes<\/p>\n<p>Un autre enseignement de l\u2019\u00e9tude, bien plus inqui\u00e9tant, porte sur les Pfas, pr\u00e9sents chez 96\u00a0% des patientes de la cohorte. Deux d\u2019entre eux, les Pfos et les Pfoa sont pr\u00e9sents en plus grande quantit\u00e9 dans \u00ab\u00a0les tumeurs triples n\u00e9gatives, ces cancers qu\u2019on ne connaissait pas il y a encore quarante ans et qu\u2019on voit aujourd\u2019hui appara\u00eetre de plus en plus fr\u00e9quemment, notamment chez des femmes jeunes\u00a0\u00bb, note Carole Mathelin. Ces nouveaux cancers ont des \u00ab\u00a0pronostics moins bons et sont plus difficiles \u00e0 traiter\u00a0\u00bb.<\/p>\n<p>  Du plomb \u00e0 Mulhouse<\/p>\n<p>En s\u2019int\u00e9ressant aux lieux de r\u00e9sidence des patientes, les scientifiques ont \u00e9galement constat\u00e9 des liens nets entre concentration de certains perturbateurs et contamination des sols sur place. \u00ab\u00a0Les patientes de Moselle, \u00e0 Florange, Hayange, ont par exemple beaucoup de plomb dans leur tumeur\u2026 Autour de Mulhouse aussi\u00a0\u00bb observe Carole Mathelin, qui esp\u00e8re que l\u2019\u00e9tude contribuera aussi \u00e0 \u00e9clairer les d\u00e9cideurs locaux.<\/p>\n","protected":false},"excerpt":{"rendered":"En cl\u00f4ture des 31 e rencontres internationales de la s\u00e9nologie , qui se tenaient \u00e0 Strasbourg du mercredi\u00a08&hellip;\n","protected":false},"author":2,"featured_media":453125,"comment_status":"","ping_status":"","sticky":false,"template":"","format":"standard","meta":{"footnotes":""},"categories":[2820],"tags":[1111,11,2389,2649,2880,436,1777,674,107,1011,27,775,5362,224,12,1800,25,71,767,640,2879],"class_list":{"0":"post-453124","1":"post","2":"type-post","3":"status-publish","4":"format-standard","5":"has-post-thumbnail","7":"category-strasbourg","8":"tag-actu","9":"tag-actualites","10":"tag-alsace","11":"tag-bas-rhin","12":"tag-edition-strasbourg","13":"tag-environnement","14":"tag-eu","15":"tag-europe","16":"tag-fil-info","17":"tag-fr","18":"tag-france","19":"tag-grand-est","20":"tag-magazine-sante","21":"tag-medecine","22":"tag-news","23":"tag-pollution","24":"tag-republique-francaise","25":"tag-sante","26":"tag-science-et-technologie","27":"tag-strasbourg","28":"tag-strasbourg-ville"},"share_on_mastodon":{"url":"https:\/\/pubeurope.com\/@fr\/115351270469390708","error":""},"_links":{"self":[{"href":"https:\/\/www.europesays.com\/fr\/wp-json\/wp\/v2\/posts\/453124","targetHints":{"allow":["GET"]}}],"collection":[{"href":"https:\/\/www.europesays.com\/fr\/wp-json\/wp\/v2\/posts"}],"about":[{"href":"https:\/\/www.europesays.com\/fr\/wp-json\/wp\/v2\/types\/post"}],"author":[{"embeddable":true,"href":"https:\/\/www.europesays.com\/fr\/wp-json\/wp\/v2\/users\/2"}],"replies":[{"embeddable":true,"href":"https:\/\/www.europesays.com\/fr\/wp-json\/wp\/v2\/comments?post=453124"}],"version-history":[{"count":0,"href":"https:\/\/www.europesays.com\/fr\/wp-json\/wp\/v2\/posts\/453124\/revisions"}],"wp:featuredmedia":[{"embeddable":true,"href":"https:\/\/www.europesays.com\/fr\/wp-json\/wp\/v2\/media\/453125"}],"wp:attachment":[{"href":"https:\/\/www.europesays.com\/fr\/wp-json\/wp\/v2\/media?parent=453124"}],"wp:term":[{"taxonomy":"category","embeddable":true,"href":"https:\/\/www.europesays.com\/fr\/wp-json\/wp\/v2\/categories?post=453124"},{"taxonomy":"post_tag","embeddable":true,"href":"https:\/\/www.europesays.com\/fr\/wp-json\/wp\/v2\/tags?post=453124"}],"curies":[{"name":"wp","href":"https:\/\/api.w.org\/{rel}","templated":true}]}}