{"id":453126,"date":"2025-10-10T18:24:12","date_gmt":"2025-10-10T18:24:12","guid":{"rendered":"https:\/\/www.europesays.com\/fr\/453126\/"},"modified":"2025-10-10T18:24:12","modified_gmt":"2025-10-10T18:24:12","slug":"handball-division-1-feminine-le-declic-au-rhenus-pour-le-strasbourg-ath","status":"publish","type":"post","link":"https:\/\/www.europesays.com\/fr\/453126\/","title":{"rendered":"Handball \u2013 Division 1 f\u00e9minine. Le d\u00e9clic au Rhenus pour le Strasbourg ATH\u00a0?"},"content":{"rendered":"<p>\u00ab\u00a0Depuis deux ans, nous avons cultiv\u00e9 un truc au Rhenus. C\u2019est une salle qui nous r\u00e9ussit plut\u00f4t bien, j\u2019esp\u00e8re que ce sera encore le cas.\u00a0\u00bb<\/p>\n<p>Dans l\u2019enceinte strasbourgeoise, le Strasbourg ATH, L\u00e9a Fargues en particulier, a fait vibrer ses supporters, en s\u2019\u00e9levant un temps contre les meilleures comme Metz ou Brest et en y r\u00e9coltant une premi\u00e8re victoire contre Paris la saison derni\u00e8re.<\/p>\n<p>  \u00ab\u00a0Trouver un petit suppl\u00e9ment d\u2019\u00e2me\u00a0\u00bb<\/p>\n<p>\u00ab\u00a0Il y a du monde, de l\u2019ambiance, poursuit la gardienne de but de 27 ans, arriv\u00e9e au SATH en 2022 (le club alsacien \u00e9tait alors en D2). C\u2019est bien pour le handball f\u00e9minin fran\u00e7ais, bien pour les \u201cPiraths\u201d. Nous sommes \u00e0 notre aise dans notre petit chaudron de Truchtersheim, mais dans une grande salle, il y a forc\u00e9ment plus de spectateurs, plus d\u2019ambiance, plus de ferveur. \u00c7a ne peut que nous galvaniser davantage pour trouver un petit suppl\u00e9ment d\u2019\u00e2me.\u00a0\u00bb<\/p>\n<p>Les joueuses d\u2019Anthony Favier et Louis Chaudeur en ont bien besoin en ce moment, elles qui viennent de s\u2019incliner mercredi \u00e0 Saint-Amand (26-23), leur quatri\u00e8me d\u00e9faite en cinq journ\u00e9es.<\/p>\n<p>\u00ab\u00a0Notre d\u00e9but de championnat est difficile, nous avions envie de gagner ce match et l\u00e0, on a un peu le moral dans les chaussettes. On manque de confiance individuelle et collective. On attend un d\u00e9clic qui sera le pr\u00e9curseur de quelque chose\u00a0\u00bb, esp\u00e8re L\u00e9a Fargues.<\/p>\n<p>Le trouver au Rhenus devient presque n\u00e9cessaire pour \u00e9viter de prendre trop de retard au classement. \u00ab\u00a0Il faut gagner des matches, prendre des points pour se relancer et s\u2019installer sur une pente ascendante\u00a0\u00bb, ajoute-t-elle.<\/p>\n<p>Face \u00e0 des Dijonnaises, finalistes du Final 4 de la Ligue europ\u00e9enne la saison derni\u00e8re, mais h\u00e9sitantes en ce d\u00e9but d\u2019exercice (2 victoires), la chose ne semble pas impossible.<\/p>\n<p>Mais le Strasbourg ATH en aura-t-il les moyens\u00a0? \u00ab\u00a0On se trompe en parlant de l\u2019\u00e9tat de forme de Dijon, il faut s\u2019occuper de nous et de ce qu\u2019il faut faire pour gagner\u00a0\u00bb pr\u00e9vient la gardienne du SATH.<\/p>\n<p>Alors, il faudra s\u2019\u00e9lever pour trouver quelque chose d\u2019in\u00e9dit ce samedi dans la lumi\u00e8re du Rhenus. Et se souvenir des sensations pass\u00e9es, se souvenir des belles choses.<\/p>\n<p>L\u00e9a Fargues a une histoire particuli\u00e8re dans cette salle. Elle y a toujours \u00e9t\u00e9 performante en D1 comme cet \u00e9t\u00e9 durant l\u2019Europ\u2019A Cup o\u00f9 elle avait \u00e9t\u00e9 \u00e9lue meilleure gardienne du tournoi.<\/p>\n<p>  \u00ab\u00a0J\u2019aime l\u2019ambiance des grandes salles, il y a un petit truc en plus\u00a0\u00bb<\/p>\n<p>\u00ab\u00a0Moi, j\u2019adore jouer au Rhenus\u00a0! Il y a toujours des endroits o\u00f9 l\u2019on se sent mieux et moi j\u2019aime y jouer, j\u2019aime l\u2019ambiance des grandes salles, il y a un petit truc en plus\u00a0\u00bb, pr\u00e9cise la gardienne du SATH.<\/p>\n<p>Il y a donc des ondes positives dans l\u2019enceinte strasbourgeoise pour la native des Pyr\u00e9n\u00e9es-Atlantiques qui a grandi \u00e0 Assat et commenc\u00e9 le handball \u00e0 Bordes. Mais le sujet individuel est vite mis en perspective.<\/p>\n<p>\u00ab\u00a0Quelle que soit la salle o\u00f9 je joue, \u00e7a peut \u00eatre \u00e0 l\u2019ext\u00e9rieur sur un terrain en bitume, il y a la m\u00eame envie de faire un gros match, conclut L\u00e9a Fargues. Pour le moment dans cette saison, je ne r\u00e9ussis pas les performances que l\u2019on attend de moi, c\u2019est un peu en dents de scie. Alors j\u2019esp\u00e8re faire une grosse performance individuelle d\u2019abord pour apporter davantage au collectif.\u00a0\u00bb<\/p>\n<p>Les \u201cPiraths\u201d auront besoin de faire corps et de grandir encore pour r\u00e9ussir cette premi\u00e8re au Rhenus, mais surtout pour r\u00e9ussir leur saison.<\/p>\n","protected":false},"excerpt":{"rendered":"\u00ab\u00a0Depuis deux ans, nous avons cultiv\u00e9 un truc au Rhenus. C\u2019est une salle qui nous r\u00e9ussit plut\u00f4t bien,&hellip;\n","protected":false},"author":2,"featured_media":453127,"comment_status":"","ping_status":"","sticky":false,"template":"","format":"standard","meta":{"footnotes":""},"categories":[2820],"tags":[1111,11,2880,1777,674,1011,27,775,1792,12,25,7770,517,640,18463],"class_list":{"0":"post-453126","1":"post","2":"type-post","3":"status-publish","4":"format-standard","5":"has-post-thumbnail","7":"category-strasbourg","8":"tag-actu","9":"tag-actualites","10":"tag-edition-strasbourg","11":"tag-eu","12":"tag-europe","13":"tag-fr","14":"tag-france","15":"tag-grand-est","16":"tag-handball","17":"tag-news","18":"tag-republique-francaise","19":"tag-secteur-de-truchtersheim","20":"tag-sport","21":"tag-strasbourg","22":"tag-truchtersheim"},"share_on_mastodon":{"url":"https:\/\/pubeurope.com\/@fr\/115351274443758705","error":""},"_links":{"self":[{"href":"https:\/\/www.europesays.com\/fr\/wp-json\/wp\/v2\/posts\/453126","targetHints":{"allow":["GET"]}}],"collection":[{"href":"https:\/\/www.europesays.com\/fr\/wp-json\/wp\/v2\/posts"}],"about":[{"href":"https:\/\/www.europesays.com\/fr\/wp-json\/wp\/v2\/types\/post"}],"author":[{"embeddable":true,"href":"https:\/\/www.europesays.com\/fr\/wp-json\/wp\/v2\/users\/2"}],"replies":[{"embeddable":true,"href":"https:\/\/www.europesays.com\/fr\/wp-json\/wp\/v2\/comments?post=453126"}],"version-history":[{"count":0,"href":"https:\/\/www.europesays.com\/fr\/wp-json\/wp\/v2\/posts\/453126\/revisions"}],"wp:featuredmedia":[{"embeddable":true,"href":"https:\/\/www.europesays.com\/fr\/wp-json\/wp\/v2\/media\/453127"}],"wp:attachment":[{"href":"https:\/\/www.europesays.com\/fr\/wp-json\/wp\/v2\/media?parent=453126"}],"wp:term":[{"taxonomy":"category","embeddable":true,"href":"https:\/\/www.europesays.com\/fr\/wp-json\/wp\/v2\/categories?post=453126"},{"taxonomy":"post_tag","embeddable":true,"href":"https:\/\/www.europesays.com\/fr\/wp-json\/wp\/v2\/tags?post=453126"}],"curies":[{"name":"wp","href":"https:\/\/api.w.org\/{rel}","templated":true}]}}