{"id":453130,"date":"2025-10-10T18:26:11","date_gmt":"2025-10-10T18:26:11","guid":{"rendered":"https:\/\/www.europesays.com\/fr\/453130\/"},"modified":"2025-10-10T18:26:11","modified_gmt":"2025-10-10T18:26:11","slug":"le-prefet-des-alpes-maritimes-propose-une-regulation-des-croisieres","status":"publish","type":"post","link":"https:\/\/www.europesays.com\/fr\/453130\/","title":{"rendered":"le pr\u00e9fet des Alpes-Maritimes propose une r\u00e9gulation des croisi\u00e8res"},"content":{"rendered":"<p>Apr\u00e8s des initiatives d\u00e9sordonn\u00e9es des maires de Nice et de Cannes qui ont braqu\u00e9 le secteur, le pr\u00e9fet des Alpes-Maritimes Laurent Hottiaux a propos\u00e9 un syst\u00e8me de r\u00e9gulation de l&rsquo;accueil des bateaux de croisi\u00e8re.<\/p>\n<p>Le pr\u00e9fet des Alpes-Maritimes Laurent Hottiaux, a propos\u00e9 vendredi 10 octobre un syst\u00e8me de r\u00e9gulation de l&rsquo;accueil des bateaux de croisi\u00e8re, <a href=\"https:\/\/www.bfmtv.com\/cote-d-azur\/nice-la-justice-suspend-l-arrete-anti-croisieres-de-christian-estrosi_AN-202507130231.html\" title=\"Nice: la justice suspend l&#039;arr\u00eat\u00e9 anti-croisi\u00e8res de Christian Estrosi\" class=\"internal_link\" rel=\"nofollow noopener\" target=\"_blank\">apr\u00e8s des initiatives d\u00e9sordonn\u00e9es des maires de Nice et de Cannes qui ont braqu\u00e9 le secteur<\/a>.<\/p>\n<p>Ces r\u00e9gulations visent \u00e0 \u00ab\u00a0concilier la protection de l&rsquo;environnement et de la sant\u00e9 publique, la tranquillit\u00e9 des populations locales et les enjeux \u00e9conomiques et touristiques\u00a0\u00bb, a expliqu\u00e9 la pr\u00e9fecture dans un communiqu\u00e9.<\/p>\n<p>Ainsi, les navires seront limit\u00e9s \u00e0 un plafond de 3.000 passagers d\u00e9barqu\u00e9s par jour, alors qu&rsquo;en moyenne 80% des passagers descendent \u00e0 chaque escale.<\/p>\n<p>Un navire par jour et par site<\/p>\n<p>Pour les navires de plus de 1.300 passagers qui s&rsquo;arr\u00eatent au large &#8211; dans la baie de Cannes ou la rade de Villefranche-sur-mer, pr\u00e8s de Nice -, la limite sera d&rsquo;un navire par jour et par site, renforc\u00e9e \u00e0 un maximum de 15 par mois en juillet et en ao\u00fbt.<\/p>\n<p>En cas de pic de pollution de niveau 1, les navires devront r\u00e9duire leurs \u00e9missions polluantes et si le niveau 2 est atteint, l&rsquo;escale sera supprim\u00e9e.<\/p>\n<p>En 2024, 175 navires ont fait escale dans la baie de Cannes et 103 dans la rade de Villefranche &#8211; loin des 624 enregistr\u00e9s \u00e0 Marseille-, mais les statistiques du minist\u00e8re de la Transition \u00e9cologique ne pr\u00e9cisent pas leur taille. Le dernier placement du d\u00e9partement en alerte pollution de niveau 2 remonte \u00e0 ao\u00fbt 2025.<\/p>\n<p>En janvier, le maire de Nice Christian Estrosi (Horizons), <a href=\"https:\/\/www.bfmtv.com\/cote-d-azur\/nice-christian-estrosi-veut-interdire-les-bateaux-de-croisiere-des-cet-ete_AN-202501210412.html\" title=\"Nice: Christian Estrosi veut interdire les bateaux de croisi\u00e8re d\u00e8s cet \u00e9t\u00e9\" class=\"internal_link\" rel=\"nofollow noopener\" target=\"_blank\">avait annonc\u00e9 une interdiction totale des plus gros bateaux \u00e0 Villefranche-sur-mer<\/a>, provoquant la col\u00e8re de l&rsquo;association internationale des compagnies de croisi\u00e8res (CLIA) et un toll\u00e9 parmi les \u00e9lus des communes de la rade, professionnels de la mer, commer\u00e7ants ou taxis.<\/p>\n<p>Il s&rsquo;\u00e9tait finalement content\u00e9 d&rsquo;imposer une limite \u00e0 65 escales par an pour les navires de plus de 2.500 passagers.<\/p>\n<p>\u00ab\u00a0Une approche coordonn\u00e9e\u00a0\u00bb<\/p>\n<p>Parall\u00e8lement, le maire de Cannes, David Lisnard (LR), avait d\u00e9cid\u00e9 fin juin de fixer une limite \u00e0 34 escales de navires de plus de 3.000 passagers en 2026 et 31 en 2027.<\/p>\n<p>Mais en juillet, le tribunal administratif de Nice avait fait valoir que seul le pr\u00e9fet pouvait \u00ab\u00a0organiser les entr\u00e9es, les sorties et les mouvements des navires\u00a0\u00bb.<\/p>\n<p>Apr\u00e8s une table ronde en juillet, Laurent Hottiaux et le pr\u00e9fet maritime les ont r\u00e9unis \u00e0 nouveau vendredi pour pr\u00e9senter ce plan de r\u00e9gulation, qui doit faire l&rsquo;objet d&rsquo;un arr\u00eat\u00e9 pr\u00e9fectoral \u00e0 l&rsquo;issue d&rsquo;une p\u00e9riode de consultation.<\/p>\n<p>Pour la pr\u00e9fecture, il s&rsquo;agit d&rsquo;adopter \u00ab\u00a0une approche coordonn\u00e9e, d\u00e9partementale et concert\u00e9e, afin de donner de la visibilit\u00e9 aux acteurs impliqu\u00e9s et d&rsquo;\u00e9viter les effets de reports d&rsquo;escales entre les diff\u00e9rentes baies\u00a0\u00bb.<\/p>\n","protected":false},"excerpt":{"rendered":"Apr\u00e8s des initiatives d\u00e9sordonn\u00e9es des maires de Nice et de Cannes qui ont braqu\u00e9 le secteur, le pr\u00e9fet&hellip;\n","protected":false},"author":2,"featured_media":247128,"comment_status":"","ping_status":"","sticky":false,"template":"","format":"standard","meta":{"footnotes":""},"categories":[2819],"tags":[1111,11,1777,674,1011,27,12,2401,882,25],"class_list":{"0":"post-453130","1":"post","2":"type-post","3":"status-publish","4":"format-standard","5":"has-post-thumbnail","7":"category-nice","8":"tag-actu","9":"tag-actualites","10":"tag-eu","11":"tag-europe","12":"tag-fr","13":"tag-france","14":"tag-news","15":"tag-nice","16":"tag-provence-alpes-cote-dazur","17":"tag-republique-francaise"},"share_on_mastodon":{"url":"https:\/\/pubeurope.com\/@fr\/115351282275940041","error":""},"_links":{"self":[{"href":"https:\/\/www.europesays.com\/fr\/wp-json\/wp\/v2\/posts\/453130","targetHints":{"allow":["GET"]}}],"collection":[{"href":"https:\/\/www.europesays.com\/fr\/wp-json\/wp\/v2\/posts"}],"about":[{"href":"https:\/\/www.europesays.com\/fr\/wp-json\/wp\/v2\/types\/post"}],"author":[{"embeddable":true,"href":"https:\/\/www.europesays.com\/fr\/wp-json\/wp\/v2\/users\/2"}],"replies":[{"embeddable":true,"href":"https:\/\/www.europesays.com\/fr\/wp-json\/wp\/v2\/comments?post=453130"}],"version-history":[{"count":0,"href":"https:\/\/www.europesays.com\/fr\/wp-json\/wp\/v2\/posts\/453130\/revisions"}],"wp:featuredmedia":[{"embeddable":true,"href":"https:\/\/www.europesays.com\/fr\/wp-json\/wp\/v2\/media\/247128"}],"wp:attachment":[{"href":"https:\/\/www.europesays.com\/fr\/wp-json\/wp\/v2\/media?parent=453130"}],"wp:term":[{"taxonomy":"category","embeddable":true,"href":"https:\/\/www.europesays.com\/fr\/wp-json\/wp\/v2\/categories?post=453130"},{"taxonomy":"post_tag","embeddable":true,"href":"https:\/\/www.europesays.com\/fr\/wp-json\/wp\/v2\/tags?post=453130"}],"curies":[{"name":"wp","href":"https:\/\/api.w.org\/{rel}","templated":true}]}}