{"id":453133,"date":"2025-10-10T18:28:26","date_gmt":"2025-10-10T18:28:26","guid":{"rendered":"https:\/\/www.europesays.com\/fr\/453133\/"},"modified":"2025-10-10T18:28:26","modified_gmt":"2025-10-10T18:28:26","slug":"le-parquet-requiert-un-proces-aux-assises","status":"publish","type":"post","link":"https:\/\/www.europesays.com\/fr\/453133\/","title":{"rendered":"le parquet requiert un proc\u00e8s aux assises"},"content":{"rendered":"<p>Un homme devrait compara\u00eetre devant la cour d\u2019assises pour homicide volontaire et extorsion. C\u2019est ce qu\u2019a requis le parquet de Nantes (<a target=\"_self\" href=\"https:\/\/www.lanouvellerepublique.fr\/loire-atlantique\" rel=\"noopener\">Loire-Atlantique<\/a>) le 30\u00a0septembre 2025, rapporte <a target=\"_blank\" href=\"https:\/\/www.lequipe.fr\/Football\/Actualites\/Supporter-nantais-mortellement-poignarde-le-parquet-requiert-un-proces-aux-assises\/1600170?fbclid=IwVERTSANUQANleHRuA2FlbQIxMAABHku86DegxkCSrlCcUMBjqRdulayjOnlDTo_nPhvk_bYIiMqdRE6JEabUq6l4_aem_zd54smewywJpGx2OWULa-A&amp;sfnsn=scwspmo\" rel=\"noopener\">L\u2019\u00c9quipe<\/a>. L\u2019accus\u00e9 est un chauffeur VTC qui avait mortellement poignard\u00e9 un supporteur du FC Nantes, en marge d\u2019un match entre le club local et Nice.<\/p>\n<p>Les faits se sont d\u00e9roul\u00e9s le 2\u00a0d\u00e9cembre 2023, aux abords du stade de la Beaujoire. Des tensions \u00e9taient rapidement apparues entre des supporteurs des deux \u00e9quipes. La victime faisait partie d\u2019un groupe qui s\u2019\u00e9tait dress\u00e9 devant un convoi VTC transportant des supporteurs ni\u00e7ois, indique <a target=\"_blank\" href=\"https:\/\/www.ouest-france.fr\/societe\/faits-divers\/mort-dun-supporter-du-fc-nantes-le-parquet-veut-un-proces-pour-meurtre-073d1ad0-a51b-11f0-be69-69357557951a\" rel=\"noopener\">Ouest-France<\/a>. Le chauffeur est sorti de son v\u00e9hicule pour le prot\u00e9ger.<\/p>\n<p>Coup de couteau dans le dos<\/p>\n<p>Mais une fois le v\u00e9hicule d\u00e9verrouill\u00e9, des supporteurs nantais en ont profit\u00e9 pour tirer par les pieds un supporteur ni\u00e7ois. Une sc\u00e8ne qui avait \u00e9t\u00e9 film\u00e9e. C\u2019est sur ces images que le chauffeur appara\u00eet arm\u00e9 d\u2019un couteau. La victime de 31\u00a0ans a d\u2019abord re\u00e7u un coup au niveau de l\u2019\u00e9paule, alors qu\u2019elle se trouvait au sol. Alors qu\u2019il s\u2019\u00e9loignait \u00e0 pied, le supporteur a re\u00e7u un autre coup de couteau dans le dos, qui a touch\u00e9 l\u2019aorte. Malgr\u00e9 l\u2019arriv\u00e9e des secours, le p\u00e8re de famille est d\u00e9c\u00e9d\u00e9 sur place.<\/p>\n<p>Le mis en cause, \u00e2g\u00e9 de 35\u00a0ans, s\u2019\u00e9tait livr\u00e9 \u00e0 la police peu apr\u00e8s les faits et avait \u00e9t\u00e9 mis en examen pour homicide volontaire. Depuis le d\u00e9but, il conteste l\u2019intention d\u2019homicide. Les faits d\u2019extorsion qui lui sont reproch\u00e9s sont li\u00e9s \u00e0 une somme d\u2019argent qu\u2019il aurait re\u00e7ue de la part de supporteurs ni\u00e7ois qu\u2019il transportait.<\/p>\n<p>D\u00e9cision d\u2019ici le 30\u00a0novembre<\/p>\n<p>Le parquet a requis le renvoi d\u2019un second homme devant le tribunal correctionnel. Cet autre chauffeur VTC pourrait devoir r\u00e9pondre de destruction de document ou objet concernant un crime ou un d\u00e9lit pour faire obstacle \u00e0 la manifestation de la v\u00e9rit\u00e9 et violence avec usage ou menace d\u2019une arme sans incapacit\u00e9.<\/p>\n<p>Les enqu\u00eateurs avaient d\u00e9couvert que les images film\u00e9es par son v\u00e9hicule avaient disparu. Il aurait, en plus, port\u00e9 des coups \u00e0 la victime avec une matraque t\u00e9lescopique. La d\u00e9cision du juge d\u2019instruction doit \u00eatre transmise avant le 30\u00a0novembre 2025.<\/p>\n","protected":false},"excerpt":{"rendered":"Un homme devrait compara\u00eetre devant la cour d\u2019assises pour homicide volontaire et extorsion. C\u2019est ce qu\u2019a requis le&hellip;\n","protected":false},"author":2,"featured_media":453134,"comment_status":"","ping_status":"","sticky":false,"template":"","format":"standard","meta":{"footnotes":""},"categories":[2818],"tags":[1111,11,1674,1777,674,274,63,1011,27,3047,766,12,2636,25],"class_list":{"0":"post-453133","1":"post","2":"type-post","3":"status-publish","4":"format-standard","5":"has-post-thumbnail","7":"category-nantes","8":"tag-actu","9":"tag-actualites","10":"tag-communes","11":"tag-eu","12":"tag-europe","13":"tag-faits-divers-justice","14":"tag-football","15":"tag-fr","16":"tag-france","17":"tag-loire-atlantique","18":"tag-nantes","19":"tag-news","20":"tag-pays-de-la-loire","21":"tag-republique-francaise"},"share_on_mastodon":{"url":"https:\/\/pubeurope.com\/@fr\/115351290294139266","error":""},"_links":{"self":[{"href":"https:\/\/www.europesays.com\/fr\/wp-json\/wp\/v2\/posts\/453133","targetHints":{"allow":["GET"]}}],"collection":[{"href":"https:\/\/www.europesays.com\/fr\/wp-json\/wp\/v2\/posts"}],"about":[{"href":"https:\/\/www.europesays.com\/fr\/wp-json\/wp\/v2\/types\/post"}],"author":[{"embeddable":true,"href":"https:\/\/www.europesays.com\/fr\/wp-json\/wp\/v2\/users\/2"}],"replies":[{"embeddable":true,"href":"https:\/\/www.europesays.com\/fr\/wp-json\/wp\/v2\/comments?post=453133"}],"version-history":[{"count":0,"href":"https:\/\/www.europesays.com\/fr\/wp-json\/wp\/v2\/posts\/453133\/revisions"}],"wp:featuredmedia":[{"embeddable":true,"href":"https:\/\/www.europesays.com\/fr\/wp-json\/wp\/v2\/media\/453134"}],"wp:attachment":[{"href":"https:\/\/www.europesays.com\/fr\/wp-json\/wp\/v2\/media?parent=453133"}],"wp:term":[{"taxonomy":"category","embeddable":true,"href":"https:\/\/www.europesays.com\/fr\/wp-json\/wp\/v2\/categories?post=453133"},{"taxonomy":"post_tag","embeddable":true,"href":"https:\/\/www.europesays.com\/fr\/wp-json\/wp\/v2\/tags?post=453133"}],"curies":[{"name":"wp","href":"https:\/\/api.w.org\/{rel}","templated":true}]}}