{"id":453135,"date":"2025-10-10T18:29:11","date_gmt":"2025-10-10T18:29:11","guid":{"rendered":"https:\/\/www.europesays.com\/fr\/453135\/"},"modified":"2025-10-10T18:29:11","modified_gmt":"2025-10-10T18:29:11","slug":"dj-super-love-et-disquaire-itinerant-a-bordeaux-frederic-vit-au-rythme-effrene-des-vinyles","status":"publish","type":"post","link":"https:\/\/www.europesays.com\/fr\/453135\/","title":{"rendered":"DJ Super Love et disquaire itin\u00e9rant \u00e0 Bordeaux, Fr\u00e9d\u00e9ric vit au rythme effr\u00e9n\u00e9 des vinyles"},"content":{"rendered":"<p>            Par<br \/>\n        <strong><br \/>\n            <a href=\"https:\/\/actu.fr\/auteur\/charlotte-lesprit\" title=\"Consulter tous les articles de Charlotte Lesprit\" rel=\"nofollow noopener\" target=\"_blank\">Charlotte Lesprit<\/a><br \/>\n        <\/strong><\/p>\n<p>        Publi\u00e9 le<\/p>\n<p>            10 oct. 2025 \u00e0 19h32        <\/p>\n<p>Fr\u00e9d\u00e9ric Bousquet a plus d\u2019une facette, comme <strong>les vinyles<\/strong> qu\u2019il vend depuis 2003. <strong>Disquaire itin\u00e9rant<\/strong> le jour, il se transforme, une fois les lumi\u00e8res tamis\u00e9es et les platines install\u00e9es, en <strong>DJ Super Love la nuit<\/strong>. Un nom qui fait r\u00e9f\u00e9rence \u00e0 son activit\u00e9 principale\u2009: la vente de disques \u00e0 travers sa petite entreprise d\u2019ind\u00e9pendant nomm\u00e9e Fred Super Love Disc. La r\u00e9f\u00e9rence \u00e0 l\u2019amour est in\u00e9vitable\u2026 Une passion d\u00e9vorante qui a commenc\u00e9 dans les ann\u00e9es 1990, avant qu\u2019il en fasse son m\u00e9tier au <strong>tournant des ann\u00e9es 2000<\/strong>. Depuis, l\u2019amateur est devenu une figure locale du vinyle avec des milliers de r\u00e9f\u00e9rences. Une s\u00e9lection que les curieux pourront explorer samedi\u00a011 et dimanche 12\u00a0octobre au <strong>Fifib Market<\/strong>. <a href=\"https:\/\/actu.fr\/bordeaux\/\" rel=\"nofollow noopener\" target=\"_blank\">Actu Bordeaux <\/a>a plong\u00e9 dans ses bacs, mais aussi dans son quotidien.<\/p>\n<p class=\" wall-content\">Le Bordelais vit de sa passion depuis 22 ans. Sur son stand, <strong>place Jean-Moulin<\/strong>, \u00e0 deux pas de l\u2019h\u00f4tel de ville, o\u00f9 il se rend en moyenne trois fois par semaine (les mardis, mercredis et parfois le week-end)\u2009: Fr\u00e9d\u00e9ric Bousquet propose 1\u2009500 \u00e0 2\u2009000 r\u00e9f\u00e9rences, entre chansons fran\u00e7aises, soul, funk, rock mais aussi m\u00e9tal.<\/p>\n<blockquote class=\"ac-article-quote wall-content\">\n<p>Je suis un bon g\u00e9n\u00e9raliste, proposant du pointu et du mainstream. Sur mon stand, on trouve des bons classiques dans tous les genres.<\/p>\n<p>    <strong>Fr\u00e9d\u00e9ric Bousquet <\/strong><br \/>\n        disquaire itin\u00e9rant    <\/p><\/blockquote>\n<p class=\" wall-content\">Depuis le d\u00e9but, le disquaire a choisi de travailler \u00e0 son compte en voguant de festivals en march\u00e9s avec son camion rempli de bacs \u00e0 vinyles. Reggae Sun Ska dans le M\u00e9doc, <a href=\"https:\/\/actu.fr\/tag\/garorock\" rel=\"nofollow noopener\" target=\"_blank\">Garorock \u00e0 Marmande<\/a>, <a href=\"https:\/\/actu.fr\/auvergne-rhone-alpes\/aurillac_15014\/en-images-et-video-quand-le-festival-daurillac-commence-avec-une-pasteque-et-une-echelle-bancale_63057373.html\" rel=\"nofollow noopener\" target=\"_blank\">Th\u00e9\u00e2tre de rue \u00e0 Aurillac<\/a> (Cantal), Fr\u00e9d\u00e9ric Bousquet trimballe et d\u00e9balle dans tous les lieux qu\u2019il appr\u00e9cie jusqu\u2019\u00e0 pousser le voyage de l\u2019autre c\u00f4t\u00e9 des fronti\u00e8res comme en Belgique.<\/p>\n<p class=\" wall-content\">Ce qu\u2019il lui pla\u00eet dans l\u2019itin\u00e9rance\u2009? La libert\u00e9. \u00ab\u2009J\u2019y vois<strong> une forme d\u2019ind\u00e9pendance<\/strong> qui me laisse le temps de faire de la musique \u00e0 c\u00f4t\u00e9, sans \u00eatre contraint par les horaires fixes d\u2019un magasin ou encore la pression financi\u00e8re que les charges peuvent entra\u00eener.\u2009\u00bb<\/p>\n<p>\u00c0 lire aussi<\/p>\n<p><img decoding=\"async\" loading=\"lazy\" src=\"https:\/\/www.europesays.com\/fr\/wp-content\/uploads\/2025\/10\/darwin-bordeaux-200x200.jpg\" alt=\"\" width=\"200\" height=\"200\"\/><\/p>\n<p><a class=\"item__content\" href=\"https:\/\/actu.fr\/nouvelle-aquitaine\/bordeaux_33063\/bordeaux-que-comprend-le-bail-avec-la-mairie-qui-sauve-les-hangars-de-darwin_63082614.html\" data-trk=\"{&quot;cta&quot;:{&quot;type&quot;:&quot;lien article&quot;,&quot;name&quot;:&quot;Bordeaux\\u2009: cet accord avec la mairie sauve les hangars embl\\u00e9matiques de Darwin, que contient-il\\u2009?&quot;,&quot;category&quot;:&quot;article&quot;,&quot;action&quot;:&quot;https:\\\/\\\/actu.fr\\\/nouvelle-aquitaine\\\/bordeaux_33063\\\/bordeaux-que-comprend-le-bail-avec-la-mairie-qui-sauve-les-hangars-de-darwin_63082614.html&quot;,&quot;from&quot;:&quot;\\u00c0 lire aussi&quot;}}\" rel=\"nofollow noopener\" target=\"_blank\">Bordeaux\u2009: cet accord avec la mairie sauve les hangars embl\u00e9matiques de Darwin, que contient-il\u2009?<\/a><\/p>\n<p>\u00ab\u2009Taylor Swift, elle va tout vendre\u2009\u00bb<\/p>\n<p class=\" wall-content\">\u00c0 Bordeaux, place Jean-Moulin, Fr\u00e9d\u00e9ric Bousquet peut compter sur <strong>une petite client\u00e8le d\u2019habitu\u00e9s<\/strong> mais surtout sur les touristes. \u00ab\u2009Il y a beaucoup de passage\u2009\u00bb, commente celui qui pr\u00e9f\u00e8re d\u00e9sormais ce petit coin de march\u00e9 municipal du plein centre au quartier Saint-Michel. Mais qui ach\u00e8te des vinyles\u2009?<\/p>\n<p>Votre r\u00e9gion, votre actu !<\/p>\n<p>Recevez chaque jour les infos qui comptent pour vous.<\/p>\n<p>\t<a href=\"https:\/\/actu.fr\/newsletter\" class=\"ac-btn ac-btn--corner ac-btn--medium ac-btn--blue800\" rel=\"nofollow noopener\" target=\"_blank\">S&rsquo;incrire<\/a><\/p>\n<p class=\" wall-content\">Objet de collection pour certains mais aussi chouchou des labels ind\u00e9pendants, ce dernier conna\u00eet une r\u00e9surgence depuis quelques ann\u00e9es. Le 33 tours n\u00e9 en 1948 ne s\u2019invite pas que sur les platines des plus nostalgiques.<\/p>\n<p class=\" wall-content\">\u00ab\u2009Parmi mes habitu\u00e9s, pas mal de jeunes s\u2019y int\u00e9ressent\u2009mais ils vont surtout acheter un vinyle qu\u2019il connaisse\u2009\u00bb, poursuit le disquaire qui \u00e9voque <strong>\u00ab\u2009une recrudescence\u2009\u00bb<\/strong> <a href=\"https:\/\/actu.fr\/occitanie\/toulouse_31555\/toulouse-si-vous-cherchez-des-pepites-ne-manquez-pas-la-convention-du-disque-au-bikini_62514755.html\" rel=\"nofollow noopener\" target=\"_blank\">de l\u2019objet culte<\/a>.<\/p>\n<p class=\" wall-content\">Un retour en force que m\u00eame les fans de pop s\u2019arrachent\u2009: \u00ab\u2009Taylor Swift, elle va tout vendre\u2009!\u2009\u00bb, commente-t-il. Ce qui n\u2019est pas sans difficult\u00e9 pour certains groupes qui attendent en moyenne<strong> six mois avant que leurs vinyles soient press\u00e9s<\/strong>.<\/p>\n<p class=\" wall-content\">\u00ab\u2009Un artiste populaire va \u00e9diter une grosse quantit\u00e9 de vinyles, ce qui monopolise pas mal les usines de fabrication, compl\u00e8te Fr\u00e9d\u00e9ric Bousquet. De ce fait, les maisons de disques ind\u00e9pendantes se retrouvent sur <strong>des listes d\u2019attente<\/strong> alors que leurs groupes seraient pr\u00eats \u00e0 partir en tourn\u00e9e.\u2009\u00bb<\/p>\n<p>\u00ab\u2009Je garde des bacs \u00e0 5 et 10\u00a0euros\u2009\u00bb<\/p>\n<p class=\" wall-content\">Outre ces embouteillages dans les usines, le disquaire itin\u00e9rant explique que \u00ab\u00a0les ventes de vinyles ont atteint des sommets pendant la<a href=\"https:\/\/actu.fr\/societe\/coronavirus\" rel=\"nofollow noopener\" target=\"_blank\"> crise du Covid-19\u2033<\/a>. Une forte demande alors que l\u2019approvisionnement en mati\u00e8res premi\u00e8res rencontrait des difficult\u00e9s, voire <strong>des p\u00e9nuries<\/strong>.<\/p>\n<p class=\" wall-content\">Un tout qui se r\u00e9percute forc\u00e9ment sur les prix. Dans les bacs de Fr\u00e9d\u00e9ric Bousquet, un vinyle neuf se vend <strong>en moyenne 30\u00a0euros<\/strong>. \u00ab\u2009J\u2019en garde \u00e0 5 et 10\u00a0euros, et m\u00eame les deux \u00e0 15\u00a0euros afin d\u2019\u00e9quilibrer\u2009\u00bb, ajoute-t-il. Outre les march\u00e9s, ce dernier vend \u00e9galement ses trouvailles sur un site r\u00e9pondant au nom de Discogs. Si toute sa discoth\u00e8que y est r\u00e9f\u00e9renc\u00e9e, il reconna\u00eet que l\u00e0 encore l\u2019actualit\u00e9 est venue tout chambouler.<\/p>\n<p class=\" wall-content\">\u00ab\u2009Depuis <a href=\"https:\/\/actu.fr\/normandie\/les-grandes-ventes_76321\/amoureux-de-la-normandie-george-pitman-fuit-le-brexit-et-sinstalle-aux-grandes-ventes-en-seine-maritime_62343803.html\" rel=\"nofollow noopener\" target=\"_blank\">le Brexit<\/a> et <a href=\"https:\/\/actu.fr\/monde\/presidentielle-americaine-donald-trump-revient-doit-on-craindre-le-retour-de-guerres-commerciales_61834298.html\" rel=\"nofollow noopener\" target=\"_blank\">le retour de Trump aux \u00c9tats-Unis<\/a>, beaucoup de choses deviennent difficiles \u00e0 vendre\u2009\u00bb, regrette-t-il. En cause\u2009: les<strong> frais de douane<\/strong> ajout\u00e9s aux co\u00fbts de port. \u00ab\u2009Parfois, \u00e7a passe, parfois pas.\u2009\u00c7a limite les ventes en ligne.\u2009\u00bb<\/p>\n<p class=\" wall-content\">C\u2019est en partie pourquoi Fr\u00e9d\u00e9ric Bousquet aime se retrouver chaque semaine place Jean-Moulin, mais aussi lors des \u00e9v\u00e9nements incontournables de la vie culturelle bordelaise notamment avec<strong> Allez les filles<\/strong>. Cette semaine, il sera pr\u00e9sent samedi\u00a011 et dimanche 12\u00a0octobre, cour Mably, pour <a href=\"https:\/\/www.fifib.com\/fr\/le-village-et-les-nuits-2025\" rel=\"nofollow noopener\" target=\"_blank\">le Fifib Market<\/a>. Ce village, <strong>rendez-vous des cin\u00e9philes<\/strong>, sera le lieu de vie, de rencontres et de f\u00eate du festival.<\/p>\n<p class=\" wall-content\"><a href=\"https:\/\/www.instagram.com\/p\/DPb2Y1dgqbt\/embed\" title=\"Ouvrir le lien sur Instagram\" rel=\"nofollow noopener\" target=\"_blank\">Visualiser le contenu sur Instagram<\/a><\/p>\n<p class=\" wall-content\">Les plus noctambules, eux, peuvent le retrouver derri\u00e8re ses platines. Il a notamment pass\u00e9 ses p\u00e9pites au <strong>Blonde V\u00e9nus<\/strong>\u00a0ou il est possible de faire appel \u00e0 ses services pour d\u2019autres \u00e9v\u00e9nements priv\u00e9s.<\/p>\n<p class=\" wall-content\">Personnalisez votre actualit\u00e9 en ajoutant vos villes et m\u00e9dias en favori avec <a href=\"https:\/\/moncompte.actu.fr\" title=\"D\u00e9couvez Mon Actu\" rel=\"nofollow noopener\" data-trk=\"{&quot;cta&quot;:{&quot;action&quot;:&quot;https:\\\/\\\/moncompte.actu.fr&quot;,&quot;category&quot;:&quot;mon compte&quot;,&quot;from&quot;:&quot;article footer&quot;,&quot;name&quot;:&quot;Mon actu&quot;,&quot;type&quot;:&quot;cta&quot;}}\" target=\"_blank\">Mon Actu<\/a>.<\/p>\n<p>                    <script async src=\"\/\/www.instagram.com\/embed.js\"><\/script><\/p>\n","protected":false},"excerpt":{"rendered":"Par Charlotte Lesprit Publi\u00e9 le 10 oct. 2025 \u00e0 19h32 Fr\u00e9d\u00e9ric Bousquet a plus d\u2019une facette, comme les&hellip;\n","protected":false},"author":2,"featured_media":453136,"comment_status":"","ping_status":"","sticky":false,"template":"","format":"standard","meta":{"footnotes":""},"categories":[2817],"tags":[1111,11,1997,1777,674,1011,27,1652,873,12,2219,25],"class_list":{"0":"post-453135","1":"post","2":"type-post","3":"status-publish","4":"format-standard","5":"has-post-thumbnail","7":"category-bordeaux","8":"tag-actu","9":"tag-actualites","10":"tag-bordeaux","11":"tag-eu","12":"tag-europe","13":"tag-fr","14":"tag-france","15":"tag-loisirs-culture","16":"tag-musique","17":"tag-news","18":"tag-nouvelle-aquitaine","19":"tag-republique-francaise"},"share_on_mastodon":{"url":"https:\/\/pubeurope.com\/@fr\/115351294583140566","error":""},"_links":{"self":[{"href":"https:\/\/www.europesays.com\/fr\/wp-json\/wp\/v2\/posts\/453135","targetHints":{"allow":["GET"]}}],"collection":[{"href":"https:\/\/www.europesays.com\/fr\/wp-json\/wp\/v2\/posts"}],"about":[{"href":"https:\/\/www.europesays.com\/fr\/wp-json\/wp\/v2\/types\/post"}],"author":[{"embeddable":true,"href":"https:\/\/www.europesays.com\/fr\/wp-json\/wp\/v2\/users\/2"}],"replies":[{"embeddable":true,"href":"https:\/\/www.europesays.com\/fr\/wp-json\/wp\/v2\/comments?post=453135"}],"version-history":[{"count":0,"href":"https:\/\/www.europesays.com\/fr\/wp-json\/wp\/v2\/posts\/453135\/revisions"}],"wp:featuredmedia":[{"embeddable":true,"href":"https:\/\/www.europesays.com\/fr\/wp-json\/wp\/v2\/media\/453136"}],"wp:attachment":[{"href":"https:\/\/www.europesays.com\/fr\/wp-json\/wp\/v2\/media?parent=453135"}],"wp:term":[{"taxonomy":"category","embeddable":true,"href":"https:\/\/www.europesays.com\/fr\/wp-json\/wp\/v2\/categories?post=453135"},{"taxonomy":"post_tag","embeddable":true,"href":"https:\/\/www.europesays.com\/fr\/wp-json\/wp\/v2\/tags?post=453135"}],"curies":[{"name":"wp","href":"https:\/\/api.w.org\/{rel}","templated":true}]}}