{"id":453139,"date":"2025-10-10T18:31:10","date_gmt":"2025-10-10T18:31:10","guid":{"rendered":"https:\/\/www.europesays.com\/fr\/453139\/"},"modified":"2025-10-10T18:31:10","modified_gmt":"2025-10-10T18:31:10","slug":"toulouse-jogging-en-sang-couteau-de-cuisine-et-arme-de-poing-un-homme-suspect-interpelle","status":"publish","type":"post","link":"https:\/\/www.europesays.com\/fr\/453139\/","title":{"rendered":"Toulouse. Jogging en sang, couteau de cuisine et arme de poing : un homme suspect interpell\u00e9"},"content":{"rendered":"<p>            Par<br \/>\n        <strong><br \/>\n            <a href=\"https:\/\/actu.fr\/auteur\/guillaume-laurens\" title=\"Consulter tous les articles de Guillaume Laurens\" target=\"_blank\" rel=\"noopener\">Guillaume Laurens<\/a><br \/>\n        <\/strong><\/p>\n<p>        Publi\u00e9 le<\/p>\n<p>            10 oct. 2025 \u00e0 19h40        <\/p>\n<p>Frayeur, ce jeudi 9\u00a0octobre 2025, en soir\u00e9e, dans le quartier Saint-Cyprien, \u00e0\u00a0<a href=\"https:\/\/actu.fr\/tag\/metro-de-toulouse\" target=\"_blank\" rel=\"noopener\"><strong>Toulouse<\/strong><\/a>.\u00a0Sur les coups de 22\u00a0heures, la police est intervenue pour <strong>interpeller un individu <\/strong>au signalement pour le moins suspect.<\/p>\n<p>Ensanglant\u00e9 et avec un couteau, il \u00e9tait poursuivi<\/p>\n<p class=\" wall-content\">Selon nos sources, tout est parti d\u2019un <strong>appel au 17<\/strong> de t\u00e9moins qui s\u2019inqui\u00e9taient d\u2019avoir aper\u00e7u cet <strong>homme ensanglant\u00e9<\/strong> qui courait sur la digue, brandissant\u00a0alternativement un couteau et une arme de poing, et qui \u00e9tait <strong>poursuivi<\/strong> par un autre individu, lui aussi porteur d\u2019une arme blanche.<\/p>\n<p>    <a href=\"https:\/\/www.google.com\/maps\/embed?pb=!1m18!1m12!1m3!1d2889.4181459564224!2d1.4291955778542533!3d43.59783457110502!2m3!1f0!2f0!3f0!3m2!1i1024!2i768!4f13.1!3m3!1m2!1s0x12aebb705288531b%3A0xe4f58f88091503f3!2sSaint%20Cyprien%20-%20R%C3%A9publique!5e0!3m2!1sfr!2sfr!4v1760106428111!5m2!1sfr!2sfr\" title=\"Ouvrie le lien\" target=\"_blank\" rel=\"noopener\">Cliquez ici pour visualiser le contenu<\/a><\/p>\n<p>Il braque des passants \u00e0 l\u2019arme de poing<\/p>\n<p class=\" wall-content\">Rep\u00e9r\u00e9 par des cam\u00e9ras de vid\u00e9osurveillance place Olivier, l\u2019homme au <strong>jogging macul\u00e9<\/strong> de sang a poursuivi son chemin, mais a \u00e9t\u00e9 suivi \u00e0 la trace gr\u00e2ce \u00e0 <strong>d\u2019autres cam\u00e9ras<\/strong> jusqu\u2019\u00e0 la <strong>place Int\u00e9rieure<\/strong>, pr\u00e8s de la station de m\u00e9tro Saint-Cyprien. C\u2019est l\u00e0 qu\u2019il a \u00e9t\u00e9 interpell\u00e9 par un \u00e9quipage de la brigade anticriminalit\u00e9, sous l\u2019\u0153il de la police municipale, apr\u00e8s avoir <strong>braqu\u00e9 des passants<\/strong> avec son arme de poing, qui s\u2019av\u00e9rera finalement <strong>factice<\/strong>. Un couteau de cuisine a \u00e9galement \u00e9t\u00e9 retrouv\u00e9 sur lui.<\/p>\n<p>Victime de trois coups de couteau lors d\u2019une rixe<\/p>\n<p class=\" wall-content\">D\u2019apr\u00e8s nos informations, cet individu \u00e9tait <strong>en fuite<\/strong>, apr\u00e8s avoir <strong>essuy\u00e9 des coups de couteau<\/strong>, lors d\u2019une rixe survenue \u00e0 proximit\u00e9 du rond-point Pierre Bourthoumieux, \u00e0 Croix-de-Pierre. Il souffrait de <strong>trois plaies<\/strong> par arme blanche, mais son pronostic vital n\u2019est pas engag\u00e9. Vendredi, il n\u2019avait pas d\u00e9pos\u00e9 plainte contre son agresseur.<\/p>\n<p>Vid\u00e9os : en ce moment sur ActuL\u2019\u00e9lu salue \u00ab\u00a0une parfaite coordination\u00a0\u00bb<\/p>\n<p class=\" wall-content\">L\u2019adjoint au maire <strong>\u00c9milion Esnault <\/strong>salue de son c\u00f4t\u00e9 \u00ab\u2009la parfaite coordination entre police nationale, police municipale et op\u00e9rateurs de vid\u00e9oprotection\u2009\u00bb, estimant que cela \u00ab\u2009a permis son interpellation rapide\u2009\u00bb. Celle-ci s\u2019est faite en<strong> \u00ab\u2009une dizaine de minutes<\/strong> seulement\u2009\u00bb apr\u00e8s l\u2019appel au 17, glisse \u00e0 Actu Toulouse l\u2019\u00e9lu en charge de la s\u00e9curit\u00e9, qui soul\u00e8ve \u00e9galement sur les r\u00e9seaux sociaux, et \u00e0 quelques mois des Municipales 2026, \u00ab\u2009l\u2019utilit\u00e9 des cam\u00e9ras\u2009\u00bb.<\/p>\n<p class=\" wall-content\">\n<p class=\" wall-content\">Personnalisez votre actualit\u00e9 en ajoutant vos villes et m\u00e9dias en favori avec <a href=\"https:\/\/moncompte.actu.fr\" title=\"D\u00e9couvez Mon Actu\" rel=\"nofollow noopener\" data-trk=\"{&quot;cta&quot;:{&quot;action&quot;:&quot;https:\\\/\\\/moncompte.actu.fr&quot;,&quot;category&quot;:&quot;mon compte&quot;,&quot;from&quot;:&quot;article footer&quot;,&quot;name&quot;:&quot;Mon actu&quot;,&quot;type&quot;:&quot;cta&quot;}}\" target=\"_blank\">Mon Actu<\/a>.<\/p>\n","protected":false},"excerpt":{"rendered":"Par Guillaume Laurens Publi\u00e9 le 10 oct. 2025 \u00e0 19h40 Frayeur, ce jeudi 9\u00a0octobre 2025, en soir\u00e9e, dans&hellip;\n","protected":false},"author":2,"featured_media":453140,"comment_status":"","ping_status":"","sticky":false,"template":"","format":"standard","meta":{"footnotes":""},"categories":[2816],"tags":[1111,11,1777,674,118,1011,27,12,2680,1072,25,2312],"class_list":{"0":"post-453139","1":"post","2":"type-post","3":"status-publish","4":"format-standard","5":"has-post-thumbnail","7":"category-toulouse","8":"tag-actu","9":"tag-actualites","10":"tag-eu","11":"tag-europe","12":"tag-faits-divers","13":"tag-fr","14":"tag-france","15":"tag-news","16":"tag-occitanie","17":"tag-police","18":"tag-republique-francaise","19":"tag-toulouse"},"share_on_mastodon":{"url":"https:\/\/pubeurope.com\/@fr\/115351301968373426","error":""},"_links":{"self":[{"href":"https:\/\/www.europesays.com\/fr\/wp-json\/wp\/v2\/posts\/453139","targetHints":{"allow":["GET"]}}],"collection":[{"href":"https:\/\/www.europesays.com\/fr\/wp-json\/wp\/v2\/posts"}],"about":[{"href":"https:\/\/www.europesays.com\/fr\/wp-json\/wp\/v2\/types\/post"}],"author":[{"embeddable":true,"href":"https:\/\/www.europesays.com\/fr\/wp-json\/wp\/v2\/users\/2"}],"replies":[{"embeddable":true,"href":"https:\/\/www.europesays.com\/fr\/wp-json\/wp\/v2\/comments?post=453139"}],"version-history":[{"count":0,"href":"https:\/\/www.europesays.com\/fr\/wp-json\/wp\/v2\/posts\/453139\/revisions"}],"wp:featuredmedia":[{"embeddable":true,"href":"https:\/\/www.europesays.com\/fr\/wp-json\/wp\/v2\/media\/453140"}],"wp:attachment":[{"href":"https:\/\/www.europesays.com\/fr\/wp-json\/wp\/v2\/media?parent=453139"}],"wp:term":[{"taxonomy":"category","embeddable":true,"href":"https:\/\/www.europesays.com\/fr\/wp-json\/wp\/v2\/categories?post=453139"},{"taxonomy":"post_tag","embeddable":true,"href":"https:\/\/www.europesays.com\/fr\/wp-json\/wp\/v2\/tags?post=453139"}],"curies":[{"name":"wp","href":"https:\/\/api.w.org\/{rel}","templated":true}]}}