{"id":453153,"date":"2025-10-10T18:38:25","date_gmt":"2025-10-10T18:38:25","guid":{"rendered":"https:\/\/www.europesays.com\/fr\/453153\/"},"modified":"2025-10-10T18:38:25","modified_gmt":"2025-10-10T18:38:25","slug":"lyon-nos-6-bonnes-raisons-de-ne-pas-louper-le-festival-lumiere","status":"publish","type":"post","link":"https:\/\/www.europesays.com\/fr\/453153\/","title":{"rendered":"Lyon. Nos 6 bonnes raisons de ne pas louper le Festival Lumi\u00e8re"},"content":{"rendered":"<p>                             1Voir ou revoir des grands films <\/p>\n<p>Voir des films, c\u2019est avant tout la raison d\u2019\u00eatre et le c\u0153ur du Festival Lumi\u00e8re. Et le choix est pl\u00e9thorique. Prix Lumi\u00e8re de cette 17e \u00e9dition, <a href=\"https:\/\/www.leprogres.fr\/culture-loisirs\/2025\/07\/11\/le-prix-lumiere-2025-sera-decerne-a-michael-mann\" target=\"_blank\" rel=\"nofollow noopener\">Michael Mann a bien s\u00fbr<\/a> droit \u00e0 sa r\u00e9tro avec 13 films dont Le Dernier des Mohicans ou Collateral. Deux autres r\u00e9tros grand format sont organis\u00e9es\u00a0: une consacr\u00e9e \u00e0 Louis Jouvet, l\u2019occasion de revoir, par exemple Quai des Orf\u00e8vres , la seconde au cin\u00e9aste am\u00e9ricain Martin Ritt, dont on peut conseiller Le Plus sauvage d\u2019entre tous ou Norma Rae.<\/p>\n<p>Parmi les invit\u00e9s du festival, on peut piocher parmi des films de ou avec Sean Penn, Natalie Portman ( Black Swan ), Dominique Blanc ( Milou en mai ), John Woo ( \u00c0 Toute \u00e9preuve ), Istv\u00e1n Szabo ( M\u00e9phisto ), Tarik Saleh\u00a0ou encore Shu Qi\u2026 Le volet \u201cGrands films sur grand \u00e9cran\u201d nous emm\u00e8nera des Raisins de la col\u00e8re \u00e0 Inception. Le label \u201cLumi\u00e8re classics\u201d&#8230;<\/p>\n","protected":false},"excerpt":{"rendered":"1Voir ou revoir des grands films Voir des films, c\u2019est avant tout la raison d\u2019\u00eatre et le c\u0153ur&hellip;\n","protected":false},"author":2,"featured_media":453154,"comment_status":"","ping_status":"","sticky":false,"template":"","format":"standard","meta":{"footnotes":""},"categories":[1889],"tags":[1111,11,2430,650,1687,2757,1777,674,1011,27,2428,2756,12,25],"class_list":{"0":"post-453153","1":"post","2":"type-post","3":"status-publish","4":"format-standard","5":"has-post-thumbnail","7":"category-lyon","8":"tag-actu","9":"tag-actualites","10":"tag-auvergne-rhone-alpes","11":"tag-cinema","12":"tag-culture-loisirs","13":"tag-edition-lyon-villeurbanne","14":"tag-eu","15":"tag-europe","16":"tag-fr","17":"tag-france","18":"tag-lyon","19":"tag-lyon-bassin","20":"tag-news","21":"tag-republique-francaise"},"share_on_mastodon":{"url":"https:\/\/pubeurope.com\/@fr\/115351329366252622","error":""},"_links":{"self":[{"href":"https:\/\/www.europesays.com\/fr\/wp-json\/wp\/v2\/posts\/453153","targetHints":{"allow":["GET"]}}],"collection":[{"href":"https:\/\/www.europesays.com\/fr\/wp-json\/wp\/v2\/posts"}],"about":[{"href":"https:\/\/www.europesays.com\/fr\/wp-json\/wp\/v2\/types\/post"}],"author":[{"embeddable":true,"href":"https:\/\/www.europesays.com\/fr\/wp-json\/wp\/v2\/users\/2"}],"replies":[{"embeddable":true,"href":"https:\/\/www.europesays.com\/fr\/wp-json\/wp\/v2\/comments?post=453153"}],"version-history":[{"count":0,"href":"https:\/\/www.europesays.com\/fr\/wp-json\/wp\/v2\/posts\/453153\/revisions"}],"wp:featuredmedia":[{"embeddable":true,"href":"https:\/\/www.europesays.com\/fr\/wp-json\/wp\/v2\/media\/453154"}],"wp:attachment":[{"href":"https:\/\/www.europesays.com\/fr\/wp-json\/wp\/v2\/media?parent=453153"}],"wp:term":[{"taxonomy":"category","embeddable":true,"href":"https:\/\/www.europesays.com\/fr\/wp-json\/wp\/v2\/categories?post=453153"},{"taxonomy":"post_tag","embeddable":true,"href":"https:\/\/www.europesays.com\/fr\/wp-json\/wp\/v2\/tags?post=453153"}],"curies":[{"name":"wp","href":"https:\/\/api.w.org\/{rel}","templated":true}]}}