{"id":453155,"date":"2025-10-10T18:40:10","date_gmt":"2025-10-10T18:40:10","guid":{"rendered":"https:\/\/www.europesays.com\/fr\/453155\/"},"modified":"2025-10-10T18:40:10","modified_gmt":"2025-10-10T18:40:10","slug":"pour-la-seine-et-marne-cest-le-triste-resultat-des-decisions-nationales","status":"publish","type":"post","link":"https:\/\/www.europesays.com\/fr\/453155\/","title":{"rendered":"pour la Seine-et-Marne, c&rsquo;est le \u00ab\u00a0triste r\u00e9sultat des d\u00e9cisions nationales\u00a0\u00bb"},"content":{"rendered":"<p>            Par<br \/>\n        <strong><br \/>\n            <a href=\"https:\/\/actu.fr\/auteur\/l-bourven\" title=\"Consulter tous les articles de Laura Bourven\" rel=\"nofollow noopener\" target=\"_blank\">Laura Bourven<\/a><br \/>\n        <\/strong><\/p>\n<p>        Publi\u00e9 le<\/p>\n<p>            10 oct. 2025 \u00e0 19h56        <\/p>\n<p>La d\u00e9cision de <a href=\"https:\/\/actu.fr\/tag\/valerie-pecresse\" rel=\"nofollow noopener\" target=\"_blank\">Val\u00e9rie P\u00e9cresse<\/a>, pr\u00e9sidente Les R\u00e9publicains du conseil r\u00e9gional, de<a href=\"https:\/\/actu.fr\/ile-de-france\/saint-ouen-sur-seine_93070\/handicap-l-ile-de-france-supprime-les-subventions-aux-mdph-inacceptable-et-incomprehensible_63198062.html\" rel=\"nofollow noopener\" target=\"_blank\"> <b>mettre fin \u00e0 la subvention r\u00e9gionale accord\u00e9e aux MDPH<\/b><\/a> (maisons d\u00e9partementales des personnes handicap\u00e9es) a d\u00e9clench\u00e9 une vive controverse \u00e0 la R\u00e9gion Ile-de-France. Le 19 septembre 2025, le groupe d\u2019opposition La Gauche Communiste \u00c9cologiste et Citoyenne r\u00e9v\u00e9lait la suppression, par la majorit\u00e9 r\u00e9gionale, des aides aux MDPH.<\/p>\n<p class=\" wall-content\">L\u2019ex\u00e9cutif justifie cette mesure par la volont\u00e9 de \u00ab <b>recentrer la d\u00e9pense publique <\/b>sur les comp\u00e9tences obligatoires \u00bb et de r\u00e9aliser des \u00e9conomies. Mais pour l\u2019opposition de gauche, il s\u2019agit de \u00ab prendre dans les poches des plus fragiles \u00bb.<\/p>\n<p class=\" wall-content\">Cr\u00e9\u00e9es pour centraliser l\u2019accompagnement des personnes handicap\u00e9es, les MDPH attribuent diverses aides pour les familles confront\u00e9es au handicap : fauteuils roulants, v\u00e9hicules adapt\u00e9s, auxiliaires de vie, logements, mais aussi animaux d\u2019assistance. \u00ab La MDPH, ce ne sont pas que des fauteuils ! \u00bb, rappelle la conseill\u00e8re r\u00e9gionale d\u2019opposition La France Insoumise (LFI) Julie Garnier, qui d\u00e9nonce une d\u00e9cision \u00ab indigne \u00bb.<\/p>\n<p>Une aide aux MDPH qui n\u2019\u00e9tait pas obligatoire<\/p>\n<p class=\" wall-content\">Pour Julie Garnier, couper ce soutien <b>accro\u00eetra le reste \u00e0 charge des familles <\/b>: \u00ab Certains enfants ne pourront plus suivre de formation, d\u2019autres auront du mal \u00e0 manger. On fait un tri parmi les gamins. \u00bb<\/p>\n<p class=\" wall-content\">Depuis 2014, soit avant l\u2019\u00e9lection de Val\u00e9rie P\u00e9cresse \u00e0 la pr\u00e9sidence de l\u2019\u00cele-de-France, la R\u00e9gion, sans y \u00eatre oblig\u00e9e, versait un financement compl\u00e9mentaire \u00e0 ces structures g\u00e9r\u00e9es par l\u2019\u00c9tat et les D\u00e9partements. L\u2019ex\u00e9cutif r\u00e9gional d\u00e9fend donc la coh\u00e9rence de la d\u00e9cision.<\/p>\n<p>Vid\u00e9os : en ce moment sur Actu<\/p>\n<p class=\" wall-content\">Pierre Deniziot, d\u00e9l\u00e9gu\u00e9 sp\u00e9cial au handicap, rappelle : \u00ab Ce n\u2019est pas une comp\u00e9tence de la R\u00e9gion. D\u00e9sormais, l\u2019\u00c9tat prend totalement en charge le remboursement des fauteuils roulants, donc le co\u00fbt sera beaucoup moins \u00e9lev\u00e9 pour les familles. \u00bb<\/p>\n<p class=\" wall-content\">Le 24 septembre 2025, la R\u00e9gion a souhait\u00e9 s\u2019expliquer plus longuement sur cette d\u00e9cision \u00e0 travers <a href=\"https:\/\/www.iledefrance.fr\/presse\/communique-de-presse-precisions-de-la-region-ile-de-france-sur-larret-de-sa-subvention-aux-mdph-maison-departementale-pour-les-personnes-handicapees\" rel=\"nofollow noopener\" target=\"_blank\">un communiqu\u00e9 de presse<\/a> : \u00ab La R\u00e9gion \u00cele-de-France [\u2026] avait accept\u00e9 de mani\u00e8re totalement d\u00e9rogatoire [\u2026] de donner 250 000\u00a0\u20ac \u00e0 chaque MDPH pour compl\u00e9ter les moyens des D\u00e9partements.\u00a0Aujourd\u2019hui, la situation a chang\u00e9. [\u2026] En 2025, les confiscations de recettes qui ont \u00e9t\u00e9 impos\u00e9es par l\u2019\u00c9tat \u00e0 la R\u00e9gion pour r\u00e9duire ses propres d\u00e9ficits, \u00e0 hauteur de 230\u00a0millions d\u2019euros ne permettent plus \u00e0 la R\u00e9gion \u00cele-de-France d\u2019intervenir en dehors de nos domaines de comp\u00e9tence \u00bb d\u00e9taille la majorit\u00e9 qui affirme que les D\u00e9partements et MDPH ont rapidement \u00e9t\u00e9 inform\u00e9s, \u00e0 l\u2019automne 2024.<\/p>\n<p>Votre r\u00e9gion, votre actu !<\/p>\n<p>Recevez chaque jour les infos qui comptent pour vous.<\/p>\n<p>\t<a href=\"https:\/\/actu.fr\/newsletter\" class=\"ac-btn ac-btn--corner ac-btn--medium ac-btn--blue800\" rel=\"nofollow noopener\" target=\"_blank\">S&rsquo;incrire<\/a><\/p>\n<p class=\" wall-content\">Pour C\u00e9line Malais\u00e9, pr\u00e9sidente du groupe La Gauche Communiste \u00c9cologiste et Citoyenne au Conseil r\u00e9gional d\u2019\u00cele-de-France, la d\u00e9cision illustre plut\u00f4t un choix politique : \u00ab Cette d\u00e9cision est injuste, surtout quand la pr\u00e9sidente annonce des subventions \u00e9quivalentes \u00e0 des lyc\u00e9es priv\u00e9s exc\u00e9dentaires impliqu\u00e9s dans des affaires judiciaires \u00bb.<\/p>\n<p>\u00ab 1 800\u00a0personnes priv\u00e9es de formation \u00bb<\/p>\n<p class=\" wall-content\">Quelques jours apr\u00e8s la pol\u00e9mique, le groupe d\u2019opposition \u00e0 la R\u00e9gion a pouss\u00e9 un nouveau coup de gueule contre une d\u00e9cision de Val\u00e9rie P\u00e9cresse : la <b>baisse de 15 % des places financ\u00e9es par la R\u00e9gion dans les centres d\u2019orientation et de formation<\/b> des personnes handicap\u00e9es. Cela repr\u00e9senterait, selon C\u00e9line Malais\u00e9, \u00ab jusqu\u2019\u00e0 1 800\u00a0personnes atteintes de handicap priv\u00e9es d\u2019acc\u00e8s \u00e0 une formation qualifiante \u00bb.<\/p>\n<p class=\" wall-content\">\u00ab Il n\u2019y a pas que les fauteuils roulants. Les besoins restent immenses \u00bb, ajoute Julie Garnier.<\/p>\n<p class=\" wall-content\">Ces tensions r\u00e9activent les critiques contre Val\u00e9rie P\u00e9cresse. \u00ab L\u2019an dernier, elle proclamait le handicap grande cause r\u00e9gionale. Aujourd\u2019hui, elle en fait une variable d\u2019ajustement budg\u00e9taire \u00bb, d\u00e9plore l\u2019\u00e9lue LFI. Entre \u00e9conomies et accusation de stigmatisation, la fracture politique risque de co\u00fbter cher \u00e0 Val\u00e9rie P\u00e9cresse qui ne s\u2019est pas encore expliqu\u00e9e publiquement sur le sujet. Une chose est s\u00fbre : \u00ab les b\u00e9n\u00e9ficiaires de la MDPH se sentent abandonn\u00e9s. \u00bb<\/p>\n<p>\u00ab La R\u00e9gion doit composer avec des dotations nationales insuffisantes \u00bb<\/p>\n<p class=\" wall-content\">De son c\u00f4t\u00e9, le D\u00e9partement, qui porte la MDPH de <a href=\"https:\/\/actu.fr\/ile-de-france\/seine-et-marne_77\" rel=\"nofollow noopener\" target=\"_blank\">Seine-et-Marne<\/a>, ne jette pas la pierre \u00e0 la R\u00e9gion \u00cele-de-France et se montre compr\u00e9hensif. \u00ab Face aux contraintes budg\u00e9taires de plus en plus fortes impos\u00e9es par l\u2019\u00c9tat aux collectivit\u00e9s territoriales, la R\u00e9gion a d\u00fb recentrer son budget sur ses comp\u00e9tences obligatoires. Comme l\u2019ensemble des collectivit\u00e9s locales, elle doit composer avec <b>des d\u00e9penses en hausse constante et des dotations nationales insuffisantes<\/b>. [\u2026] La fin de cette subvention est le triste r\u00e9sultat des d\u00e9cisions budg\u00e9taires nationales, avec des cons\u00e9quences n\u00e9fastes sur les finances locales \u00bb r\u00e9agit le D\u00e9partement de Seine-et-Marne interrog\u00e9 par <a href=\"https:\/\/actu.fr\/la-marne\/\" rel=\"nofollow noopener\" target=\"_blank\">La Marne.<\/a><\/p>\n<p class=\" wall-content\">Jusqu\u2019\u00e0 pr\u00e9sent, les subventions vers\u00e9es par la R\u00e9gion \u00e0 la MPDH \u00e9taient int\u00e9gralement attribu\u00e9es au fonctionnement du Fonds de Compensation du Handicap (FDC). \u00ab En 2024, les subventions r\u00e9gionales repr\u00e9sentaient environ <b>51 % des recettes du FDC<\/b>, soit 225 000\u00a0euros. \u00bb<\/p>\n<p class=\" wall-content\">Pour pallier cette baisse des dotations, le D\u00e9partement a d\u00e9cid\u00e9 <b>d\u2019augmenter sa contribution de 10 %<\/b>, passant de 50 000\u00a0\u00e0 55 000 euros. La CAF a, elle, \u00ab renforc\u00e9 son soutien avec un engagement pluriannuel et une subvention de 50 000\u00a0euros en 2025. \u00bb<\/p>\n<p class=\" wall-content\"><b>Avec Camille Gigan<\/b><\/p>\n<p class=\" wall-content\">Personnalisez votre actualit\u00e9 en ajoutant vos villes et m\u00e9dias en favori avec <a href=\"https:\/\/moncompte.actu.fr\" title=\"D\u00e9couvez Mon Actu\" rel=\"nofollow noopener\" data-trk=\"{&quot;cta&quot;:{&quot;action&quot;:&quot;https:\\\/\\\/moncompte.actu.fr&quot;,&quot;category&quot;:&quot;mon compte&quot;,&quot;from&quot;:&quot;article footer&quot;,&quot;name&quot;:&quot;Mon actu&quot;,&quot;type&quot;:&quot;cta&quot;}}\" target=\"_blank\">Mon Actu<\/a>.<\/p>\n","protected":false},"excerpt":{"rendered":"Par Laura Bourven Publi\u00e9 le 10 oct. 2025 \u00e0 19h56 La d\u00e9cision de Val\u00e9rie P\u00e9cresse, pr\u00e9sidente Les R\u00e9publicains&hellip;\n","protected":false},"author":2,"featured_media":453156,"comment_status":"","ping_status":"","sticky":false,"template":"","format":"standard","meta":{"footnotes":""},"categories":[1592],"tags":[1111,11,1777,674,1011,27,1943,662,12,626,25,104,2328],"class_list":{"0":"post-453155","1":"post","2":"type-post","3":"status-publish","4":"format-standard","5":"has-post-thumbnail","7":"category-ile-de-france","8":"tag-actu","9":"tag-actualites","10":"tag-eu","11":"tag-europe","12":"tag-fr","13":"tag-france","14":"tag-handicap","15":"tag-ile-de-france","16":"tag-news","17":"tag-paris","18":"tag-republique-francaise","19":"tag-societe","20":"tag-valerie-pecresse"},"share_on_mastodon":{"url":"https:\/\/pubeurope.com\/@fr\/115351337344164478","error":""},"_links":{"self":[{"href":"https:\/\/www.europesays.com\/fr\/wp-json\/wp\/v2\/posts\/453155","targetHints":{"allow":["GET"]}}],"collection":[{"href":"https:\/\/www.europesays.com\/fr\/wp-json\/wp\/v2\/posts"}],"about":[{"href":"https:\/\/www.europesays.com\/fr\/wp-json\/wp\/v2\/types\/post"}],"author":[{"embeddable":true,"href":"https:\/\/www.europesays.com\/fr\/wp-json\/wp\/v2\/users\/2"}],"replies":[{"embeddable":true,"href":"https:\/\/www.europesays.com\/fr\/wp-json\/wp\/v2\/comments?post=453155"}],"version-history":[{"count":0,"href":"https:\/\/www.europesays.com\/fr\/wp-json\/wp\/v2\/posts\/453155\/revisions"}],"wp:featuredmedia":[{"embeddable":true,"href":"https:\/\/www.europesays.com\/fr\/wp-json\/wp\/v2\/media\/453156"}],"wp:attachment":[{"href":"https:\/\/www.europesays.com\/fr\/wp-json\/wp\/v2\/media?parent=453155"}],"wp:term":[{"taxonomy":"category","embeddable":true,"href":"https:\/\/www.europesays.com\/fr\/wp-json\/wp\/v2\/categories?post=453155"},{"taxonomy":"post_tag","embeddable":true,"href":"https:\/\/www.europesays.com\/fr\/wp-json\/wp\/v2\/tags?post=453155"}],"curies":[{"name":"wp","href":"https:\/\/api.w.org\/{rel}","templated":true}]}}