{"id":453157,"date":"2025-10-10T18:41:10","date_gmt":"2025-10-10T18:41:10","guid":{"rendered":"https:\/\/www.europesays.com\/fr\/453157\/"},"modified":"2025-10-10T18:41:10","modified_gmt":"2025-10-10T18:41:10","slug":"a-paris-les-couloirs-de-bus-pourraient-etre-accessibles-aux-soignants-a-domicile","status":"publish","type":"post","link":"https:\/\/www.europesays.com\/fr\/453157\/","title":{"rendered":"\u00c0 Paris, les couloirs de bus pourraient \u00eatre accessibles aux soignants \u00e0 domicile"},"content":{"rendered":"<p>            Par<br \/>\n        <strong><br \/>\n            <a href=\"https:\/\/actu.fr\/auteur\/redaction-paris\" title=\"Consulter tous les articles de R\u00e9daction Paris\" rel=\"nofollow noopener\" target=\"_blank\">R\u00e9daction Paris<\/a><br \/>\n        <\/strong><\/p>\n<p>        Publi\u00e9 le<\/p>\n<p>            10 oct. 2025 \u00e0 20h12        <\/p>\n<p>Dans le 19e arrondissement de Paris, les nouveaux am\u00e9nagements urbains ont sans doute aid\u00e9 \u00e0 lutter contre le trafic de transit trop important, la pollution, les nuisances et l\u2019ins\u00e9curit\u00e9 routi\u00e8re. Ils ont aussi engendr\u00e9 des complications de circulation pour les automobilistes, dont certains se trouvent en d\u00e9placement <strong>pour des raisons professionnelles et sanitaires<\/strong>. Les m\u00e9decins, les infirmiers ou encore les kin\u00e9sith\u00e9rapeutes sont nombreux \u00e0 emprunter un v\u00e9hicule motoris\u00e9 pour se rendre en consultation aupr\u00e8s de patients immobiles.<br \/>Dans ce contexte, le maire (PS) <a href=\"https:\/\/actu.fr\/ile-de-france\/paris_75056\/resultats-des-municipales-a-paris-francois-dagnaud-reelu-maire-du-19eme-arrondissement_34536853.html\" rel=\"nofollow noopener\" target=\"_blank\">Fran\u00e7ois Dagnaud<\/a> a fait adopter, ce vendredi 10\u00a0octobre au Conseil de Paris, <strong>un v\u0153u exp\u00e9rimental<\/strong> permettant aux professionnels de sant\u00e9 effectuant des visites \u00e0 domicile d\u2019emprunter les couloirs de bus dans le 19e arrondissement.<\/p>\n<p>\u00ab\u2009Un nombre limit\u00e9 de v\u00e9hicules\u2009\u00bb concern\u00e9s<\/p>\n<p class=\" wall-content\">\u00ab\u2009Le 19e arrondissement subit au quotidien <strong>un trafic de transit encore trop important<\/strong>, source de pollution, de nuisance et d\u2019ins\u00e9curit\u00e9 routi\u00e8re pour ses habitants\u2009\u00bb, a-t-il commenc\u00e9 devant l\u2019assembl\u00e9e d\u2019\u00e9lus parisiens. Pour soigner les personnes hospitalis\u00e9es \u00e0 domicile par exemple, les professionnels de sant\u00e9 se trouvent donc souvent confront\u00e9s aux difficult\u00e9s li\u00e9es \u00e0 la circulation automobile.<\/p>\n<p class=\" wall-content\">Le v\u0153u formul\u00e9 par le maire du 19e arrondissement vise, d\u2019une part \u00e0 limiter les \u00ab\u2009complications excessives\u2009\u00bb pour les soignants mobiles. Il a pour objectif, d\u2019autre part, de lutter contre<strong> la rar\u00e9faction des soins \u00e0 domicile.<\/strong><\/p>\n<p class=\" wall-content\">Dans le d\u00e9tail, cette mesure concernerait un \u00ab\u2009nombre limit\u00e9 de v\u00e9hicules, clairement identifiables, puisque d\u2019ores et d\u00e9j\u00e0 d\u00e9clar\u00e9s aupr\u00e8s de la Ville par ces professionnels qui b\u00e9n\u00e9ficient de la carte de stationnement \u2018Soignant \u00e0 domicile\u2019\u00bb, a pr\u00e9cis\u00e9 l\u2019\u00e9lu du 19e, ajoutant que cette mesure ne devrait pas impacter le trafic de transit dans le quartier.<\/p>\n<p class=\" wall-content\">Comme le rappelle <a href=\"https:\/\/www.leparisien.fr\/paris-75\/paris-veut-tester-lacces-aux-couloirs-bus-pour-les-soignants-a-domicile-contraints-de-refuser-des-patients-10-10-2025-BGWSQ6CAY5G7LC5M6QLW4INQ64.php?ts=1760106553987\" rel=\"nofollow noopener\" target=\"_blank\">Le Parisien<\/a>, ce probl\u00e8me avait \u00e9t\u00e9 signal\u00e9 par les professionnels de sant\u00e9 qui avaient par exemple, <a href=\"https:\/\/actu.fr\/ile-de-france\/paris_75056\/le-chantier-du-siecle-le-parc-des-buttes-chaumont-a-paris-se-paye-une-renovation-monumentale_63234501.html\" rel=\"nofollow noopener\" target=\"_blank\">autour des Buttes Chaumont<\/a>, lanc\u00e9 <strong>une p\u00e9tition<\/strong> en septembre pour d\u00e9noncer les difficult\u00e9s de circulation.<\/p>\n<p>La pr\u00e9fecture r\u00e9ticente<\/p>\n<p class=\" wall-content\">Du c\u00f4t\u00e9 de la pr\u00e9fecture de police cependant, la mesure n\u2019enchante pas vraiment. \u00ab\u2009Seuls les v\u00e9hicules d\u2019int\u00e9r\u00eat g\u00e9n\u00e9ral prioritaire peuvent circuler dans les couloirs de bus\u2009\u00bb, assure-t-elle. \u00c0 savoir le Samu, les ambulances, les v\u00e9hicules d\u2019associations m\u00e9dicales de permanence et les transports d\u2019organe.<\/p>\n<p>Votre r\u00e9gion, votre actu !<\/p>\n<p>Recevez chaque jour les infos qui comptent pour vous.<\/p>\n<p>\t<a href=\"https:\/\/actu.fr\/newsletter\" class=\"ac-btn ac-btn--corner ac-btn--medium ac-btn--blue800\" rel=\"nofollow noopener\" target=\"_blank\">S&rsquo;incrire<\/a><\/p>\n<p class=\" wall-content\">\u00ab\u2009Incoh\u00e9rence territoriale\u2009\u00bb, difficult\u00e9s de contr\u00f4le et risque de \u00ab\u2009d\u00e9gradation des conditions de circulation\u2009\u00bb, sont point\u00e9s par la pr\u00e9fecture, rappelle Le Parisien. \u00ab\u2009La fluidit\u00e9 des couloirs de bus est essentielle pour garantir la rapidit\u00e9 des interventions des secours. Or, ce sont des services qui rencontrent d\u00e9j\u00e0 des difficult\u00e9s croissantes pour circuler. La BSPP (brigade des sapeurs-pompiers de Paris) a d\u2019ailleurs signal\u00e9 <strong>une augmentation globale de ces temps d\u2019intervention<\/strong> dans certains secteurs\u2009\u00bb, a-t-elle soulign\u00e9.<\/p>\n<p class=\" wall-content\">L\u2019adjoint aux transports, David Belliard, a donc propos\u00e9 d\u2019amender le v\u0153u initial avec le lancement d\u2019une \u00e9tude de faisabilit\u00e9 en amont de l\u2019exp\u00e9rimentation afin de voir si cette mesure \u00ab\u2009fluidifie v\u00e9ritablement\u2009\u00bb la circulation des soignants mobiles.<\/p>\n<p class=\" wall-content\">Personnalisez votre actualit\u00e9 en ajoutant vos villes et m\u00e9dias en favori avec <a href=\"https:\/\/moncompte.actu.fr\" title=\"D\u00e9couvez Mon Actu\" rel=\"nofollow noopener\" data-trk=\"{&quot;cta&quot;:{&quot;action&quot;:&quot;https:\\\/\\\/moncompte.actu.fr&quot;,&quot;category&quot;:&quot;mon compte&quot;,&quot;from&quot;:&quot;article footer&quot;,&quot;name&quot;:&quot;Mon actu&quot;,&quot;type&quot;:&quot;cta&quot;}}\" target=\"_blank\">Mon Actu<\/a>.<\/p>\n","protected":false},"excerpt":{"rendered":"Par R\u00e9daction Paris Publi\u00e9 le 10 oct. 2025 \u00e0 20h12 Dans le 19e arrondissement de Paris, les nouveaux&hellip;\n","protected":false},"author":2,"featured_media":453158,"comment_status":"","ping_status":"","sticky":false,"template":"","format":"standard","meta":{"footnotes":""},"categories":[1888],"tags":[1111,1928,11,1927,3542,1777,674,1011,27,12,1926,626,1925,25,71,104,2803],"class_list":{"0":"post-453157","1":"post","2":"type-post","3":"status-publish","4":"format-standard","5":"has-post-thumbnail","7":"category-paris","8":"tag-actu","9":"tag-actu-paris","10":"tag-actualites","11":"tag-actualites-paris","12":"tag-circulation","13":"tag-eu","14":"tag-europe","15":"tag-fr","16":"tag-france","17":"tag-news","18":"tag-news-paris","19":"tag-paris","20":"tag-paris-news","21":"tag-republique-francaise","22":"tag-sante","23":"tag-societe","24":"tag-transport"},"share_on_mastodon":{"url":"https:\/\/pubeurope.com\/@fr\/115351341262599966","error":""},"_links":{"self":[{"href":"https:\/\/www.europesays.com\/fr\/wp-json\/wp\/v2\/posts\/453157","targetHints":{"allow":["GET"]}}],"collection":[{"href":"https:\/\/www.europesays.com\/fr\/wp-json\/wp\/v2\/posts"}],"about":[{"href":"https:\/\/www.europesays.com\/fr\/wp-json\/wp\/v2\/types\/post"}],"author":[{"embeddable":true,"href":"https:\/\/www.europesays.com\/fr\/wp-json\/wp\/v2\/users\/2"}],"replies":[{"embeddable":true,"href":"https:\/\/www.europesays.com\/fr\/wp-json\/wp\/v2\/comments?post=453157"}],"version-history":[{"count":0,"href":"https:\/\/www.europesays.com\/fr\/wp-json\/wp\/v2\/posts\/453157\/revisions"}],"wp:featuredmedia":[{"embeddable":true,"href":"https:\/\/www.europesays.com\/fr\/wp-json\/wp\/v2\/media\/453158"}],"wp:attachment":[{"href":"https:\/\/www.europesays.com\/fr\/wp-json\/wp\/v2\/media?parent=453157"}],"wp:term":[{"taxonomy":"category","embeddable":true,"href":"https:\/\/www.europesays.com\/fr\/wp-json\/wp\/v2\/categories?post=453157"},{"taxonomy":"post_tag","embeddable":true,"href":"https:\/\/www.europesays.com\/fr\/wp-json\/wp\/v2\/tags?post=453157"}],"curies":[{"name":"wp","href":"https:\/\/api.w.org\/{rel}","templated":true}]}}