{"id":453159,"date":"2025-10-10T18:42:16","date_gmt":"2025-10-10T18:42:16","guid":{"rendered":"https:\/\/www.europesays.com\/fr\/453159\/"},"modified":"2025-10-10T18:42:16","modified_gmt":"2025-10-10T18:42:16","slug":"apres-son-reglement-de-compte-avec-rachida-dati-son-salaire-en-tant-que-maire-de-paris-devoile","status":"publish","type":"post","link":"https:\/\/www.europesays.com\/fr\/453159\/","title":{"rendered":"apr\u00e8s son r\u00e8glement de compte avec Rachida Dati, son salaire en tant que maire de Paris d\u00e9voil\u00e9"},"content":{"rendered":"<p>Alors que la classe politique ne parvient pas \u00e0 se mettre<br \/>\nd&rsquo;accord sur un budget pour l&rsquo;\u00c9tat en 2026, et que l&rsquo;on demande aux<br \/>\nFran\u00e7ais de faire des efforts, la r\u00e9mun\u00e9ration des \u00e9lus est au c\u0153ur<br \/>\ndes d\u00e9bats. Apr\u00e8s la passe d&rsquo;armes entre Rachida Dati et <a href=\"https:\/\/www.mariefrance.fr\/news-people\/anne-hidalgo-richissime-combien-seleve-fortune-personnelle-maire-paris-1033812.html\" target=\"_blank\" rel=\"noopener nofollow\">Anne Hidalgo<\/a> concernant les<br \/>\nfrais de repr\u00e9sentation, c&rsquo;est le moment de se pencher sur<br \/>\n<strong>le salaire et les avantages<\/strong> dont a droit<br \/>\nl&rsquo;actuelle maire de Paris.<\/p>\n<p><strong>Jeanne d\u2019Hauteserre<\/strong>, la maire du VIIIe<br \/>\narrondissement de Paris, a provoqu\u00e9 une pol\u00e9mique apr\u00e8s son<br \/>\nintervention sur les frais de repr\u00e9sentation des maires<br \/>\nd\u2019arrondissements parisiens. Elle a en effet reconnu avoir d\u00e9pens\u00e9<br \/>\nplus de <strong>36 000 euros pour des v\u00eatements<\/strong>. Un<br \/>\nscandale qui fait \u00e9cho \u00e0 la discussion houleuse entre Rachida Dati<br \/>\net Anne Hidalgo, mais aussi aux salaires des \u00e9lus.<\/p>\n<p>Anne Hidalgo et Rachida Dati s&rsquo;\u00e9charpent sur les frais de<br \/>\nrepr\u00e9sentation<\/p>\n<p>Le mercredi 8 octobre, lors du Conseil de Paris, la maire<br \/>\nsocialiste et l\u2019ancienne ministre de la Culture, <a href=\"https:\/\/www.mariefrance.fr\/news-people\/mets-defi-vivre-4-900-mois-defense-anne-hidalgo-face-rachida-dati-choque-francais-1211185.html\" target=\"_blank\" rel=\"noopener nofollow\">Rachida Dati<\/a>, ont de nouveau<br \/>\ncrois\u00e9 le fer \u00e0 propos des frais de repr\u00e9sentation de la Ville.<br \/>\nAlors que Rachida Dati critiquait les d\u00e9penses qu\u2019elle jugeait<br \/>\nexcessives de plusieurs \u00e9lus, notamment celles d\u2019\u00c9ric Lejoindre,<br \/>\nmaire du XVIIIe arrondissement, Anne Hidalgo a tenu \u00e0 apporter<br \/>\npubliquement sa d\u00e9fense.<\/p>\n<p>\u00ab\u00a0Vous parlez de pr\u00e9carit\u00e9 \u00e9tudiante\u2026 Mais vous, vous n\u2019\u00eates<br \/>\npas choqu\u00e9e par les <strong>10 000 euros de frais de<br \/>\npressing<\/strong> et de repas familiaux pay\u00e9s par l\u2019argent des<br \/>\nParisiens ?\u00a0\u00bb, a lanc\u00e9 Rachida Dati. Ce \u00e0 quoi la maire de<br \/>\nParis a r\u00e9pondu : \u00ab\u00a0Je vous mets au d\u00e9fi, Madame Dati, vu vos<br \/>\nrevenus d\u00e9clar\u00e9s, de vivre avec l\u2019indemnit\u00e9 de 4 900 euros nets<br \/>\napr\u00e8s imp\u00f4t de la maire de Paris. Il vaut mieux vivre avec ce que<br \/>\nla loi pr\u00e9voit que d\u2019aller chercher du c\u00f4t\u00e9 de ses int\u00e9r\u00eats priv\u00e9s<br \/>\navec les risques de corruption\u00a0\u00bb.\u00a0<\/p>\n<p><img loading=\"lazy\" decoding=\"async\" aria-describedby=\"caption-attachment-1211340\" itemprop=\"thumbnailUrl\" class=\"wp-image-1211340 img-responsive size-full\" src=\"https:\/\/www.europesays.com\/fr\/wp-content\/uploads\/2025\/10\/3-23.jpg\" alt=\"Rachida Dati\" width=\"1280\" height=\"720\"\/> \u00a9<br \/>\nShutterstock\/AntoninAlbert<\/p>\n<p id=\"caption-attachment-1211340\" class=\"wp-caption-text\">Rachida<br \/>\nDati s&rsquo;en prend aux avantages des \u00e9lus.<\/p>\n<p>Quel est le salaire d&rsquo;Anne Hidalgo ?<\/p>\n<p>Alors que de nombreux Fran\u00e7ais aimeraient vivre <a href=\"https:\/\/www.mariefrance.fr\/actualite\/societe\/salaires-considere-comme-pauvre-riche-france-gagnez-montant-1182848.html\" target=\"_blank\" rel=\"noopener nofollow\">avec 4 900 euros par mois<\/a>, les<br \/>\nsalaires des \u00e9lus sont donc sous le feu des projecteurs. Pour y<br \/>\nvoir plus clair, il faut savoir que c&rsquo;est le Conseil de Paris, qui<br \/>\nse base sur l\u2019indice de la fonction publique, qui fixe les salaires<br \/>\ndes \u00e9lus exer\u00e7ants \u00e0 la mairie de Paris. Anne Hidalgo per\u00e7oit ainsi<br \/>\n<strong>une indemnit\u00e9 mensuelle brute de 7 363,38 euros<\/strong>,<br \/>\nqui peut aller jusqu&rsquo;\u00e0 9 204 euros gr\u00e2ce \u00e0 une majoration de 25 %<br \/>\npr\u00e9vue par le Code g\u00e9n\u00e9ral des collectivit\u00e9s territoriales.<\/p>\n<p>Quant aux <strong>maires d\u2019arrondissement<\/strong>, leur<br \/>\nr\u00e9mun\u00e9ration d\u00e9pend de leur statut de conseiller de Paris :<br \/>\n<strong>2 917,05 euros<\/strong> pour ceux qui ne si\u00e8gent pas au<br \/>\nconseil municipal, et 5 639,63 euros pour ceux qui y si\u00e8gent. En<br \/>\nplus de leur r\u00e9mun\u00e9ration, les \u00e9lus disposent de divers avantages,<br \/>\nnotamment des ordinateurs portables, des t\u00e9l\u00e9phones pour leur<br \/>\nactivit\u00e9 au quotidien. Ils re\u00e7oivent \u00e9galement des enveloppes<br \/>\nannuelles destin\u00e9es \u00e0 leurs frais de repr\u00e9sentation : 19 720 euros<br \/>\npour la maire de Paris et 11 092 euros pour chaque maire<br \/>\nd\u2019arrondissement.<\/p>\n<p><img loading=\"lazy\" decoding=\"async\" aria-describedby=\"caption-attachment-1211341\" class=\"wp-image-1211341 img-responsive size-full\" src=\"https:\/\/www.europesays.com\/fr\/wp-content\/uploads\/2025\/10\/4-11.jpg\" alt=\"Anne Hidalgo applaudissant\" width=\"1280\" height=\"720\"\/><br \/>\n\u00a9<br \/>\nShutterstock\/AntoninAlbert<\/p>\n<p id=\"caption-attachment-1211341\" class=\"wp-caption-text\">7 363,38<br \/>\neuros bruts par mois pour Anne Hidalgo.<\/p>\n<p>Les<br \/>\nnotes de frais d\u2019Anne Hidalgo<\/p>\n<p>Si aucun citoyen ne remet en cause les salaires que touchent les<br \/>\n\u00e9lus, ce sont les notes de frais qui peuvent cr\u00e9er la pol\u00e9mique.<br \/>\nSuite \u00e0 une intervention de l\u2019association Transparence citoyenne et<br \/>\nd&rsquo;un article de Mediapart, on connait d\u00e9sormais le montant<br \/>\nexact des frais de repr\u00e9sentation d&rsquo;Anne Hidalgo. Entre 2020 et<br \/>\n2024, elle a ainsi d\u00e9pens\u00e9 <strong>84 200 euros pour ses<br \/>\ntenues<\/strong> et pr\u00e8s de 125 000 euros pour ses d\u00e9placements,<br \/>\ndont un voyage \u00e0 Tahiti en 2023.<\/p>\n<p><img loading=\"lazy\" decoding=\"async\" aria-describedby=\"caption-attachment-1211338\" class=\"wp-image-1211338 img-responsive size-full\" src=\"https:\/\/www.europesays.com\/fr\/wp-content\/uploads\/2025\/10\/1-35.jpg\" alt=\"Anne Hidalgo\" width=\"1280\" height=\"720\"\/> \u00a9<br \/>\nShutterstock\/AntoninAlbert<\/p>\n<p id=\"caption-attachment-1211338\" class=\"wp-caption-text\">Des<br \/>\nfrais de repr\u00e9sentation qui suscitent la pol\u00e9mique.<\/p>\n<p data-start=\"979\" data-end=\"1875\" data-is-last-node=\"\" data-is-only-node=\"\">Des sommes que de nombreux commentateurs de la<br \/>\nvie publique jugent obsc\u00e8nes, dans un contexte \u00e9conomique difficile<br \/>\nqui exige une r\u00e9duction des d\u00e9penses publiques, mais qui restent<br \/>\ndans le cadre de la loi. Comme le rappelle le cabinet de la maire :<br \/>\n<strong>\u00ab\u00a0les frais de repr\u00e9sentation<\/strong> de la maire de<br \/>\nParis et des maires d\u2019arrondissement<br \/>\n<strong>sont\u00a0encadr\u00e9s\u00a0\u00bb<\/strong> et pr\u00e9cise que l\u2019Urssaf a<br \/>\nvalid\u00e9 leur r\u00e9gularit\u00e9.<\/p>\n","protected":false},"excerpt":{"rendered":"Alors que la classe politique ne parvient pas \u00e0 se mettre d&rsquo;accord sur un budget pour l&rsquo;\u00c9tat en&hellip;\n","protected":false},"author":2,"featured_media":453160,"comment_status":"","ping_status":"","sticky":false,"template":"","format":"standard","meta":{"footnotes":""},"categories":[1888],"tags":[1111,1928,11,1927,21303,1777,674,1011,27,12,1926,626,1925,25],"class_list":{"0":"post-453159","1":"post","2":"type-post","3":"status-publish","4":"format-standard","5":"has-post-thumbnail","7":"category-paris","8":"tag-actu","9":"tag-actu-paris","10":"tag-actualites","11":"tag-actualites-paris","12":"tag-buzz_nonli","13":"tag-eu","14":"tag-europe","15":"tag-fr","16":"tag-france","17":"tag-news","18":"tag-news-paris","19":"tag-paris","20":"tag-paris-news","21":"tag-republique-francaise"},"share_on_mastodon":{"url":"https:\/\/pubeurope.com\/@fr\/115351345743298915","error":""},"_links":{"self":[{"href":"https:\/\/www.europesays.com\/fr\/wp-json\/wp\/v2\/posts\/453159","targetHints":{"allow":["GET"]}}],"collection":[{"href":"https:\/\/www.europesays.com\/fr\/wp-json\/wp\/v2\/posts"}],"about":[{"href":"https:\/\/www.europesays.com\/fr\/wp-json\/wp\/v2\/types\/post"}],"author":[{"embeddable":true,"href":"https:\/\/www.europesays.com\/fr\/wp-json\/wp\/v2\/users\/2"}],"replies":[{"embeddable":true,"href":"https:\/\/www.europesays.com\/fr\/wp-json\/wp\/v2\/comments?post=453159"}],"version-history":[{"count":0,"href":"https:\/\/www.europesays.com\/fr\/wp-json\/wp\/v2\/posts\/453159\/revisions"}],"wp:featuredmedia":[{"embeddable":true,"href":"https:\/\/www.europesays.com\/fr\/wp-json\/wp\/v2\/media\/453160"}],"wp:attachment":[{"href":"https:\/\/www.europesays.com\/fr\/wp-json\/wp\/v2\/media?parent=453159"}],"wp:term":[{"taxonomy":"category","embeddable":true,"href":"https:\/\/www.europesays.com\/fr\/wp-json\/wp\/v2\/categories?post=453159"},{"taxonomy":"post_tag","embeddable":true,"href":"https:\/\/www.europesays.com\/fr\/wp-json\/wp\/v2\/tags?post=453159"}],"curies":[{"name":"wp","href":"https:\/\/api.w.org\/{rel}","templated":true}]}}