{"id":45316,"date":"2025-04-23T00:57:12","date_gmt":"2025-04-23T00:57:12","guid":{"rendered":"https:\/\/www.europesays.com\/fr\/45316\/"},"modified":"2025-04-23T00:57:12","modified_gmt":"2025-04-23T00:57:12","slug":"leuropeen-et-puzzle-au-centre-dune-grande-exposition","status":"publish","type":"post","link":"https:\/\/www.europesays.com\/fr\/45316\/","title":{"rendered":"L\u2019Europ\u00e9en et Puzzle au centre d\u2019une grande exposition"},"content":{"rendered":"<p>C\u2019est toute une s\u00e9rie d\u2019\u00e9v\u00e9nements qui est organis\u00e9e \u00e0 Puzzle par la Ville de Thionville dans le cadre de la c\u00e9l\u00e9bration du <a href=\"https:\/\/www.republicain-lorrain.fr\/culture-loisirs\/2024\/08\/26\/voulue-par-pompidou-la-residence-seventies-du-sous-prefet-de-forbach-bientot-labellisee-architecture-contemporaine-remarquable\" target=\"_blank\" rel=\"nofollow noopener\"> label \u00ab Architecture contemporaine remarquable \u00bb (ACR)<\/a> , label attribu\u00e9 aux b\u00e2timents embl\u00e9matiques thionvillois <a href=\"https:\/\/www.republicain-lorrain.fr\/edition-de-metz-ville\/2016\/09\/30\/tiers-lieux-l-innovation-et-le-mouvement-permanents\" target=\"_blank\" rel=\"nofollow noopener\">Puzzle<\/a> et L\u2019Europ\u00e9en. Du 23 avril au 9 mai, \u00e0 travers des expositions, et plus particuli\u00e8rement le samedi 26 avril, les habitants et visiteurs auront l\u2019occasion de d\u00e9couvrir, d\u2019apprendre et de c\u00e9l\u00e9brer l\u2019architecture moderne au travers d\u2019expositions, d\u2019ateliers, de conf\u00e9rences et d\u2019une projection.<\/p>\n<p>Les coulisses de la construction de L\u2019Europ\u00e9en<\/p>\n<p>Le samedi 26 avril sera marqu\u00e9 par une ribambelle d\u2019activit\u00e9s captivantes pour tous les publics. Il y aura, par exemple, des&#8230;<\/p>\n","protected":false},"excerpt":{"rendered":"C\u2019est toute une s\u00e9rie d\u2019\u00e9v\u00e9nements qui est organis\u00e9e \u00e0 Puzzle par la Ville de Thionville dans le cadre&hellip;\n","protected":false},"author":2,"featured_media":45317,"comment_status":"","ping_status":"","sticky":false,"template":"","format":"standard","meta":{"footnotes":""},"categories":[1358],"tags":[1348,1384,1385,1687,1386,58,7162,59,2271,1011,27,2661,7160,7161],"class_list":{"0":"post-45316","1":"post","2":"type-post","3":"status-publish","4":"format-standard","5":"has-post-thumbnail","7":"category-arts-et-design","8":"tag-arts","9":"tag-arts-and-design","10":"tag-arts-et-design","11":"tag-culture-loisirs","12":"tag-design","13":"tag-divertissement","14":"tag-edition-thionville-hayange","15":"tag-entertainment","16":"tag-exposition-arts-plastiques","17":"tag-fr","18":"tag-france","19":"tag-patrimoine-culturel","20":"tag-thionville","21":"tag-thionville-ville-57f"},"share_on_mastodon":{"url":"https:\/\/pubeurope.com\/@fr\/114384564909582987","error":""},"_links":{"self":[{"href":"https:\/\/www.europesays.com\/fr\/wp-json\/wp\/v2\/posts\/45316","targetHints":{"allow":["GET"]}}],"collection":[{"href":"https:\/\/www.europesays.com\/fr\/wp-json\/wp\/v2\/posts"}],"about":[{"href":"https:\/\/www.europesays.com\/fr\/wp-json\/wp\/v2\/types\/post"}],"author":[{"embeddable":true,"href":"https:\/\/www.europesays.com\/fr\/wp-json\/wp\/v2\/users\/2"}],"replies":[{"embeddable":true,"href":"https:\/\/www.europesays.com\/fr\/wp-json\/wp\/v2\/comments?post=45316"}],"version-history":[{"count":0,"href":"https:\/\/www.europesays.com\/fr\/wp-json\/wp\/v2\/posts\/45316\/revisions"}],"wp:featuredmedia":[{"embeddable":true,"href":"https:\/\/www.europesays.com\/fr\/wp-json\/wp\/v2\/media\/45317"}],"wp:attachment":[{"href":"https:\/\/www.europesays.com\/fr\/wp-json\/wp\/v2\/media?parent=45316"}],"wp:term":[{"taxonomy":"category","embeddable":true,"href":"https:\/\/www.europesays.com\/fr\/wp-json\/wp\/v2\/categories?post=45316"},{"taxonomy":"post_tag","embeddable":true,"href":"https:\/\/www.europesays.com\/fr\/wp-json\/wp\/v2\/tags?post=45316"}],"curies":[{"name":"wp","href":"https:\/\/api.w.org\/{rel}","templated":true}]}}