{"id":453165,"date":"2025-10-10T18:45:17","date_gmt":"2025-10-10T18:45:17","guid":{"rendered":"https:\/\/www.europesays.com\/fr\/453165\/"},"modified":"2025-10-10T18:45:17","modified_gmt":"2025-10-10T18:45:17","slug":"ne-pas-comparer-avec-la-russie-pourquoi-israel-nest-pas-banni-du-monde-du-sport-malgre-la-guerre","status":"publish","type":"post","link":"https:\/\/www.europesays.com\/fr\/453165\/","title":{"rendered":"\u00ab\u00a0Ne pas comparer avec la Russie\u00a0\u00bb\u00a0: pourquoi Isra\u00ebl n\u2019est pas banni du monde du sport malgr\u00e9 la guerre"},"content":{"rendered":"<p class=\"paragraph text_align_left lp-f-body-02\">La liste pourrait encore s\u2019allonger, derri\u00e8re ce constat simple : deux ans apr\u00e8s le d\u00e9but de l\u2019offensive de Tsahal dans la bande de Gaza en r\u00e9action \u00e0 <a href=\"https:\/\/www.leparisien.fr\/international\/israel\/cela-peut-me-redonner-un-peu-despoir-deux-ans-apres-les-israeliens-se-raccrochent-aux-heros-du-7-octobre-07-10-2025-2JEVLIRFZRCBLJLL4FY5ZXT27M.php\" target=\"_blank\" rel=\"noreferrer nofollow noopener\">l\u2019attaque terroriste du 7 octobre<\/a>, Isra\u00ebl n\u2019a quasiment pas \u00e9t\u00e9 mis au ban du monde du sport. Seules petites exceptions : la f\u00e9d\u00e9ration internationale de muay-tha\u00ef, un sport de combat pas olympique, a interdit les athl\u00e8tes isra\u00e9liens de s\u2019aligner sous leurs couleurs. Et l\u2019\u00e9quipe cycliste Isra\u00ebl Premier Tech, cibl\u00e9e par des manifestants tout au long du Tour d\u2019Espagne, ne prendra pas le d\u00e9part du Tour de Lombardie d\u2019un \u00ab commun accord \u00bb avec l\u2019organisateur, avant d\u2019enlever la mention du pays dans son nom la saison prochaine.<\/p>\n","protected":false},"excerpt":{"rendered":"La liste pourrait encore s\u2019allonger, derri\u00e8re ce constat simple : deux ans apr\u00e8s le d\u00e9but de l\u2019offensive de&hellip;\n","protected":false},"author":2,"featured_media":453166,"comment_status":"","ping_status":"","sticky":false,"template":"","format":"standard","meta":{"footnotes":""},"categories":[1591],"tags":[11,1887,14,12,1885,1886,132,60],"class_list":{"0":"post-453165","1":"post","2":"type-post","3":"status-publish","4":"format-standard","5":"has-post-thumbnail","7":"category-russie","8":"tag-actualites","9":"tag-federation-de-russie","10":"tag-international","11":"tag-news","12":"tag-russia","13":"tag-russian-federation","14":"tag-russie","15":"tag-sports"},"share_on_mastodon":{"url":"https:\/\/pubeurope.com\/@fr\/115351356962654377","error":""},"_links":{"self":[{"href":"https:\/\/www.europesays.com\/fr\/wp-json\/wp\/v2\/posts\/453165","targetHints":{"allow":["GET"]}}],"collection":[{"href":"https:\/\/www.europesays.com\/fr\/wp-json\/wp\/v2\/posts"}],"about":[{"href":"https:\/\/www.europesays.com\/fr\/wp-json\/wp\/v2\/types\/post"}],"author":[{"embeddable":true,"href":"https:\/\/www.europesays.com\/fr\/wp-json\/wp\/v2\/users\/2"}],"replies":[{"embeddable":true,"href":"https:\/\/www.europesays.com\/fr\/wp-json\/wp\/v2\/comments?post=453165"}],"version-history":[{"count":0,"href":"https:\/\/www.europesays.com\/fr\/wp-json\/wp\/v2\/posts\/453165\/revisions"}],"wp:featuredmedia":[{"embeddable":true,"href":"https:\/\/www.europesays.com\/fr\/wp-json\/wp\/v2\/media\/453166"}],"wp:attachment":[{"href":"https:\/\/www.europesays.com\/fr\/wp-json\/wp\/v2\/media?parent=453165"}],"wp:term":[{"taxonomy":"category","embeddable":true,"href":"https:\/\/www.europesays.com\/fr\/wp-json\/wp\/v2\/categories?post=453165"},{"taxonomy":"post_tag","embeddable":true,"href":"https:\/\/www.europesays.com\/fr\/wp-json\/wp\/v2\/tags?post=453165"}],"curies":[{"name":"wp","href":"https:\/\/api.w.org\/{rel}","templated":true}]}}