{"id":453177,"date":"2025-10-10T18:51:12","date_gmt":"2025-10-10T18:51:12","guid":{"rendered":"https:\/\/www.europesays.com\/fr\/453177\/"},"modified":"2025-10-10T18:51:12","modified_gmt":"2025-10-10T18:51:12","slug":"laura-kovesi-la-dame-de-fer-de-la-lutte-anti-fraude","status":"publish","type":"post","link":"https:\/\/www.europesays.com\/fr\/453177\/","title":{"rendered":"Laura K\u00f6vesi, la \u00abdame de fer\u00bb de la lutte anti-fraude"},"content":{"rendered":"<p>\n                                                R\u00e9tablir le contr\u00f4le dans les ports europ\u00e9ens et restaurer l\u2019autorit\u00e9 fiscale de l\u2019UE\u00a0: c\u2019est l\u2019ambition de Laura K\u00f6vesi, la cheffe du Parquet europ\u00e9en (EPPO). Nomm\u00e9e en 2021, la magistrate de 51\u00a0ans est r\u00e9put\u00e9e et salu\u00e9e pour son s\u00e9rieux et son opini\u00e2tret\u00e9. Mais elle se heurte, de son propre aveu, \u00e0 l\u2019inertie des pays europ\u00e9ens.                    <\/p>\n<p>C\u2019est une conf\u00e9rence de presse qui a marqu\u00e9 les esprits en <strong><a href=\"https:\/\/www.rfi.fr\/fr\/tag\/gr\u00e8ce\/\" target=\"_self\" class=\"gtm-add-suggested-tag\" rel=\"nofollow noopener\">Gr\u00e8ce<\/a><\/strong> comme dans les autres pays de l\u2019Union europ\u00e9enne. D\u2019ordinaire discr\u00e8te, et avare en interviews, Laura K\u00f6vesi a choisi le port grec du Pir\u00e9e pour tirer le signal d\u2019alarme et d\u00e9noncer les \u00ab\u00a0organisations criminelles\u00a0\u00bb qui pratiquent la fraude douani\u00e8re \u00e0 un niveau industriel.<\/p>\n<p>\u00ab\u00a0Dans toute l\u2019Europe, des sommes consid\u00e9rables de droits de douane et de taxe ne sont pas pay\u00e9es comme elles le devraient, mart\u00e8le la procureure en chef du Parquet europ\u00e9en, apr\u00e8s l\u2019annonce de la plus grande saisie de conteneurs jamais effectu\u00e9e par l\u2019UE \u2013\u00a0pour une valeur d\u2019au moins 250 millions d\u2019euros. \u00ab\u00a0Ces fraudes ne sont pas dues \u00e0 de petits contrebandiers, mais \u00e0 des groupes criminels organis\u00e9s soutenus par la corruption de fonctionnaires des douanes et des imp\u00f4ts, et d\u2019employ\u00e9s de banque. Mais nous voulons envoyer un message fort aux criminels \u00e0 l&rsquo;origine de cette fraude massive : les r\u00e8gles du jeu ont chang\u00e9, vous n&rsquo;avez plus aucun refuge\u00a0!\u00a0\u00bb\u00a0<\/p>\n<p>Une mise en garde qui s\u2019adresse autant aux criminels qu\u2019aux dirigeants de l\u2019Union europ\u00e9enne \u2013\u00a0accus\u00e9s de ne pas toujours mesurer l\u2019ampleur des fraudes commises dans les ports europ\u00e9ens. Au-del\u00e0 de l\u2019op\u00e9ration \u00ab\u00a0Calypso\u00a0\u00bb qui a abouti \u00e0 l\u2019arrestation de six personnes, dont deux agents des douanes, la procureure en chef du Parquet europ\u00e9en annonce que les investigations seront men\u00e9es dans d\u2019autres ports europ\u00e9ens \u2013\u00a0citant ceux de Marseille en <strong><a href=\"https:\/\/www.rfi.fr\/fr\/tag\/france\/\" target=\"_self\" class=\"gtm-add-suggested-tag\" rel=\"nofollow noopener\">France<\/a><\/strong>, de Gdansk en <strong><a href=\"https:\/\/www.rfi.fr\/fr\/tag\/belgique\/\" target=\"_self\" class=\"gtm-add-suggested-tag\" rel=\"nofollow noopener\">Belgique<\/a><\/strong> ou de Constanta en <strong><a href=\"https:\/\/www.rfi.fr\/fr\/tag\/roumanie\/\" target=\"_self\" class=\"gtm-add-suggested-tag\" rel=\"nofollow noopener\">Roumanie<\/a><\/strong>.<\/p>\n<p> <strong>\u00ab\u00a0L\u2019incorruptible des Carpates\u00a0\u00bb<\/strong> <\/p>\n<p>Cheveux noirs coup\u00e9s au carr\u00e9, stature imposante (plus d\u20191 m\u00e8tre 80), Laura K\u00f6vesi a fait du basket \u00e0 un niveau quasi professionnel \u2013\u00a0elle a m\u00eame \u00e9t\u00e9 vice-championne d\u2019Europe dans sa jeunesse. Mais elle choisit de faire des \u00e9tudes de droit et sa carri\u00e8re de magistrate sera fulgurante. En\u00a02006, elle devient, \u00e0 33\u00a0ans, la plus jeune procureure g\u00e9n\u00e9rale de Roumanie et la premi\u00e8re femme nomm\u00e9e \u00e0 ce poste.<\/p>\n<p>\u00ab\u00a0Il fallait \u00e0 l\u2019\u00e9poque renouveler le domaine judiciaire, qui \u00e9tait marqu\u00e9 par une corruption end\u00e9mique, mais aussi par un \u00e2ge tr\u00e8s \u00e9lev\u00e9 des procureurs, souligne Sergiu Miscoiu, professeur de sciences politiques \u00e0 l\u2019Universit\u00e9 de Cluj en Roumanie. Et \u00e0 la diff\u00e9rence d&rsquo;une grande partie de ses confr\u00e8res, elle a opt\u00e9 pour le m\u00e9tier de procureur, alors que tout le monde voulait devenir avocat. Et ceci lui a permis, par sa comp\u00e9tence et par son abn\u00e9gation, d&rsquo;avoir une carri\u00e8re rapide.\u00a0\u00bb<\/p>\n<p>En 2013, elle est nomm\u00e9e \u00e0 la t\u00eate de la Direction nationale anticorruption et part en croisade contre la classe politique roumaine\u2026 avec des r\u00e9sultats spectaculaires. \u00ab\u00a0Elle a fait condamner un ancien Premier ministre, d\u2019autres ministres et parlementaires qui ont \u00e9t\u00e9 jug\u00e9s pour la premi\u00e8re fois de l\u2019histoire de la Roumanie. Elle a \u00e9t\u00e9 accus\u00e9e d\u2019\u00eatre instrumentalis\u00e9e \u00e0 des fins politiques, mais finalement, les Roumains ont c\u00e9l\u00e9br\u00e9 le fait qu\u2019apr\u00e8s vingt ann\u00e9es de quasi-impunit\u00e9, personne ne se trouvait \u00e0 l\u2019abri de la justice\u00a0: ni les s\u00e9nateurs, ni les d\u00e9put\u00e9s, ni les ministres.\u00a0\u00bb<\/p>\n<p> <strong>D\u00e9ni de r\u00e9alit\u00e9<\/strong> <\/p>\n<p>Un style et une m\u00e9thode que Laura K\u00f6vesi tente d\u2019appliquer au niveau europ\u00e9en. \u00c0 sa nomination en\u00a02021, elle part de z\u00e9ro puisque le Bureau du parquet g\u00e9n\u00e9ral europ\u00e9en vient tout juste d\u2019\u00eatre cr\u00e9\u00e9 par\u00a024 des\u00a027 pays de l\u2019UE (le <strong><a href=\"https:\/\/www.rfi.fr\/fr\/tag\/danemark\/\" target=\"_self\" class=\"gtm-add-suggested-tag\" rel=\"nofollow noopener\">Danemark<\/a><\/strong>, l\u2019<strong><a href=\"https:\/\/www.rfi.fr\/fr\/tag\/irlande\/\" target=\"_self\" class=\"gtm-add-suggested-tag\" rel=\"nofollow noopener\">Irlande<\/a><\/strong> et la <strong><a href=\"https:\/\/www.rfi.fr\/fr\/tag\/hongrie\/\" target=\"_self\" class=\"gtm-add-suggested-tag\" rel=\"nofollow noopener\">Hongrie<\/a><\/strong> ont refus\u00e9 d\u2019en faire partie). Il a fallu recruter des \u00e9quipes et des procureurs dans chaque pays. Mais le r\u00e9sultat est l\u00e0\u00a0: plus de 2\u00a0000\u00a0enqu\u00eates ouvertes en\u00a02024 pour un pr\u00e9judice estim\u00e9 \u00e0 plus de 20\u00a0milliards d\u2019euros.<\/p>\n<p>Des r\u00e9sultats salu\u00e9s par l\u2019eurod\u00e9put\u00e9e belge Saskia Bricmont, membre \u00e9cologiste de la Commission justice et libert\u00e9s civiles du Parlement europ\u00e9en. \u00ab\u00a0Que ce soit devant nous, au Parlement europ\u00e9en, que ce soit via la presse, et elle l&rsquo;a encore montr\u00e9 ces derniers jours, que ce soit dans son travail, elle n&rsquo;y va pas par quatre chemins, elle n&rsquo;utilise pas la langue de bois et elle dit les choses comme elles sont. La rigueur de son travail montre des r\u00e9sultats, puisque ce sont des dizaines de milliards d&rsquo;euros qui sont derri\u00e8re le travail effectu\u00e9 par le parquet europ\u00e9en.\u00a0\u00bb\u00a0<\/p>\n<p>Une efficacit\u00e9 qui d\u00e9range\u00a0? Dans certains pays, Laura K\u00f6vesi se heurte aux r\u00e9ticences et parfois \u00e0 la mauvaise volont\u00e9 des autorit\u00e9s. Le gouvernement grec lui a ainsi demand\u00e9 de \u00ab\u00a0s\u2019en tenir \u00e0 ses comp\u00e9tences\u00a0\u00bb alors qu\u2019elle enqu\u00eatait sur plusieurs affaires de corruption touchant aux subventions europ\u00e9ennes.<\/p>\n<p>La cheffe du parquet europ\u00e9en d\u00e9nonce \u00e9galement le d\u00e9ni de r\u00e9alit\u00e9 des dirigeants europ\u00e9ens et des institutions face \u00e0 la corruption et \u00e0 la criminalit\u00e9 organis\u00e9e qui gangr\u00e8ne la fiscalit\u00e9 et les douanes europ\u00e9ennes. Avec, \u00e0 la cl\u00e9, d\u2019immenses manques \u00e0 gagner pour les finances publiques de l\u2019UE et des pays concern\u00e9s. \u00ab\u00a0Les \u00c9tats membres ne mettent pas en \u0153uvre les moyens judiciaires et policiers suffisants pour lutter contre cette fraude et r\u00e9cup\u00e9rer l\u2019argent qui manque aujourd\u2019hui cruellement aux finances publiques, abonde Saskia Bricmont. Il y a clairement un manque de volont\u00e9 politique de s&rsquo;attaquer clairement \u00e0 la fraude de la TVA et d\u2019autres probl\u00e9matiques, comme la criminalit\u00e9 environnementale.\u00a0\u00bb<\/p>\n<p>Confront\u00e9e \u00e0 des enqu\u00eates tentaculaires et \u00e0 des moyens r\u00e9duits, Laura K\u00f6vesi demande et esp\u00e8re davantage de fonds, d\u2019enqu\u00eateurs et de procureurs dans chaque pays. Surtout si son champ d\u2019action s\u2019agrandit comme le souhaitent certains pays membres de l\u2019UE \u2013\u00a0\u00e0 l\u2019image de la France et de l&rsquo;<strong><a href=\"https:\/\/www.rfi.fr\/fr\/tag\/allemagne\/\" target=\"_self\" class=\"gtm-add-suggested-tag\" rel=\"nofollow noopener\">Allemagne<\/a><\/strong> qui appellent \u00e0 confier au Parquet europ\u00e9en les enqu\u00eates pour violations des sanctions contre la <strong><a href=\"https:\/\/www.rfi.fr\/fr\/tag\/russie\/\" target=\"_self\" class=\"gtm-add-suggested-tag\" rel=\"nofollow noopener\">Russie<\/a><\/strong>. \u00a0<\/p>\n","protected":false},"excerpt":{"rendered":"R\u00e9tablir le contr\u00f4le dans les ports europ\u00e9ens et restaurer l\u2019autorit\u00e9 fiscale de l\u2019UE\u00a0: c\u2019est l\u2019ambition de Laura K\u00f6vesi,&hellip;\n","protected":false},"author":2,"featured_media":453178,"comment_status":"","ping_status":"","sticky":false,"template":"","format":"standard","meta":{"footnotes":""},"categories":[1586],"tags":[11,1770,1777,674,1779,19690,1011,27,12,25,4868,1778,364],"class_list":{"0":"post-453177","1":"post","2":"type-post","3":"status-publish","4":"format-standard","5":"has-post-thumbnail","7":"category-europe","8":"tag-actualites","9":"tag-corruption","10":"tag-eu","11":"tag-europe","12":"tag-european-union","13":"tag-europeen-de-la-semaine","14":"tag-fr","15":"tag-france","16":"tag-news","17":"tag-republique-francaise","18":"tag-roumanie","19":"tag-ue","20":"tag-union-europeenne"},"share_on_mastodon":{"url":"https:\/\/pubeurope.com\/@fr\/115351380544441801","error":""},"_links":{"self":[{"href":"https:\/\/www.europesays.com\/fr\/wp-json\/wp\/v2\/posts\/453177","targetHints":{"allow":["GET"]}}],"collection":[{"href":"https:\/\/www.europesays.com\/fr\/wp-json\/wp\/v2\/posts"}],"about":[{"href":"https:\/\/www.europesays.com\/fr\/wp-json\/wp\/v2\/types\/post"}],"author":[{"embeddable":true,"href":"https:\/\/www.europesays.com\/fr\/wp-json\/wp\/v2\/users\/2"}],"replies":[{"embeddable":true,"href":"https:\/\/www.europesays.com\/fr\/wp-json\/wp\/v2\/comments?post=453177"}],"version-history":[{"count":0,"href":"https:\/\/www.europesays.com\/fr\/wp-json\/wp\/v2\/posts\/453177\/revisions"}],"wp:featuredmedia":[{"embeddable":true,"href":"https:\/\/www.europesays.com\/fr\/wp-json\/wp\/v2\/media\/453178"}],"wp:attachment":[{"href":"https:\/\/www.europesays.com\/fr\/wp-json\/wp\/v2\/media?parent=453177"}],"wp:term":[{"taxonomy":"category","embeddable":true,"href":"https:\/\/www.europesays.com\/fr\/wp-json\/wp\/v2\/categories?post=453177"},{"taxonomy":"post_tag","embeddable":true,"href":"https:\/\/www.europesays.com\/fr\/wp-json\/wp\/v2\/tags?post=453177"}],"curies":[{"name":"wp","href":"https:\/\/api.w.org\/{rel}","templated":true}]}}