{"id":45318,"date":"2025-04-23T00:58:11","date_gmt":"2025-04-23T00:58:11","guid":{"rendered":"https:\/\/www.europesays.com\/fr\/45318\/"},"modified":"2025-04-23T00:58:11","modified_gmt":"2025-04-23T00:58:11","slug":"voyage-dans-limaginaire-avec-le-salon-jeunesse-trouville-sur-livres","status":"publish","type":"post","link":"https:\/\/www.europesays.com\/fr\/45318\/","title":{"rendered":"Voyage dans l&rsquo;imaginaire avec le salon jeunesse Trouville-sur-Livres"},"content":{"rendered":"<p>            Par<br \/>\n        <strong><br \/>\n            <a href=\"https:\/\/actu.fr\/auteur\/aline-scherling\" title=\"Consulter tous les articles de aline.scherfling\" rel=\"nofollow noopener\" target=\"_blank\">aline.scherfling<\/a><br \/>\n        <\/strong><\/p>\n<p>        Publi\u00e9 le<\/p>\n<p>            22 avr. 2025 \u00e0 19h30        <\/p>\n<p>Le salon du livre <a href=\"https:\/\/www.trouvillesurmer.org\/temps-fort\/trouville-sur-livres-jeunesse\/#:~:text=%C3%89dition%202025&amp;text=Le%20samedi%2026%20avril%2C%20plongez,la%20petite%20enfance%20aux%20adolescents.\" rel=\"nofollow noopener\" target=\"_blank\">Trouville-sur-Livre jeunesse<\/a> revient samedi 26 avril \u00e0 la <a href=\"https:\/\/www.trouville.fr\/bibliotheque\/\" rel=\"nofollow noopener\" target=\"_blank\">biblioth\u00e8que municipale de Trouville-sur-Mer<\/a> (Calvados) pour sa 22e \u00e9dition. Toute la journ\u00e9e, <b>vingt auteurs et illustrateurs viendront \u00e9changer \u00e0 propos de leurs derniers ouvrages.<\/b> Au total, c\u2019est une centaine d\u2019ouvrages qui seront pr\u00e9sent\u00e9s, et disponibles \u00e0 la vente.<\/p>\n<p>\u00ab\u00a0Amener les jeunes \u00e0 la lecture\u00a0\u00bb<\/p>\n<p class=\" wall-content\"><a href=\"https:\/\/actu.fr\/normandie\/trouville-sur-mer_14715\/une-trentaine-dauteurs-prevue-au-festival-trouville-sur-livres-jeunesse-ce-samedi_60924249.html\" rel=\"nofollow noopener\" target=\"_blank\">L\u2019ann\u00e9e derni\u00e8re<\/a>, plus de 1 000\u00a0visiteurs s\u2019\u00e9taient rendus au salon, tandis qu\u2019en <a href=\"https:\/\/actu.fr\/normandie\/trouville-sur-mer_14715\/20e-salon-du-livre-jeunesse-a-trouville-a-la-rencontre-de-trois-talents-du-pays-dauge_59661932.html\" rel=\"nofollow noopener\" target=\"_blank\">2023<\/a>, ils \u00e9taient 800. Une diff\u00e9rence corr\u00e9l\u00e9e avec le changement de date du salon en fin des vacances de printemps, auparavant en juin.<\/p>\n<p class=\" wall-content\"><b>\u00ab Nous souhaitons amener des jeunes \u00e0 la lecture \u00bb<\/b>, explique Isabelle Drong, adjointe \u00e0 la culture \u00e0 Trouville-sur-Mer. C\u2019est pourquoi, parmi les auteurs pr\u00e9sents, \u00ab il y en a <b>pour tous les \u00e2ges<\/b>, sans oublier les adolescents \u00bb, selon Carole Lebrun, en charge de la section jeunesse de la biblioth\u00e8que.<\/p>\n<p>Une caravane pour \u00e9couter des contes<\/p>\n<p class=\" wall-content\">Chaque ann\u00e9e, Trouville-sur-Livre propose une animation diff\u00e9rente. Pour cette \u00e9dition, une <b>\u00ab caraconte \u00bb<\/b> sera install\u00e9e : dans sa caravane, le conteur <a href=\"https:\/\/www.musiconte.fr\/portfolio-item\/joel-gauliard\/\" rel=\"nofollow noopener\" target=\"_blank\">Jo\u00ebl Gauliard<\/a> fera voyager son jeune public \u00e0 travers des histoires. \u00ab Avec l\u2019intimit\u00e9 d\u2019un petit groupe et la proximit\u00e9 du conteur, on pourrait dire qu\u2019entrer dans la Caraconte c\u2019est comme entrer dans un livre \u00bb, r\u00e9sument les organisateurs.<\/p>\n<p class=\" wall-content\">Tous les \u00e9l\u00e8ves des \u00e9coles maternelles et primaires, publiques et priv\u00e9es trouvillaises auront l\u2019occasion de d\u00e9couvrir des ouvrages du salon du livre. En effet, alors que la biblioth\u00e8que sera <b>exceptionnellement ferm\u00e9e vendredi 16\u00a0avril<\/b> pour pr\u00e9parer l\u2019\u00e9v\u00e9nement, cinq auteurs iront directement \u00e0 la rencontre des scolaires. Ainsi, <b>tous les jeunes trouvillais auront eu l\u2019occasion de d\u00e9couvrir de nouveaux ouvrages.<\/b><\/p>\n<p>Samedi 26\u00a0avril, de 11 h \u00e0 13 h et de 14 h 30 \u00e0 18 h 30, \u00e0 la biblioth\u00e8que municipale de Trouville-sur-Mer. Entr\u00e9e libre. Liste des auteurs sur le site : www.trouville.fr\/bibliotheque.<\/p>\n<p>Vid\u00e9os : en ce moment sur Actu<\/p>\n<p class=\" wall-content\">Suivez toute l\u2019actualit\u00e9 de vos villes et m\u00e9dias favoris en vous inscrivant \u00e0 <a href=\"https:\/\/moncompte.actu.fr\" title=\"D\u00e9couvez Mon Actu\" rel=\"nofollow noopener\" data-trk=\"{&quot;cta&quot;:{&quot;action&quot;:&quot;https:\\\/\\\/moncompte.actu.fr&quot;,&quot;category&quot;:&quot;mon compte&quot;,&quot;from&quot;:&quot;article footer&quot;,&quot;name&quot;:&quot;Mon actu&quot;,&quot;type&quot;:&quot;cta&quot;}}\" target=\"_blank\">Mon Actu<\/a>.<\/p>\n","protected":false},"excerpt":{"rendered":"Par aline.scherfling Publi\u00e9 le 22 avr. 2025 \u00e0 19h30 Le salon du livre Trouville-sur-Livre jeunesse revient samedi 26&hellip;\n","protected":false},"author":2,"featured_media":45319,"comment_status":"","ping_status":"","sticky":false,"template":"","format":"standard","meta":{"footnotes":""},"categories":[1357],"tags":[1379,58,1719,59,1011,27,1380,1652],"class_list":{"0":"post-45318","1":"post","2":"type-post","3":"status-publish","4":"format-standard","5":"has-post-thumbnail","7":"category-livres","8":"tag-books","9":"tag-divertissement","10":"tag-enfants","11":"tag-entertainment","12":"tag-fr","13":"tag-france","14":"tag-livres","15":"tag-loisirs-culture"},"share_on_mastodon":{"url":"https:\/\/pubeurope.com\/@fr\/114384568606360365","error":""},"_links":{"self":[{"href":"https:\/\/www.europesays.com\/fr\/wp-json\/wp\/v2\/posts\/45318","targetHints":{"allow":["GET"]}}],"collection":[{"href":"https:\/\/www.europesays.com\/fr\/wp-json\/wp\/v2\/posts"}],"about":[{"href":"https:\/\/www.europesays.com\/fr\/wp-json\/wp\/v2\/types\/post"}],"author":[{"embeddable":true,"href":"https:\/\/www.europesays.com\/fr\/wp-json\/wp\/v2\/users\/2"}],"replies":[{"embeddable":true,"href":"https:\/\/www.europesays.com\/fr\/wp-json\/wp\/v2\/comments?post=45318"}],"version-history":[{"count":0,"href":"https:\/\/www.europesays.com\/fr\/wp-json\/wp\/v2\/posts\/45318\/revisions"}],"wp:featuredmedia":[{"embeddable":true,"href":"https:\/\/www.europesays.com\/fr\/wp-json\/wp\/v2\/media\/45319"}],"wp:attachment":[{"href":"https:\/\/www.europesays.com\/fr\/wp-json\/wp\/v2\/media?parent=45318"}],"wp:term":[{"taxonomy":"category","embeddable":true,"href":"https:\/\/www.europesays.com\/fr\/wp-json\/wp\/v2\/categories?post=45318"},{"taxonomy":"post_tag","embeddable":true,"href":"https:\/\/www.europesays.com\/fr\/wp-json\/wp\/v2\/tags?post=45318"}],"curies":[{"name":"wp","href":"https:\/\/api.w.org\/{rel}","templated":true}]}}